{"id":495995,"date":"2025-10-28T18:42:10","date_gmt":"2025-10-28T18:42:10","guid":{"rendered":"https:\/\/www.europesays.com\/fr\/495995\/"},"modified":"2025-10-28T18:42:10","modified_gmt":"2025-10-28T18:42:10","slug":"ce-soir-en-inde-au-royaume-uni-et-au-japon","status":"publish","type":"post","link":"https:\/\/www.europesays.com\/fr\/495995\/","title":{"rendered":"Ce soir en Inde au Royaume-Uni et au Japon"},"content":{"rendered":"<p class=\"PopSlotParagraph qg-tx2 qg-xtra-lh svelte-1r0pyek\"><strong>Mais aussi<\/strong><\/p>\n<p class=\"PopSlotParagraph qg-tx2 qg-xtra-lh svelte-1r0pyek\">Pol\u00e9mique au <strong>Royaume-Uni<\/strong> \u00a0apr\u00e8s la publication hier d&rsquo;un rapport d&rsquo;un comit\u00e9 de d\u00e9put\u00e9s qui d\u00e9nonce le co\u00fbt en milliards de livres allou\u00e9s \u00e0 l&rsquo;h\u00e9bergement de demandeurs d&rsquo;asile dans des h\u00f4tels sociaux. De quoi raviver la col\u00e8re de la branche \u00e0 anti-immigration au Royaume-Uni.<\/p>\n<p class=\"PopSlotParagraph qg-tx2 qg-xtra-lh svelte-1r0pyek\"><strong>Au Japon<\/strong> o\u00f9 le maire d&rsquo;Osaka fait la promotion de sa ville.<br \/>Hideyuki Yokoyama, \u00e0 la t\u00eate de la grande ville portuaire r\u00e9put\u00e9e pour sa gastronomie et ses quartiers anim\u00e9s, esp\u00e8re voir Osaka nomm\u00e9e capitale secondaire du Japon.<\/p>\n","protected":false},"excerpt":{"rendered":"Mais aussi Pol\u00e9mique au Royaume-Uni \u00a0apr\u00e8s la publication hier d&rsquo;un rapport d&rsquo;un comit\u00e9 de d\u00e9put\u00e9s qui d\u00e9nonce le&hellip;\n","protected":false},"author":2,"featured_media":495996,"comment_status":"","ping_status":"","sticky":false,"template":"","format":"standard","meta":{"footnotes":""},"categories":[1588],"tags":[11,1777,674,12,473,1853,1851,1850,1852],"class_list":{"0":"post-495995","1":"post","2":"type-post","3":"status-publish","4":"format-standard","5":"has-post-thumbnail","7":"category-royaume-uni","8":"tag-actualites","9":"tag-eu","10":"tag-europe","11":"tag-news","12":"tag-royaume-uni","13":"tag-royaume-uni-de-grande-bretagne-et-dirlande-du-nord","14":"tag-uk","15":"tag-united-kingdom","16":"tag-united-kingdom-of-great-britain-and-northern-ireland"},"share_on_mastodon":{"url":"https:\/\/pubeurope.com\/@fr\/115453266815108212","error":""},"_links":{"self":[{"href":"https:\/\/www.europesays.com\/fr\/wp-json\/wp\/v2\/posts\/495995","targetHints":{"allow":["GET"]}}],"collection":[{"href":"https:\/\/www.europesays.com\/fr\/wp-json\/wp\/v2\/posts"}],"about":[{"href":"https:\/\/www.europesays.com\/fr\/wp-json\/wp\/v2\/types\/post"}],"author":[{"embeddable":true,"href":"https:\/\/www.europesays.com\/fr\/wp-json\/wp\/v2\/users\/2"}],"replies":[{"embeddable":true,"href":"https:\/\/www.europesays.com\/fr\/wp-json\/wp\/v2\/comments?post=495995"}],"version-history":[{"count":0,"href":"https:\/\/www.europesays.com\/fr\/wp-json\/wp\/v2\/posts\/495995\/revisions"}],"wp:featuredmedia":[{"embeddable":true,"href":"https:\/\/www.europesays.com\/fr\/wp-json\/wp\/v2\/media\/495996"}],"wp:attachment":[{"href":"https:\/\/www.europesays.com\/fr\/wp-json\/wp\/v2\/media?parent=495995"}],"wp:term":[{"taxonomy":"category","embeddable":true,"href":"https:\/\/www.europesays.com\/fr\/wp-json\/wp\/v2\/categories?post=495995"},{"taxonomy":"post_tag","embeddable":true,"href":"https:\/\/www.europesays.com\/fr\/wp-json\/wp\/v2\/tags?post=495995"}],"curies":[{"name":"wp","href":"https:\/\/api.w.org\/{rel}","templated":true}]}}