{"id":495999,"date":"2025-10-28T18:44:10","date_gmt":"2025-10-28T18:44:10","guid":{"rendered":"https:\/\/www.europesays.com\/fr\/495999\/"},"modified":"2025-10-28T18:44:10","modified_gmt":"2025-10-28T18:44:10","slug":"pour-sa-securite-leurope-passe-a-la-vitesse-superieure-dans-un-systeme-spatial-de-defense","status":"publish","type":"post","link":"https:\/\/www.europesays.com\/fr\/495999\/","title":{"rendered":"Pour sa s\u00e9curit\u00e9, l\u2019Europe passe \u00e0 la vitesse sup\u00e9rieure dans un syst\u00e8me spatial de d\u00e9fense"},"content":{"rendered":"<p>\n    <strong>D\u00c9CRYPTAGE &#8211; <\/strong>L\u2019Agence spatiale europ\u00e9enne propose la mise en commun des satellites militaires et commerciaux d\u2019observation de la Terre.<\/p>\n<p class=\"fig-paragraph\">Se r\u00e9armer. Et vite. L\u2019Europe prend de plus en plus conscience qu\u2019elle doit passer \u00e0 la vitesse sup\u00e9rieure pour assurer sa d\u00e9fense et sa s\u00e9curit\u00e9 face \u00e0 la menace russe. La guerre d\u2019agression contre l\u2019Ukraine, plus r\u00e9cemment, l\u2019impr\u00e9visibilit\u00e9 de son alli\u00e9 am\u00e9ricain, l\u2019obligent \u00e0 agir. L\u2019urgence est de renforcer, de fa\u00e7on massive, les budgets et les capacit\u00e9s\u00a0<a href=\"https:\/\/video.lefigaro.fr\/figaro\/spacex-un-drone-militaire-spatial-lance-avec-succes-par-une-fusee-falcon-9-20250822\" data-fig-type=\"Video\" data-gtm-custom-categorie=\"navigation\" data-gtm-custom-action=\"crossclick\" data-gtm-custom-label=\"Contextuel\" data-gtm-event=\"customEventSPE\" data-fig-domain=\"LEFIGARO\" rel=\"nofollow noopener\" target=\"_blank\">spatiales militaires<\/a>\u00a0europ\u00e9ennes, dont les arm\u00e9es ne peuvent plus se passer pour leurs op\u00e9rations.<\/p>\n<p class=\"fig-body-link\">\n            \u00c0 lire aussi<br \/>\n        <a class=\"fig-body-link__link fig-premium-mark\" href=\"http:\/\/www.lefigaro.fr\/economie\/l-etat-francais-peut-requisitionner-un-satellite-prive-les-objets-et-services-spatiaux-passent-sous-regime-militaire-20250127\" data-fig-type=\"Article\" data-gtm-custom-categorie=\"navigation\" data-gtm-custom-action=\"crossclick\" data-gtm-custom-label=\"Contextuel\" data-gtm-event=\"customEventSPE\" data-fig-domain=\"LEFIGARO\" rel=\"nofollow noopener\" target=\"_blank\"><\/p>\n<p>        \u00abL\u2019\u00c9tat fran\u00e7ais peut r\u00e9quisitionner un satellite priv\u00e9\u00bb: les objets et services spatiaux passent sous r\u00e9gime militaire<br \/>\n    <\/a>\n<\/p>\n<p class=\"fig-paragraph\">\u00ab\u00a0L\u2019Europe doit passer \u00e0 la vitesse sup\u00e9rieure\u00a0: son budget spatial militaire ne repr\u00e9sente que 15\u00a0% de ses investissements dans l\u2019espace, contre 50\u00a0% en moyenne dans le reste du monde\u00a0\u00bb, a d\u00e9clar\u00e9 Josef Aschbacher, directeur g\u00e9n\u00e9ral de l\u2019Agence spatiale europ\u00e9enne (Esa), en marge d\u2019une conf\u00e9rence conjointe organis\u00e9e, ce mardi \u00e0 Bruxelles, avec l\u2019Institut europ\u00e9en de politique spatiale (Espi). Avec 41 satellites militaires en service (46 avec ceux du Royaume-Uni) contre 267 pour les \u00c9tats-Unis, 157 pour la Chine et 110 pour la\u2026<\/p>\n<p class=\"fig-premium-paywall__infos\">\n        Cet article est r\u00e9serv\u00e9 aux abonn\u00e9s.        Il vous reste 83% \u00e0 d\u00e9couvrir.\n    <\/p>\n<p>                <img  data- alt=\"Le Figaro\" class=\"fig-img--complete fig-img\"\/><\/p>\n<p class=\"fig-premium-paywall__title\">Vous avez envie de lire la suite ?<\/p>\n<p class=\"fig-premium-paywall__subtitle\">D\u00e9bloquez tous les articles imm\u00e9diatement.<\/p>\n<p class=\"fig-premium-paywall__connect\">\n                D\u00e9j\u00e0 abonn\u00e9\u00a0?                <a class=\"fig-premium-paywall__connect-link\" href=\"https:\/\/connect.lefigaro.fr\/login?client=horizon_web&amp;type=main&amp;redirect_uri=https%3A%2F%2Fwww.lefigaro.fr%2Feconomie%2Fpour-sa-securite-l-europe-passe-a-la-vitesse-superieure-dans-un-systeme-spatial-de-defense-20251028\" data-js-gtm=\"{&quot;customCategorie&quot;: &quot;conversion&quot;, &quot;customAction&quot;: &quot;before_Landing_Connexion_paywall_auto&quot;, &quot;customLabel&quot;: &quot;bGVmaWdhcm8uZnJfXzFmMGI0MDNiLWQwOGMtNjI0Ni1hYjQ0LTE5ZTIxNDZlNjIwOV9fQXJ0aWNsZQ==_Pour sa s\u00e9curit\u00e9, l\u2019Europe passe \u00e0 la vitesse sup\u00e9rieure dans un syst\u00e8me spatial de d\u00e9fense_540&quot;, &quot;customIDSPE&quot;: &quot;bGVmaWdhcm8uZnJfXzFmMGI0MDNiLWQwOGMtNjI0Ni1hYjQ0LTE5ZTIxNDZlNjIwOV9fQXJ0aWNsZQ==&quot;, &quot;event&quot;: &quot;customEventSPE&quot;}\" rel=\"nofollow noopener\" target=\"_blank\"><br \/>\n                    Connectez-vous<br \/>\n                <\/a>\n            <\/p>\n","protected":false},"excerpt":{"rendered":"D\u00c9CRYPTAGE &#8211; L\u2019Agence spatiale europ\u00e9enne propose la mise en commun des satellites militaires et commerciaux d\u2019observation de la&hellip;\n","protected":false},"author":2,"featured_media":496000,"comment_status":"","ping_status":"","sticky":false,"template":"","format":"standard","meta":{"footnotes":""},"categories":[1586],"tags":[11,2196,554,6447,1777,674,1011,27,12,25,671],"class_list":{"0":"post-495999","1":"post","2":"type-post","3":"status-publish","4":"format-standard","5":"has-post-thumbnail","7":"category-europe","8":"tag-actualites","9":"tag-commission-europeenne","10":"tag-defense","11":"tag-esa","12":"tag-eu","13":"tag-europe","14":"tag-fr","15":"tag-france","16":"tag-news","17":"tag-republique-francaise","18":"tag-spatial"},"share_on_mastodon":{"url":"https:\/\/pubeurope.com\/@fr\/115453274803370005","error":""},"_links":{"self":[{"href":"https:\/\/www.europesays.com\/fr\/wp-json\/wp\/v2\/posts\/495999","targetHints":{"allow":["GET"]}}],"collection":[{"href":"https:\/\/www.europesays.com\/fr\/wp-json\/wp\/v2\/posts"}],"about":[{"href":"https:\/\/www.europesays.com\/fr\/wp-json\/wp\/v2\/types\/post"}],"author":[{"embeddable":true,"href":"https:\/\/www.europesays.com\/fr\/wp-json\/wp\/v2\/users\/2"}],"replies":[{"embeddable":true,"href":"https:\/\/www.europesays.com\/fr\/wp-json\/wp\/v2\/comments?post=495999"}],"version-history":[{"count":0,"href":"https:\/\/www.europesays.com\/fr\/wp-json\/wp\/v2\/posts\/495999\/revisions"}],"wp:featuredmedia":[{"embeddable":true,"href":"https:\/\/www.europesays.com\/fr\/wp-json\/wp\/v2\/media\/496000"}],"wp:attachment":[{"href":"https:\/\/www.europesays.com\/fr\/wp-json\/wp\/v2\/media?parent=495999"}],"wp:term":[{"taxonomy":"category","embeddable":true,"href":"https:\/\/www.europesays.com\/fr\/wp-json\/wp\/v2\/categories?post=495999"},{"taxonomy":"post_tag","embeddable":true,"href":"https:\/\/www.europesays.com\/fr\/wp-json\/wp\/v2\/tags?post=495999"}],"curies":[{"name":"wp","href":"https:\/\/api.w.org\/{rel}","templated":true}]}}