{"id":496012,"date":"2025-10-28T18:52:14","date_gmt":"2025-10-28T18:52:14","guid":{"rendered":"https:\/\/www.europesays.com\/fr\/496012\/"},"modified":"2025-10-28T18:52:14","modified_gmt":"2025-10-28T18:52:14","slug":"a-paris-valentin-vacherot-confirme-son-nouveau-statut-au-sein-du-gotha-du-tennis-mondial-je-ne-crois-pas-etre-sur-un-nuage-le-monde-fr","status":"publish","type":"post","link":"https:\/\/www.europesays.com\/fr\/496012\/","title":{"rendered":"A Paris, Valentin Vacherot confirme son nouveau statut au sein du gotha du tennis mondial : \u00ab Je ne crois pas \u00eatre sur un nuage \u00bb &#8211; Le Monde.fr"},"content":{"rendered":"<ol>\n<li><a href=\"https:\/\/news.google.com\/rss\/articles\/CBMilwJBVV95cUxOYzh3Y1B2NWpmdG0zS3RRTnFVZXZ1aUFZREgxSldsZFo3bERHclM1ZU5aNHE0LTZkUXI5X2J3UDdfTEhsYWl2NTEtVXBVTm11MU9HS0tTZjlTVWlILUcwbkpvRUk3TkxPTmQxWnhuTndrN1ZNN1NUeFd3c0thNzlsNmIyWjFnaUFnYVFRR21wZzFoTVUzTndwZjU3OXR4UzhiR1BZN3VQUHpzZFMyUEhOaGF2cW9UaFAtMWdqYWZnckk4aF8wM09jRUZLRDlHMHNsM1F6STB6ZFVSTWw0b1VzbVZEYXFDVDkxc3BTLWFqczBzUXZLQWVWYlJ0OWxXRXBPM0hKZVJDRGJGVDZRUnkwdFE1aTVvOXc?oc=5\" target=\"_blank\" rel=\"nofollow noopener\">A Paris, Valentin Vacherot confirme son nouveau statut au sein du gotha du tennis mondial : \u00ab Je ne crois pas \u00eatre sur un nuage \u00bb<\/a>&nbsp;&nbsp;Le Monde.fr<\/li>\n<li><a href=\"https:\/\/news.google.com\/rss\/articles\/CBMiuAJBVV95cUxPVXRYdC1FRkhOa2lBVXhrVFRmeG83a09wdXVVaWI3c0hlQ3VQeDN3Nm4zMnNtZGxGdnBRV1lJU050UkNuTEs1Q3paQVo4bkpaMzZPM0J5eHZrVlJJSG5rTnpKbFJsdllzZks1TjdvbUZrUm9HaC00MVJRVld6Z1A1X0puWGh3M3pCMGU0WjFCa3lRTk05SjlGNkUzU0Y1UDBKcEhfWUpXemxGeVRPc2FVUkdldlZjVGNsZklJRjRkd3p0eFRWTUZ4OURZLWltS1VsWlR2N2tOcU5LQmhKcjI1SWVTaWlINDF4Q1NGdG9BRW5Lc3NZYXBUNlMyZktNaVU2OE45MWtjTzk3T3BQSVdYenZweVRFdHFEMzhWLXFJWEttLUFTOU4zTzZGbFFQNEw0UEFYLUE1eC0?oc=5\" target=\"_blank\" rel=\"nofollow noopener\">D\u00e9j\u00e0 l&rsquo;heure des retrouvailles : Valentin Vacherot rejoint son cousin Arthur Rinderknech au deuxi\u00e8me tour du Rolex Paris Masters apr\u00e8s sa victoire face \u00e0 Jiri Lehecka<\/a>&nbsp;&nbsp;L&rsquo;\u00c9quipe<\/li>\n<li><a href=\"https:\/\/news.google.com\/rss\/articles\/CBMimwJBVV95cUxPeFYtaFhQVW83eFRfNXNCWlBkUkozejdHdm5JQWNSM0VNTldyQzN4MzQ0eHNzYU1TaWRNeXg4eXo1RDF0SnBJRy1LRlU5cnVBdnItMjhsT2dxcEZDYzFQS3hUNUJtekVUc0NjXzdKMUsyTDNvanN0X1FDQ3kwYUhXcUtnNHVmMXhwbTFld2stWmhON0t1Y05wZ2lhWkFjbzdDWWZrLVlKQ3dIQ0xSZ2toWE51Y01GWUJraWxLUDZkUkJFamdXZVV3SE9qdC1DZnRfSy1tcVdVVmFUdFR0bEJNTWVobnhQM1EzX2dETHotUGRTUlVMSloyMHROWXNzNWRjQlNzS3N3bTJCRVZzNk9KemFpa1hLVTkwa3VJ?oc=5\" target=\"_blank\" rel=\"nofollow noopener\">Vacherot, le r\u00eave continue : \u00ab\u00a0Je regarde \u00e7a avec des yeux d&rsquo;enfant\u00a0\u00bb<\/a>&nbsp;&nbsp;Eurosport<\/li>\n<li><a href=\"https:\/\/news.google.com\/rss\/articles\/CBMi9AFBVV95cUxOaGdBb0VBTEJCeGVWdVlFdE9KRFdpYm0wMFBvU3RPbWM2MVRaYlZRVDNiVE9YUzMzbnBzU2g2bGdPTG9fUUwxV3dDQTI0dzB0dnBtZUlEYUFhQjJzbUtGQTUwYzhfNHhrTWdMNXFLdkstUFRULWxNSEpwZXpvYTBHOFBkdUotU2stZnR1eTJPTUpYUnlKcmJ4OVQ4RWRxOHRrcDB4VFNoNlZaaTEzSFd4alNWb1FUSFplOTltUXpGb3B3djI4azNIQWtKZzZybG1adXNXRFhwQ3V3LXVIZko2R1U5ZXUza05LZ2NKWS1aWThpZnN60gHzAUFVX3lxTE9FZ19ta0NJV05DVWcwdDViXzdKc0JmNUdSUnYwTmhaRENtZHVpY0xsUGtWVE9kNG9Tai1rbmItdTdmQ3pzcks3b0FKVURkRTExaDExdGFXMk1tT1F4TGVqdE1qQnFqbi01X21WQ2pmd3JVczhPaE9nRjJXMVRTNmVOa2hESE9UTkJCYTV6TVExa0VXS1RsNl9VaGdlSFhIYWdoZXdvNkhYeVZyWDZHSGlJUzVPN1V2blFWUkZybjhWV2FWSkJFZkVxQzBiV3FOM3lrZzlsaGJESV96TTRGZnRXX19WRnVoMmE5WnY4NnctdHVXNA?oc=5\" target=\"_blank\" rel=\"nofollow noopener\">ATP &#8211; Rolex Paris Masters : Vacherot balaye Lehecka et rejoint Rinderknech pour une nouvelle cousinade ! : Sports &#8211; Orange<\/a>&nbsp;&nbsp;Sports &#8211; Orange<\/li>\n<li><a href=\"https:\/\/news.google.com\/rss\/articles\/CBMijgFBVV95cUxPa1Z0aHpiTUhOdFVfeU8yMkJQZU8xZmpVZFJYb2pvU25qcU5lZldPRDBrZ2F1TjZ1SXVDX0QxYW1CbXpBNmJNY1VMN3lmWWxDM3Q3VmVwQmRyZlBTeGExTzZLbWh4eFlwckdKcFVFeFJxOWVraTNaRTBzU3gyWktZLXJaX2pkekxyTnhpcDRB?oc=5\" target=\"_blank\" rel=\"nofollow noopener\">Rolex Paris Masters : une cousinade acte II et un duel d&rsquo;artistes<\/a>&nbsp;&nbsp;F\u00e9d\u00e9ration Fran\u00e7aise de Tennis<\/li>\n<\/ol>\n","protected":false},"excerpt":{"rendered":"A Paris, Valentin Vacherot confirme son nouveau statut au sein du gotha du tennis mondial : \u00ab Je&hellip;\n","protected":false},"author":2,"featured_media":496013,"comment_status":"","ping_status":"","sticky":false,"template":"","format":"standard","meta":{"footnotes":""},"categories":[1415],"tags":[1011,27,60,1467],"class_list":{"0":"post-496012","1":"post","2":"type-post","3":"status-publish","4":"format-standard","5":"has-post-thumbnail","7":"category-tennis","8":"tag-fr","9":"tag-france","10":"tag-sports","11":"tag-tennis"},"share_on_mastodon":{"url":"https:\/\/pubeurope.com\/@fr\/115453305974960799","error":""},"_links":{"self":[{"href":"https:\/\/www.europesays.com\/fr\/wp-json\/wp\/v2\/posts\/496012","targetHints":{"allow":["GET"]}}],"collection":[{"href":"https:\/\/www.europesays.com\/fr\/wp-json\/wp\/v2\/posts"}],"about":[{"href":"https:\/\/www.europesays.com\/fr\/wp-json\/wp\/v2\/types\/post"}],"author":[{"embeddable":true,"href":"https:\/\/www.europesays.com\/fr\/wp-json\/wp\/v2\/users\/2"}],"replies":[{"embeddable":true,"href":"https:\/\/www.europesays.com\/fr\/wp-json\/wp\/v2\/comments?post=496012"}],"version-history":[{"count":0,"href":"https:\/\/www.europesays.com\/fr\/wp-json\/wp\/v2\/posts\/496012\/revisions"}],"wp:featuredmedia":[{"embeddable":true,"href":"https:\/\/www.europesays.com\/fr\/wp-json\/wp\/v2\/media\/496013"}],"wp:attachment":[{"href":"https:\/\/www.europesays.com\/fr\/wp-json\/wp\/v2\/media?parent=496012"}],"wp:term":[{"taxonomy":"category","embeddable":true,"href":"https:\/\/www.europesays.com\/fr\/wp-json\/wp\/v2\/categories?post=496012"},{"taxonomy":"post_tag","embeddable":true,"href":"https:\/\/www.europesays.com\/fr\/wp-json\/wp\/v2\/tags?post=496012"}],"curies":[{"name":"wp","href":"https:\/\/api.w.org\/{rel}","templated":true}]}}