{"id":496024,"date":"2025-10-28T19:03:17","date_gmt":"2025-10-28T19:03:17","guid":{"rendered":"https:\/\/www.europesays.com\/fr\/496024\/"},"modified":"2025-10-28T19:03:17","modified_gmt":"2025-10-28T19:03:17","slug":"que-devient-shirley-henderson-lactrice-qui-incarne-mimi-geignarde","status":"publish","type":"post","link":"https:\/\/www.europesays.com\/fr\/496024\/","title":{"rendered":"Que devient Shirley Henderson l\u2019actrice qui incarne Mimi Geignarde ?"},"content":{"rendered":"<p>Ce mardi 28 octobre 2025, \u00e0 21h10, TF1 diffuse Harry Potter et la Chambre des Secrets. C&rsquo;est dans ce second volet que Harry, Ron et Hermione rencontrent Mimi Geignarde, un personnage qui passe difficilement inaper\u00e7u. L&rsquo;occasion de se demander ce que devient Shirley Henderson, l&rsquo;actrice qui l&rsquo;incarne.<\/p>\n<p>Bien que sa pr\u00e9sence \u00e0 l&rsquo;\u00e9cran soit moins importante que celle d&rsquo;autres personnages, le fant\u00f4me Mimi Geignarde demeure une figure embl\u00e9matique de la saga Harry Potter,<a href=\"https:\/\/www.programme-tv.net\/news\/cinema\/274373-mort-dhelen-mccrory-jk-rowling-helen-mirren-et-lequipe-de-peaky-blinders-rendent-hommage-a-lactrice-decedee-a-52-ans\/\" data-api-deeplink=\"teleloisirs:\/\/news\/274373\" rel=\"nofollow noopener\" target=\"_blank\"> univers imagin\u00e9 par J.K. Rowling<\/a>. Elle a particuli\u00e8rement marqu\u00e9 les esprits <a href=\"https:\/\/www.programme-tv.net\/news\/cinema\/313013-pourquoi-la-scene-de-la-foret-dans-harry-potter-et-la-chambre-des-secret-fut-un-veritable-cauchemar-pour-rupert-grint-ron-weasley\/\" data-api-deeplink=\"teleloisirs:\/\/news\/313013\" rel=\"nofollow noopener\" target=\"_blank\">dans le deuxi\u00e8me opus, Harry Potter et la Chambre des Secrets<\/a>, diffus\u00e9 ce mardi 28 octobre 2025 \u00e0 21h10 sur TF1. Ce jeune esprit, incarn\u00e9 par Shirley Henderson, a \u00e9lu domicile dans les toilettes des filles du deuxi\u00e8me \u00e9tage et effraie les \u00e9l\u00e8ves de Poudlard avec son caract\u00e8re acari\u00e2tre. \u00c0 l&rsquo;occasion de la diffusion du film, T\u00e9l\u00e9-Loisirs se penche sur la carri\u00e8re de l&rsquo;actrice depuis ce r\u00f4le qui a particuli\u00e8rement contribu\u00e9 \u00e0 sa renomm\u00e9e aupr\u00e8s du grand public.<\/p>\n<p>Shirley Henderson : visage reconnu de la saga Harry Potter, mais \u00e9galement celui de la saga Bridget Jones <\/p>\n<p>Depuis sa participation au film Harry Potter, la Chambre des secrets, <a href=\"https:\/\/www.programme-tv.net\/news\/series-tv\/380388-fans-de-harry-potter-vous-ne-reconnaitrez-jamais-mimi-geignarde-dans-la-serie-numero-1-de-netflix-photo\/\" data-api-deeplink=\"teleloisirs:\/\/news\/380388\" rel=\"nofollow noopener\" target=\"_blank\">Shirley Henderson n&rsquo;a pas ch\u00f4m\u00e9<\/a> ! En effet, elle a pris part \u00e0 de nombreuses productions et \u00e0 d&rsquo;autres sagas populaires. L&rsquo;actrice revient ainsi r\u00e9guli\u00e8rement dans la saga Bridget Jones dans le r\u00f4le de Jude, la meilleure amie de l&rsquo;h\u00e9ro\u00efne. On retrouve l&rsquo;actrice dans la peau de ce personnage en 2004, dans le volet intitul\u00e9 L&rsquo;\u00e2ge de raison, en 2016 dans Bridget Jones Baby, et en 2025 dans Bridget Jones Folle de Lui. Si la com\u00e9dienne s&rsquo;est beaucoup consacr\u00e9e \u00e0 des r\u00f4les secondaires durant sa carri\u00e8re, dans certains films, elle est sur le devant de la sc\u00e8ne. R\u00e9cemment, on a pu le constater dans un D\u00eener \u00e0 l&rsquo;anglaise sorti salle en 2023. Elle y joue Sarah, une londonienne qui vit en couple avec Tom. Tout n&rsquo;est cependant pas rose pour les amoureux, qui traversent de s\u00e9rieux probl\u00e8mes financiers. Apr\u00e8s avoir finalement fait le choix de vendre leur maison, Ils d\u00e9cident d&rsquo;organiser une petite soir\u00e9e d&rsquo;adieu. Les tourtereaux ne s&rsquo;attendaient cependant pas \u00e0 ce que l&rsquo;une des convives se pende dans le jardin. Une trag\u00e9die qui risque de compromettre la vente de la maison\u2026 Or, Sarah et Tom sont pr\u00eats \u00e0 tout pour vendre leur bien.<\/p>\n<p>                        Quel \u00e2ge Shirley Henderson avait-t-elle au moment du tournage de Harry Potter et la Chambre des secrets ?<\/p>\n<p>Si elle joue l&rsquo;esprit d&rsquo;une \u00e9tudiante dans la saga Harry Potter, Shirley Henderson \u00e9tait bien loin d&rsquo;avoir l&rsquo;\u00e2ge d&rsquo;une coll\u00e9gienne au moment de la r\u00e9alisation du second volet. En effet, la com\u00e9dienne \u00e9tant n\u00e9e en 1965, elle avait donc 37 ans au moment de la sortie du film en 2002 ! Un fant\u00f4me bien conserv\u00e9e&#8230;<\/p>\n","protected":false},"excerpt":{"rendered":"Ce mardi 28 octobre 2025, \u00e0 21h10, TF1 diffuse Harry Potter et la Chambre des Secrets. C&rsquo;est dans&hellip;\n","protected":false},"author":2,"featured_media":496025,"comment_status":"","ping_status":"","sticky":false,"template":"","format":"standard","meta":{"footnotes":""},"categories":[1354],"tags":[61843,244,58,59,1346,1011,27,6610,10659,1360,61844,8648],"class_list":{"0":"post-496024","1":"post","2":"type-post","3":"status-publish","4":"format-standard","5":"has-post-thumbnail","7":"category-films","8":"tag-bridget-jones","9":"tag-commentaire","10":"tag-divertissement","11":"tag-entertainment","12":"tag-films","13":"tag-fr","14":"tag-france","15":"tag-harry-potter","16":"tag-j-k-rowling","17":"tag-movies","18":"tag-que-devient","19":"tag-tmc"},"share_on_mastodon":{"url":"https:\/\/pubeurope.com\/@fr\/115453349682905010","error":""},"_links":{"self":[{"href":"https:\/\/www.europesays.com\/fr\/wp-json\/wp\/v2\/posts\/496024","targetHints":{"allow":["GET"]}}],"collection":[{"href":"https:\/\/www.europesays.com\/fr\/wp-json\/wp\/v2\/posts"}],"about":[{"href":"https:\/\/www.europesays.com\/fr\/wp-json\/wp\/v2\/types\/post"}],"author":[{"embeddable":true,"href":"https:\/\/www.europesays.com\/fr\/wp-json\/wp\/v2\/users\/2"}],"replies":[{"embeddable":true,"href":"https:\/\/www.europesays.com\/fr\/wp-json\/wp\/v2\/comments?post=496024"}],"version-history":[{"count":0,"href":"https:\/\/www.europesays.com\/fr\/wp-json\/wp\/v2\/posts\/496024\/revisions"}],"wp:featuredmedia":[{"embeddable":true,"href":"https:\/\/www.europesays.com\/fr\/wp-json\/wp\/v2\/media\/496025"}],"wp:attachment":[{"href":"https:\/\/www.europesays.com\/fr\/wp-json\/wp\/v2\/media?parent=496024"}],"wp:term":[{"taxonomy":"category","embeddable":true,"href":"https:\/\/www.europesays.com\/fr\/wp-json\/wp\/v2\/categories?post=496024"},{"taxonomy":"post_tag","embeddable":true,"href":"https:\/\/www.europesays.com\/fr\/wp-json\/wp\/v2\/tags?post=496024"}],"curies":[{"name":"wp","href":"https:\/\/api.w.org\/{rel}","templated":true}]}}