{"id":496030,"date":"2025-10-28T19:06:11","date_gmt":"2025-10-28T19:06:11","guid":{"rendered":"https:\/\/www.europesays.com\/fr\/496030\/"},"modified":"2025-10-28T19:06:11","modified_gmt":"2025-10-28T19:06:11","slug":"france-inter-lhumoriste-marie-sinfiltre-deja-exfiltree-de-la-matinale","status":"publish","type":"post","link":"https:\/\/www.europesays.com\/fr\/496030\/","title":{"rendered":"France Inter\u00a0: l\u2019humoriste Marie s\u2019infiltre d\u00e9j\u00e0 exfiltr\u00e9e de la matinale"},"content":{"rendered":"<p class=\"paragraph text_align_left lp-f-body-02\">Moins de deux mois et puis s\u2019en va. Selon nos informations, l\u2019humoriste <a href=\"https:\/\/www.leparisien.fr\/faits-divers\/lhumoriste-marie-sinfiltre-affirme-avoir-ete-chassee-dun-bar-de-marseille-parce-quelle-etait-juive-28-07-2025-BYV6OVJNXBHSHG624H2U6GGHKY.php\" target=\"_blank\" rel=\"noreferrer noopener\">Marie s\u2019infiltre<\/a> ne reviendra pas dans la <a href=\"https:\/\/www.leparisien.fr\/culture-loisirs\/tv\/adele-van-reeth-patronne-de-france-inter-nicolas-demorand-avait-tres-envie-de-rester-a-la-matinale-26-06-2025-HOL2B3M6OVDYJBQWFBBSU4KVAY.php\" target=\"_blank\" rel=\"noreferrer noopener\">\u00ab Grande matinale \u00bb de France Inter<\/a> apr\u00e8s les vacances de la Toussaint. <a href=\"https:\/\/www.leparisien.fr\/culture-loisirs\/tv\/france-inter-marie-sinfiltre-francois-rollin-mahaut-drama-et-lisa-perrio-nouveaux-humoristes-de-la-radio-22-08-2025-Q7CIB6DJA5D5NDKZLRBPIM4ERA.php\" target=\"_blank\" rel=\"noreferrer noopener\">Recrut\u00e9e fin ao\u00fbt \u00e0 la surprise g\u00e9n\u00e9rale, la chroniqueuse de 34 ans<\/a> \u00e9tait loin de faire l\u2019unanimit\u00e9 dans la case humour quotidienne de 8h55 qu\u2019elle partage avec Fran\u00e7ois Morel, Sophia Aram, David Castello-Lopes et le <a href=\"https:\/\/www.leparisien.fr\/culture-loisirs\/tv\/jai-totale-carte-blanche-mosimann-arrive-sur-france-inter-pour-creer-des-chansons-delirantes-24-08-2025-PU4SFDQIAFCYZGCKLHF4IQDBG4.php\" target=\"_blank\" rel=\"noreferrer noopener\">DJ Mosimann<\/a>.<\/p>\n<p class=\"paragraph text_align_left lp-f-body-02\">Sa derni\u00e8re apparition \u00e0 l\u2019antenne remonte au 6 octobre. Elle avait alors propos\u00e9 en direct sa septi\u00e8me \u00ab Masterclass culot \u00bb. Le lundi suivant, \u00e0 la veille de la d\u00e9claration de politique g\u00e9n\u00e9rale du nouveau Premier ministre <a href=\"https:\/\/www.leparisien.fr\/politique\/sebastien-lecornu\/\" target=\"_blank\" rel=\"noreferrer noopener\">S\u00e9bastien Lecornu<\/a>, toutes les chroniques de la matinale de la radio publique avaient \u00e9t\u00e9 supprim\u00e9es pour un grand d\u00e9bat sur l\u2019instabilit\u00e9 politique.<\/p>\n<p class=\"paragraph text_align_left lp-f-body-02\">Depuis le 20 octobre, c\u2019est un personnage d\u00e9nomm\u00e9 V\u00e9ro Clederman-Pilouchet, sous lequel se cache le com\u00e9dien Thomas Poitevin (d\u00e9couvert avec le seul en sc\u00e8ne \u00ab Thomas joue ses perruques \u00bb), qui a repris le rendez-vous hebdomadaire.<\/p>\n<p>Ses cartes blanches ont laiss\u00e9 de marbre nombre d\u2019auditeurs<\/p>\n<p class=\"paragraph text_align_left lp-f-body-02\">\u00ab Apr\u00e8s nous avoir accompagn\u00e9s depuis la rentr\u00e9e, Marie s\u2019infiltre va d\u00e9sormais se consacrer pleinement \u00e0 sa tourn\u00e9e \u00bb, a laconiquement r\u00e9pondu la direction de la station, se refusant \u00e0 tout autre commentaire. Cette derni\u00e8re a rendez-vous le 20 d\u00e9cembre sur la sc\u00e8ne de l\u2019Accor Arena avec son spectacle \u00ab Culot \u00bb, pour clore une tourn\u00e9e d\u2019une quinzaine de dates aux quatre coins du pays.<\/p>\n<p class=\"paragraph text_align_left lp-f-body-02\">Sa s\u00e9rie de cartes blanches a laiss\u00e9 de marbre nombre d\u2019auditeurs. Mais Marie s\u2019en moque. \u00ab J\u2019ai ador\u00e9 les critiques qui sont parues sur mes chroniques de France Inter parce qu\u2019elles disaient On ne rit pas. Et moi, je me suis dit : c\u2019est vrai, on ne rit pas. Mais parce que je ne suis pas une humoriste. Je peux parfois utiliser le comique mais je ne suis pas une humoriste, et je ne suis pas l\u00e0 pour faire rire. Je ne fais pas rire. Mon objectif n\u2019est pas de faire rire \u00bb, expliquait-elle fin septembre sur le plateau de \u00ab C \u00e0 vous \u00bb.<\/p>\n<p class=\"paragraph text_align_left lp-f-body-02\">France Inter n\u2019\u00e9tait visiblement pas tout \u00e0 fait sur la m\u00eame longueur d\u2019ondes. Et a choisi d\u2019exfiltrer discr\u00e8tement la jeune femme \u00e0 peine d\u00e9but\u00e9e cette <a href=\"https:\/\/www.leparisien.fr\/culture-loisirs\/tv\/lea-salame-prend-le-20-heures-de-france-2-et-quitte-la-matinale-de-france-inter-19-06-2025-EHS6ND3YDVHAPEOVGO2TGU5LI4.php\" target=\"_blank\" rel=\"noreferrer noopener\">saison de tous les changements apr\u00e8s le d\u00e9part de L\u00e9a Salam\u00e9 en juin<\/a>. Les toutes premi\u00e8res audiences de cette nouvelle grille sont attendues le jeudi 13 novembre.<\/p>\n","protected":false},"excerpt":{"rendered":"Moins de deux mois et puis s\u2019en va. Selon nos informations, l\u2019humoriste Marie s\u2019infiltre ne reviendra pas dans&hellip;\n","protected":false},"author":2,"featured_media":496031,"comment_status":"","ping_status":"","sticky":false,"template":"","format":"standard","meta":{"footnotes":""},"categories":[8],"tags":[872,58,59,1011,27,2205],"class_list":{"0":"post-496030","1":"post","2":"type-post","3":"status-publish","4":"format-standard","5":"has-post-thumbnail","7":"category-divertissement","8":"tag-culture-et-loisirs","9":"tag-divertissement","10":"tag-entertainment","11":"tag-fr","12":"tag-france","13":"tag-television-medias"},"share_on_mastodon":{"url":"https:\/\/pubeurope.com\/@fr\/115453361214800389","error":""},"_links":{"self":[{"href":"https:\/\/www.europesays.com\/fr\/wp-json\/wp\/v2\/posts\/496030","targetHints":{"allow":["GET"]}}],"collection":[{"href":"https:\/\/www.europesays.com\/fr\/wp-json\/wp\/v2\/posts"}],"about":[{"href":"https:\/\/www.europesays.com\/fr\/wp-json\/wp\/v2\/types\/post"}],"author":[{"embeddable":true,"href":"https:\/\/www.europesays.com\/fr\/wp-json\/wp\/v2\/users\/2"}],"replies":[{"embeddable":true,"href":"https:\/\/www.europesays.com\/fr\/wp-json\/wp\/v2\/comments?post=496030"}],"version-history":[{"count":0,"href":"https:\/\/www.europesays.com\/fr\/wp-json\/wp\/v2\/posts\/496030\/revisions"}],"wp:featuredmedia":[{"embeddable":true,"href":"https:\/\/www.europesays.com\/fr\/wp-json\/wp\/v2\/media\/496031"}],"wp:attachment":[{"href":"https:\/\/www.europesays.com\/fr\/wp-json\/wp\/v2\/media?parent=496030"}],"wp:term":[{"taxonomy":"category","embeddable":true,"href":"https:\/\/www.europesays.com\/fr\/wp-json\/wp\/v2\/categories?post=496030"},{"taxonomy":"post_tag","embeddable":true,"href":"https:\/\/www.europesays.com\/fr\/wp-json\/wp\/v2\/tags?post=496030"}],"curies":[{"name":"wp","href":"https:\/\/api.w.org\/{rel}","templated":true}]}}