{"id":496036,"date":"2025-10-28T19:09:10","date_gmt":"2025-10-28T19:09:10","guid":{"rendered":"https:\/\/www.europesays.com\/fr\/496036\/"},"modified":"2025-10-28T19:09:10","modified_gmt":"2025-10-28T19:09:10","slug":"en-direct-jamaique-louragan-melissa-est-la-plus-puissante-tempete-tropicale-de-2025-dans-le-monde-liberation","status":"publish","type":"post","link":"https:\/\/www.europesays.com\/fr\/496036\/","title":{"rendered":"EN DIRECT &#8211; Jama\u00efque : l\u2019ouragan Melissa est la plus puissante temp\u00eate tropicale de 2025 dans le monde \u2013 Lib\u00e9ration"},"content":{"rendered":"<p class=\"sc-cPiKLX AiZTS text-element\">Malgr\u00e9 plusieurs pr\u00e9c\u00e9dents, comme <a href=\"https:\/\/www.liberation.fr\/environnement\/climat\/precocite-puissance-vitesse-dintensification-pourquoi-louragan-beryl-est-exceptionnel-20240702_OF6RLEIVKZA7RC3UO4ZDBR3B3M\/\" target=\"_blank\" rel=\"noreferrer nofollow noopener\" title=\"https:\/\/www.liberation.fr\/environnement\/climat\/precocite-puissance-vitesse-dintensification-pourquoi-louragan-beryl-est-exceptionnel-20240702_OF6RLEIVKZA7RC3UO4ZDBR3B3M\/\">l\u2019ouragan B\u00e9ryl<\/a> l\u2019an pass\u00e9, dont les stigmates sont toujours visibles, et des pr\u00e9visions inqui\u00e9tantes, de nombreux habitants refusent d\u2019\u00e9vacuer. \u00abM\u00eame s\u2019il \u00e9tait de cat\u00e9gorie 6, je ne bougerais pas\u00bb, a par exemple expliqu\u00e9 un plombier-carreleur \u00e0 Port-Royal, petite bourgade c\u00f4ti\u00e8re pr\u00e8s de la capitale Kingston. Selon lui, beaucoup de gens ont gard\u00e9 de mauvais souvenirs des abris anti-ouragans propos\u00e9s par les autorit\u00e9s. Plus de 800 lieux ont \u00e9t\u00e9 recens\u00e9s comme refuges possibles. Le NHC a recommand\u00e9 aux personnes n\u2019ayant pas pu les rejoindre de se r\u00e9fugier dans une pi\u00e8ce sans fen\u00eatres, de se \u00abcouvrir avec un matelas\u00bb ou de porter un casque. Selon la Croix-Rouge, au moins 1,5 million de personnes, sur les 2,8 millions d\u2019habitants de l\u2019\u00eele, pourraient \u00eatre touch\u00e9es par Melissa. <\/p>\n","protected":false},"excerpt":{"rendered":"Malgr\u00e9 plusieurs pr\u00e9c\u00e9dents, comme l\u2019ouragan B\u00e9ryl l\u2019an pass\u00e9, dont les stigmates sont toujours visibles, et des pr\u00e9visions inqui\u00e9tantes,&hellip;\n","protected":false},"author":2,"featured_media":496037,"comment_status":"","ping_status":"","sticky":false,"template":"","format":"standard","meta":{"footnotes":""},"categories":[5],"tags":[11,33409,1011,27,14,59749,12,61845,28],"class_list":{"0":"post-496036","1":"post","2":"type-post","3":"status-publish","4":"format-standard","5":"has-post-thumbnail","7":"category-international","8":"tag-actualites","9":"tag-catastrophes-naturelles","10":"tag-fr","11":"tag-france","12":"tag-international","13":"tag-jamaique","14":"tag-news","15":"tag-ouragan-melissa","16":"tag-world"},"share_on_mastodon":{"url":"https:\/\/pubeurope.com\/@fr\/115453373011211416","error":""},"_links":{"self":[{"href":"https:\/\/www.europesays.com\/fr\/wp-json\/wp\/v2\/posts\/496036","targetHints":{"allow":["GET"]}}],"collection":[{"href":"https:\/\/www.europesays.com\/fr\/wp-json\/wp\/v2\/posts"}],"about":[{"href":"https:\/\/www.europesays.com\/fr\/wp-json\/wp\/v2\/types\/post"}],"author":[{"embeddable":true,"href":"https:\/\/www.europesays.com\/fr\/wp-json\/wp\/v2\/users\/2"}],"replies":[{"embeddable":true,"href":"https:\/\/www.europesays.com\/fr\/wp-json\/wp\/v2\/comments?post=496036"}],"version-history":[{"count":0,"href":"https:\/\/www.europesays.com\/fr\/wp-json\/wp\/v2\/posts\/496036\/revisions"}],"wp:featuredmedia":[{"embeddable":true,"href":"https:\/\/www.europesays.com\/fr\/wp-json\/wp\/v2\/media\/496037"}],"wp:attachment":[{"href":"https:\/\/www.europesays.com\/fr\/wp-json\/wp\/v2\/media?parent=496036"}],"wp:term":[{"taxonomy":"category","embeddable":true,"href":"https:\/\/www.europesays.com\/fr\/wp-json\/wp\/v2\/categories?post=496036"},{"taxonomy":"post_tag","embeddable":true,"href":"https:\/\/www.europesays.com\/fr\/wp-json\/wp\/v2\/tags?post=496036"}],"curies":[{"name":"wp","href":"https:\/\/api.w.org\/{rel}","templated":true}]}}