{"id":496052,"date":"2025-10-28T19:18:11","date_gmt":"2025-10-28T19:18:11","guid":{"rendered":"https:\/\/www.europesays.com\/fr\/496052\/"},"modified":"2025-10-28T19:18:11","modified_gmt":"2025-10-28T19:18:11","slug":"le-salon-de-soins-et-bien-etre-itinerant-de-la-fondation-loreal-passe-par-montpellier","status":"publish","type":"post","link":"https:\/\/www.europesays.com\/fr\/496052\/","title":{"rendered":"Le salon de soins et bien-\u00eatre itin\u00e9rant de la Fondation L\u2019Or\u00e9al passe par Montpellier"},"content":{"rendered":"<p>\n                                                                Un salon itin\u00e9rant qui propose des ateliers de socio-esth\u00e9tique aux femmes en situation de vuln\u00e9rabilit\u00e9 et d\u2019isolement, telle est l\u2019initiative de la Fondation L\u2019Or\u00e9al. Ce salon a fait \u00e9tape \u00e0 Montpellier.\n                            <\/p>\n<p>Des \u00e9preuves dans la vie, tout le monde en traverse. Certaines fragilisent le corps, d\u2019autres l\u2019estime de soi, parfois tout en m\u00eame temps. \u00ab\u00a0L\u2019une des premi\u00e8res choses que l\u2019on met de c\u00f4t\u00e9, c\u2019est soi. Alors, pour toutes ces femmes en situation de vuln\u00e9rabilit\u00e9 et d\u2019isolement, on veut leur dire qu\u2019on les voit et qu\u2019on est l\u00e0 pour elles. C\u2019est ainsi que la Fondation L\u2019Or\u00e9al a eu l\u2019id\u00e9e de mettre en place un salon de soins et de bien-\u00eatre itin\u00e9rant en 2019\u00a0\u00bb, raconte Hayatte Maazouza, directrice du programme Beauty for a Better Life \u00e0 la fondation.<\/p>\n<p>Au c\u0153ur des quartiers prioritaires et des zones rurales<\/p>\n<p>Pour sa cinqui\u00e8me \u00e9dition, le salon de soins et de bien-\u00eatre itin\u00e9rant\u00a0fait escale pour la premi\u00e8re fois en Occitanie. Il est \u00e0\u00a0Montpellier depuis le\u00a028 et y sera aussi le 29\u00a0octobre, place Gis\u00e8le Halimi, dans le quartier de la Mosson. Parce que la vocation de ce dispositif est de se rendre dans les quartiers prioritaires et en zones rurales pour permettre \u00e0 ces femmes de b\u00e9n\u00e9ficier des ateliers de socio-esth\u00e9tique, d\u2019une dur\u00e9e d\u2019une heure.<\/p>\n<p>Toutes les femmes qui y participeront ont \u00e9t\u00e9 identifi\u00e9es par les associations locales \u0153uvrant \u00e0 leur accompagnement au quotidien. Depuis le lancement de cette initiative, 8\u00a0500 femmes en ont b\u00e9n\u00e9fici\u00e9. \u00ab\u00a0Au terme de cette tourn\u00e9e, qui a d\u00e9but\u00e9 le 12\u00a0mai dernier, on devrait atteindre 9\u00a0000 femmes. On se rend compte combien les besoins sont importants. C\u2019est la raison pour laquelle nous reconduisons cette initiative pour aller l\u00e0 o\u00f9 les dispositifs autour du soin sont peu ou pas accessibles\u00a0\u00bb, conclut\u00a0Hayatte Maazouza.<\/p>\n","protected":false},"excerpt":{"rendered":"Un salon itin\u00e9rant qui propose des ateliers de socio-esth\u00e9tique aux femmes en situation de vuln\u00e9rabilit\u00e9 et d\u2019isolement, telle&hellip;\n","protected":false},"author":2,"featured_media":496053,"comment_status":"","ping_status":"","sticky":false,"template":"","format":"standard","meta":{"footnotes":""},"categories":[9599],"tags":[1111,11,1777,674,1011,27,2208,12,2680,25],"class_list":{"0":"post-496052","1":"post","2":"type-post","3":"status-publish","4":"format-standard","5":"has-post-thumbnail","7":"category-montpellier","8":"tag-actu","9":"tag-actualites","10":"tag-eu","11":"tag-europe","12":"tag-fr","13":"tag-france","14":"tag-montpellier","15":"tag-news","16":"tag-occitanie","17":"tag-republique-francaise"},"share_on_mastodon":{"url":"https:\/\/pubeurope.com\/@fr\/115453408712850512","error":""},"_links":{"self":[{"href":"https:\/\/www.europesays.com\/fr\/wp-json\/wp\/v2\/posts\/496052","targetHints":{"allow":["GET"]}}],"collection":[{"href":"https:\/\/www.europesays.com\/fr\/wp-json\/wp\/v2\/posts"}],"about":[{"href":"https:\/\/www.europesays.com\/fr\/wp-json\/wp\/v2\/types\/post"}],"author":[{"embeddable":true,"href":"https:\/\/www.europesays.com\/fr\/wp-json\/wp\/v2\/users\/2"}],"replies":[{"embeddable":true,"href":"https:\/\/www.europesays.com\/fr\/wp-json\/wp\/v2\/comments?post=496052"}],"version-history":[{"count":0,"href":"https:\/\/www.europesays.com\/fr\/wp-json\/wp\/v2\/posts\/496052\/revisions"}],"wp:featuredmedia":[{"embeddable":true,"href":"https:\/\/www.europesays.com\/fr\/wp-json\/wp\/v2\/media\/496053"}],"wp:attachment":[{"href":"https:\/\/www.europesays.com\/fr\/wp-json\/wp\/v2\/media?parent=496052"}],"wp:term":[{"taxonomy":"category","embeddable":true,"href":"https:\/\/www.europesays.com\/fr\/wp-json\/wp\/v2\/categories?post=496052"},{"taxonomy":"post_tag","embeddable":true,"href":"https:\/\/www.europesays.com\/fr\/wp-json\/wp\/v2\/tags?post=496052"}],"curies":[{"name":"wp","href":"https:\/\/api.w.org\/{rel}","templated":true}]}}