{"id":496056,"date":"2025-10-28T19:20:10","date_gmt":"2025-10-28T19:20:10","guid":{"rendered":"https:\/\/www.europesays.com\/fr\/496056\/"},"modified":"2025-10-28T19:20:10","modified_gmt":"2025-10-28T19:20:10","slug":"a-cause-dune-fissure-cette-bretelle-dautoroute-pres-de-rouen-va-devoir-fermer","status":"publish","type":"post","link":"https:\/\/www.europesays.com\/fr\/496056\/","title":{"rendered":"\u00c0 cause d&rsquo;une fissure, cette bretelle d&rsquo;autoroute pr\u00e8s de Rouen va devoir fermer"},"content":{"rendered":"<p>            Par<br \/>\n        <strong><br \/>\n            <a href=\"https:\/\/actu.fr\/auteur\/yann-rivallan\" title=\"Consulter tous les articles de Yann Rivallan\" target=\"_blank\" rel=\"noopener\">Yann Rivallan<\/a><br \/>\n        <\/strong><\/p>\n<p>        Publi\u00e9 le<\/p>\n<p>            28 oct. 2025 \u00e0 20h12        <\/p>\n<p>Votre route risque d\u2019\u00eatre perturb\u00e9e. Si vous avez l\u2019habitude de passer par <strong>l\u2019autoroute A150<\/strong>, sachez que <strong>l\u2019\u00e9changeur de Canteleu<\/strong>, pour rejoindre notamment la commune de Maromme, pr\u00e8s de <a href=\"https:\/\/actu.fr\/normandie\/rouen_76540\" target=\"_blank\" rel=\"noopener\">Rouen<\/a>, va \u00eatre ferm\u00e9 pendant deux jours \u00e0 cause d\u2019une <strong>fissure<\/strong>.<\/p>\n<p>Une fissure d\u00e9couverte<\/p>\n<p class=\" wall-content\">C\u2019est dans un communiqu\u00e9 que la Dirno (Direction interd\u00e9partementale des routes nord-ouest) annonce <strong>des travaux<\/strong> pour r\u00e9parer cette fissure d\u00e9couverte \u00ab\u2009le long de la bretelle de sortie\u2009\u00bb.<\/p>\n<p class=\" wall-content\">Pour l\u2019heure, une partie de la voie de droite a \u00e9t\u00e9 neutralis\u00e9e pour \u00e9viter que des v\u00e9hicules n\u2019aggravent la fissure. De plus, la Dirno indique que les poids lourds ont d\u2019ores et d\u00e9j\u00e0 interdiction de circuler sur cette bretelle.<\/p>\n<p>La bretelle de sortie ferm\u00e9e pendant deux jours<\/p>\n<p class=\" wall-content\">En cons\u00e9quence, des travaux sont n\u00e9cessaires. La Dirno va donc fermer cette sortie pendant deux jours, <strong>du mercredi 29\u00a0octobre<\/strong> \u00e0 9h du matin,<strong> jusqu\u2019au jeudi 30\u00a0octobre<\/strong> 2025 \u00e0 16h.<\/p>\n<p class=\" wall-content\">Apr\u00e8s avoir proc\u00e9d\u00e9 \u00e0 des \u00e9tudes sur la fissure, le service des routes a fait appel \u00e0 une entreprise de travaux publics pour \u00ab\u2009raboter la chauss\u00e9e\u2009\u00bb. Ensuite, cette entreprise devrait \u00ab\u2009reconstituer une chauss\u00e9e provisoire\u2009\u00bb pour permettre \u00e0 la circulation de reprendre.<\/p>\n<p><a href=\"https:\/\/static.actu.fr\/uploads\/2025\/10\/plan-deviation-fermeture-bretelle-canteleu-v2.pdf\" target=\"_blank\" rel=\"noopener\">Afficher ou t\u00e9l\u00e9charger le fichier.<\/a><\/p>\n<p class=\" wall-content\">Pendant toute la dur\u00e9e des travaux, <strong>une d\u00e9viation<\/strong> sera mise en place au niveau de l\u2019\u00e9changeur de la Vaupali\u00e8re. Le suivant apr\u00e8s celui de Canteleu.<\/p>\n<p>Vid\u00e9os : en ce moment sur ActuSuivez l\u2019actualit\u00e9 de Rouen sur <a href=\"https:\/\/www.whatsapp.com\/channel\/0029VaKfnf99hXF2ddApFB1D\" target=\"_blank\" rel=\"noopener\">notre cha\u00eene WhatsApp<\/a> et sur <a href=\"https:\/\/www.tiktok.com\/@76actu.fr?lang=fr\" target=\"_blank\" rel=\"noopener\">notre compte TikTok<\/a><\/p>\n<p class=\" wall-content\">Personnalisez votre actualit\u00e9 en ajoutant vos villes et m\u00e9dias en favori avec <a href=\"https:\/\/moncompte.actu.fr\" title=\"D\u00e9couvez Mon Actu\" rel=\"nofollow noopener\" data-trk=\"{&quot;cta&quot;:{&quot;action&quot;:&quot;https:\\\/\\\/moncompte.actu.fr&quot;,&quot;category&quot;:&quot;mon compte&quot;,&quot;from&quot;:&quot;article footer&quot;,&quot;name&quot;:&quot;Mon actu&quot;,&quot;type&quot;:&quot;cta&quot;}}\" target=\"_blank\">Mon Actu<\/a>.<\/p>\n<p>                    <script async src=\"\/\/www.tiktok.com\/embed.js\"><\/script><\/p>\n","protected":false},"excerpt":{"rendered":"Par Yann Rivallan Publi\u00e9 le 28 oct. 2025 \u00e0 20h12 Votre route risque d\u2019\u00eatre perturb\u00e9e. Si vous avez&hellip;\n","protected":false},"author":2,"featured_media":496057,"comment_status":"","ping_status":"","sticky":false,"template":"","format":"standard","meta":{"footnotes":""},"categories":[9587],"tags":[1111,11,11131,1777,674,1011,27,12,5161,25,9590,104,2086],"class_list":{"0":"post-496056","1":"post","2":"type-post","3":"status-publish","4":"format-standard","5":"has-post-thumbnail","7":"category-rouen","8":"tag-actu","9":"tag-actualites","10":"tag-autoroute-a150","11":"tag-eu","12":"tag-europe","13":"tag-fr","14":"tag-france","15":"tag-news","16":"tag-normandie","17":"tag-republique-francaise","18":"tag-rouen","19":"tag-societe","20":"tag-travaux"},"share_on_mastodon":{"url":"https:\/\/pubeurope.com\/@fr\/115453416203837367","error":""},"_links":{"self":[{"href":"https:\/\/www.europesays.com\/fr\/wp-json\/wp\/v2\/posts\/496056","targetHints":{"allow":["GET"]}}],"collection":[{"href":"https:\/\/www.europesays.com\/fr\/wp-json\/wp\/v2\/posts"}],"about":[{"href":"https:\/\/www.europesays.com\/fr\/wp-json\/wp\/v2\/types\/post"}],"author":[{"embeddable":true,"href":"https:\/\/www.europesays.com\/fr\/wp-json\/wp\/v2\/users\/2"}],"replies":[{"embeddable":true,"href":"https:\/\/www.europesays.com\/fr\/wp-json\/wp\/v2\/comments?post=496056"}],"version-history":[{"count":0,"href":"https:\/\/www.europesays.com\/fr\/wp-json\/wp\/v2\/posts\/496056\/revisions"}],"wp:featuredmedia":[{"embeddable":true,"href":"https:\/\/www.europesays.com\/fr\/wp-json\/wp\/v2\/media\/496057"}],"wp:attachment":[{"href":"https:\/\/www.europesays.com\/fr\/wp-json\/wp\/v2\/media?parent=496056"}],"wp:term":[{"taxonomy":"category","embeddable":true,"href":"https:\/\/www.europesays.com\/fr\/wp-json\/wp\/v2\/categories?post=496056"},{"taxonomy":"post_tag","embeddable":true,"href":"https:\/\/www.europesays.com\/fr\/wp-json\/wp\/v2\/tags?post=496056"}],"curies":[{"name":"wp","href":"https:\/\/api.w.org\/{rel}","templated":true}]}}