{"id":496063,"date":"2025-10-28T19:24:35","date_gmt":"2025-10-28T19:24:35","guid":{"rendered":"https:\/\/www.europesays.com\/fr\/496063\/"},"modified":"2025-10-28T19:24:35","modified_gmt":"2025-10-28T19:24:35","slug":"sur-cette-ligne-sncf-a-partir-de-rennes-la-circulation-des-trains-est-arretee-pour-au-moins-24-heures","status":"publish","type":"post","link":"https:\/\/www.europesays.com\/fr\/496063\/","title":{"rendered":"Sur cette ligne SNCF \u00e0 partir de Rennes, la circulation des trains est arr\u00eat\u00e9e pour au moins 24 heures"},"content":{"rendered":"<p>            Par<br \/>\n        <strong><br \/>\n            <a href=\"https:\/\/actu.fr\/auteur\/brian-legoff\" title=\"Consulter tous les articles de Brian Le Goff\" rel=\"nofollow noopener\" target=\"_blank\">Brian Le Goff<\/a><br \/>\n        <\/strong><\/p>\n<p>        Publi\u00e9 le<\/p>\n<p>            28 oct. 2025 \u00e0 15h47        <\/p>\n<p>Il <strong>ne fait d\u00e9cid\u00e9ment pas bon circuler sur les rails en Ille-et-Vilaine<\/strong>. Alors que la <a href=\"https:\/\/actu.fr\/bretagne\/rennes_35238\/rennes-decouverte-d-un-colis-suspect-sur-la-ligne-a-une-station-fermee-le-trafic-va-etre-interrompu_63361570.html\" rel=\"nofollow noopener\" target=\"_blank\">ligne A du m\u00e9tro dans la capitale bretonne a \u00e9t\u00e9 interrompue<\/a>, la SNCF a averti, sur X, les usagers de la ligne Rennes-Ch\u00e2teaubriant (Loire-Atlantique) que la circulation est arr\u00eat\u00e9e <strong>jusqu\u2019\u00e0 mercredi 29\u00a0octobre, 16h<\/strong>.<\/p>\n<p>\u00ab\u2009Une cavit\u00e9 sous un passage \u00e0 niveau\u2009\u00bb<\/p>\n<p class=\" wall-content\">La faute \u00e0 la rupture d\u2019une canalisation urbaine sous la voie, \u00ab\u2009qui n\u2019est pas une installation de la SNCF et a provoqu\u00e9 une cavit\u00e9 sous un passage \u00e0 niveau\u2009\u00bb,<strong> au niveau de la commune de Janz\u00e9,<\/strong> indique TER BreizhGo, contact\u00e9 par <a href=\"https:\/\/actu.fr\/rennes\/\" rel=\"nofollow noopener\" target=\"_blank\">actu Rennes<\/a>.<\/p>\n<p class=\" wall-content\">\n<p class=\" wall-content\">\u00ab\u2009Une solution de substitution est en cours de recherche, mais s\u2019av\u00e8re difficile, poursuit la SNCF en Bretagne. On est<strong> \u00e0 la recherche de cars, mais c\u2019est compliqu\u00e9 pour l\u2019instant<\/strong>.\u2009\u00bb<\/p>\n<p class=\" wall-content\"><strong>Quatorze trains sont ainsi annul\u00e9s<\/strong>. Les voyageurs sont invit\u00e9s \u00e0 se reporter sur les lignes de bus r\u00e9guli\u00e8res.<\/p>\n<p class=\" wall-content\">Personnalisez votre actualit\u00e9 en ajoutant vos villes et m\u00e9dias en favori avec <a href=\"https:\/\/moncompte.actu.fr\" title=\"D\u00e9couvez Mon Actu\" rel=\"nofollow noopener\" data-trk=\"{&quot;cta&quot;:{&quot;action&quot;:&quot;https:\\\/\\\/moncompte.actu.fr&quot;,&quot;category&quot;:&quot;mon compte&quot;,&quot;from&quot;:&quot;article footer&quot;,&quot;name&quot;:&quot;Mon actu&quot;,&quot;type&quot;:&quot;cta&quot;}}\" target=\"_blank\">Mon Actu<\/a>.<\/p>\n","protected":false},"excerpt":{"rendered":"Par Brian Le Goff Publi\u00e9 le 28 oct. 2025 \u00e0 15h47 Il ne fait d\u00e9cid\u00e9ment pas bon circuler&hellip;\n","protected":false},"author":2,"featured_media":221694,"comment_status":"","ping_status":"","sticky":false,"template":"","format":"standard","meta":{"footnotes":""},"categories":[2821],"tags":[1111,11,829,1777,674,118,1011,27,12,584,25,2215],"class_list":{"0":"post-496063","1":"post","2":"type-post","3":"status-publish","4":"format-standard","5":"has-post-thumbnail","7":"category-rennes","8":"tag-actu","9":"tag-actualites","10":"tag-bretagne","11":"tag-eu","12":"tag-europe","13":"tag-faits-divers","14":"tag-fr","15":"tag-france","16":"tag-news","17":"tag-rennes","18":"tag-republique-francaise","19":"tag-sncf"},"share_on_mastodon":{"url":"https:\/\/pubeurope.com\/@fr\/115453431979967241","error":""},"_links":{"self":[{"href":"https:\/\/www.europesays.com\/fr\/wp-json\/wp\/v2\/posts\/496063","targetHints":{"allow":["GET"]}}],"collection":[{"href":"https:\/\/www.europesays.com\/fr\/wp-json\/wp\/v2\/posts"}],"about":[{"href":"https:\/\/www.europesays.com\/fr\/wp-json\/wp\/v2\/types\/post"}],"author":[{"embeddable":true,"href":"https:\/\/www.europesays.com\/fr\/wp-json\/wp\/v2\/users\/2"}],"replies":[{"embeddable":true,"href":"https:\/\/www.europesays.com\/fr\/wp-json\/wp\/v2\/comments?post=496063"}],"version-history":[{"count":0,"href":"https:\/\/www.europesays.com\/fr\/wp-json\/wp\/v2\/posts\/496063\/revisions"}],"wp:featuredmedia":[{"embeddable":true,"href":"https:\/\/www.europesays.com\/fr\/wp-json\/wp\/v2\/media\/221694"}],"wp:attachment":[{"href":"https:\/\/www.europesays.com\/fr\/wp-json\/wp\/v2\/media?parent=496063"}],"wp:term":[{"taxonomy":"category","embeddable":true,"href":"https:\/\/www.europesays.com\/fr\/wp-json\/wp\/v2\/categories?post=496063"},{"taxonomy":"post_tag","embeddable":true,"href":"https:\/\/www.europesays.com\/fr\/wp-json\/wp\/v2\/tags?post=496063"}],"curies":[{"name":"wp","href":"https:\/\/api.w.org\/{rel}","templated":true}]}}