{"id":496068,"date":"2025-10-28T19:27:16","date_gmt":"2025-10-28T19:27:16","guid":{"rendered":"https:\/\/www.europesays.com\/fr\/496068\/"},"modified":"2025-10-28T19:27:16","modified_gmt":"2025-10-28T19:27:16","slug":"un-ancien-fort-militaire-va-accueillir-une-rave-xxl-a-1h45-de-strasbourg","status":"publish","type":"post","link":"https:\/\/www.europesays.com\/fr\/496068\/","title":{"rendered":"un ancien fort militaire va accueillir une rave XXL \u00e0 1h45 de Strasbourg !"},"content":{"rendered":"<p>    <img loading=\"lazy\" width=\"1800\" height=\"900\" src=\"https:\/\/www.europesays.com\/fr\/wp-content\/uploads\/2025\/08\/jeanne-callthepolice.jpg\" class=\"attachment-full size-full\" alt=\"\" id=\"imageLove\" decoding=\"async\"  \/><\/p>\n<p id=\"breadcrumbs\"><a href=\"https:\/\/pokaa.fr\/\" rel=\"nofollow noopener\" target=\"_blank\">Accueil<\/a> \/ <a href=\"https:\/\/pokaa.fr\/categories\/ses-sorties\/\" rel=\"nofollow noopener\" target=\"_blank\">Sorties<\/a> \/ Halloween : un ancien fort militaire va accueillir une rave XXL \u00e0 1h45 de Strasbourg !<\/p>\n<p>                    Sorties<\/p>\n<p><b>Un ancien fort militaire du Grand Est qui se transforme en <\/b><b>\u00ab\u00a0temple de la rave\u00a0\u00bb <\/b><b>les 31 octobre et 1er novembre\u00a0? <\/b><b><a href=\"https:\/\/electro-news.eu\/un-ancien-fort-militaire-du-grand-est-va-se-transformer-en-bastion-techno-pour-halloween\/\" target=\"_blank\" rel=\"noopener nofollow\">La nouvelle a fait les gros titres d\u2019Electro News<\/a>, m\u00e9dia sp\u00e9cialis\u00e9 dans la musique \u00e9lectronique. Mais qui hantera donc le Fort P\u00e9lissier (\u00e0 1h45 de Strasbourg) ? Deux labels d\u2019envergure : Le Diable au Corps et Cult Collective, pr\u00eats \u00e0 secouer ton Halloween, le Hangar, et ses murs !<\/b><\/p>\n<p><b>Un ancien hangar d\u2019aviation<\/b>, une capacit\u00e9 d\u2019accueil de <b>1500 personnes<\/b>, un <b>dancefloor de 2000 m\u00b2<\/b> et une sono Turbosound et Nexo Alpha<b> <\/b>de<b> 70 kW de soundsystem<\/b> pour agiter tout \u00e7a\u2026<\/p>\n<p>Les <b>vendredi 31 octobre <\/b>et <b>samedi 1er novembre<\/b>, deux labels l\u00e9gendaires sortent l\u2019artillerie lourde pour <b>faire trembler les murs du Hangar du Fort P\u00e9lissier<\/b>, et les valeureux\/ses qui oseraient s\u2019y perdre, pour <b>Halloween\u00a0: Le Diable au Corps <\/b>(fond\u00e9 en 2001)<b> <\/b>et<b> Cult Collective<\/b> (cr\u00e9\u00e9 en 2008 sous le nom OBS.CUR).<\/p>\n<p>                <img width=\"486\" height=\"500\" src=\"https:\/\/www.europesays.com\/fr\/wp-content\/uploads\/2025\/10\/hangar-fort-486x500.jpg\" class=\"attachment-gallery size-gallery\" alt=\"hangar fort p\u00e9lissier\" data-full-url=\"https:\/\/pokaa.fr\/wp-content\/uploads\/2025\/10\/27\/hangar-fort.jpg\" decoding=\"async\" loading=\"lazy\"  \/>            <\/p>\n<p>                <img width=\"800\" height=\"468\" src=\"https:\/\/www.europesays.com\/fr\/wp-content\/uploads\/2025\/10\/hangar-fort-2.jpg\" class=\"attachment-gallery size-gallery\" alt=\"hangar fort p\u00e9lissier\" data-full-url=\"https:\/\/www.europesays.com\/fr\/wp-content\/uploads\/2025\/10\/hangar-fort-2.jpg\" decoding=\"async\" loading=\"lazy\"  \/>            <\/p>\n<p>                    Photos d&rsquo;archive du Hangar (Fort P\u00e9lissier). \u00a9 Page Facebook Le Hangar du Fort \/ Documents remis<\/p>\n<p>Au programme\u00a0: <b>16h de son<\/b> \u2013 r\u00e9parties en deux soir\u00e9es d\u2019envergure \u2013, des \u00ab\u00a0sc\u00e9nographies brutes\u00a0\u00bb et des shows lumineux, dans un lieu historique pour une ambiance <b>post-apocalyptique<\/b>.<\/p>\n<p>La <b>Halloween Rave XXL<\/b> m\u00e9rite bien une exp\u00e9dition jusqu\u2019<b>\u00e0 Bainville-sur-Madon <\/b>(non loin de Nancy, \u00e0 1h45 de Strasbourg).<\/p>\n<p>    <img width=\"800\" height=\"533\" src=\"https:\/\/www.europesays.com\/fr\/wp-content\/uploads\/2025\/10\/sound-systeme-dalsace-dekadub-wilfried-rion-2-sur-7-800x533.jpg\" class=\"attachment-image-size-L size-image-size-L\" alt=\"Sound System musique free party soir\u00e9e concert\" decoding=\"async\" loading=\"lazy\"  \/>         \u00a9 Wilfried Rion \/ Pokaa <\/p>\n<p>\u00ab\u00a0Deux nuits, deux atmosph\u00e8res\u00a0\u00bb<\/p>\n<p>\u00c0 l\u2019affiche de cette Halloween Rave XXL\u00a0? \u00ab<b>\u00a0Deux nuits<\/b>, <b>deux atmosph\u00e8res<\/b>, une seule grande tribu\u00a0\u00bb, et les soundsystems de <b>MerQlab et Mamatek<\/b>.<\/p>\n<p>Le <b>vendredi\u00a0<\/b>? On se laissera emporter avec<b> Le Diable au Corps<\/b>, avec une th\u00e9matique <b>hard techno<\/b>,<b> hardtek <\/b>et<b> frenchcore<\/b>. Aux platines\u00a0: le collectif et soundystem Mamatek, entour\u00e9 de <b>Limka<\/b> et <b>Nout<\/b> du crew Heretik (pionniers du mouvement free party en France).<\/p>\n<p>Ainsi que <b>Dr Looney<\/b>, <b>Ben 9mm <\/b>(9mm \/ Hangover \/ Analog Replicant), <b>Flyp Fermentor<\/b> (Underground Tekno, LDAC) de Prague, et <b>Psiko<\/b> (Audiogenic \/ LDAC).<\/p>\n<p>Pour le samedi, place \u00e0 <b>Cult Collective <\/b>avec une s\u00e9lec\u2019 <b>mental tribe<\/b>, <b>acid core<\/b> et <b>neo-rave<\/b>. Avec\u00a0: <b>Awax<\/b> (MerQlab) (le nouveau live de <b>Gre<\/b> et <b>Pao<\/b>), <b>Wonka<\/b> (Allemagne), <b>Collision<\/b> (Cult Collective, Pays-Bas), <b>Neurotribe<\/b> (Italie), <b>Bandikoot<\/b>, <b>Tazlow<\/b> (Canada) et <b>Weser<\/b> (Narkotek).<\/p>\n<p><strong>Et on n\u2019oublie pas que c\u2019est Halloween\u00a0: les costumes sont les bienvenus.<\/strong><\/p>\n<p>            \u00ab\u00a0Halloween Rave XXL\u00a0\u00bb avec Le Diable au Corps et Cult Collective<\/p>\n<p>            Quoi ? <\/p>\n<p>Rave party d\u2019Halloween avec DJ sets, et soundsystems de MerQlab et Mamatek<\/p>\n<p>                Quand ?<\/p>\n<p>Vendredi 31 octobre et samedi 1er novembre (chaque jour de 21h \u00e0 5h)<\/p>\n<p>            o\u00f9 ?<\/p>\n<p>Au Hangar du Fort P\u00e9lissier, \u00e0 Bainville-Sur-Madon (pr\u00e8s de Nancy et \u00e0 1h45 de Strasbourg)<\/p>\n<p>                Plus d&rsquo;infos ?<\/p>\n<p><a href=\"https:\/\/fb.me\/e\/5hfkIXRkU\" target=\"_blank\" rel=\"noopener nofollow\">L\u2019\u00e9v\u00e9nement Facebook<\/a><br \/><a href=\"https:\/\/www.helloasso.com\/associations\/merqlab\/evenements\/halloween-rave-xxl-ldac-cult-collective-merqlab-mamatek\" target=\"_blank\" rel=\"noopener nofollow\">Billetterie en ligne<\/a><\/p>\n","protected":false},"excerpt":{"rendered":"Accueil \/ Sorties \/ Halloween : un ancien fort militaire va accueillir une rave XXL \u00e0 1h45 de&hellip;\n","protected":false},"author":2,"featured_media":496069,"comment_status":"","ping_status":"","sticky":false,"template":"","format":"standard","meta":{"footnotes":""},"categories":[2820],"tags":[1111,11,12084,1777,674,1011,27,775,20815,1702,12,21919,3907,38544,25,61852,640,10235,10919,4064],"class_list":{"0":"post-496068","1":"post","2":"type-post","3":"status-publish","4":"format-standard","5":"has-post-thumbnail","7":"category-strasbourg","8":"tag-actu","9":"tag-actualites","10":"tag-dj-set","11":"tag-eu","12":"tag-europe","13":"tag-fr","14":"tag-france","15":"tag-grand-est","16":"tag-halloween","17":"tag-nancy","18":"tag-news","19":"tag-ou-sortir","20":"tag-que-faire","21":"tag-rave","22":"tag-republique-francaise","23":"tag-soundsystem","24":"tag-strasbourg","25":"tag-techno","26":"tag-toussaint","27":"tag-week-end"},"share_on_mastodon":{"url":"https:\/\/pubeurope.com\/@fr\/115453444590834401","error":""},"_links":{"self":[{"href":"https:\/\/www.europesays.com\/fr\/wp-json\/wp\/v2\/posts\/496068","targetHints":{"allow":["GET"]}}],"collection":[{"href":"https:\/\/www.europesays.com\/fr\/wp-json\/wp\/v2\/posts"}],"about":[{"href":"https:\/\/www.europesays.com\/fr\/wp-json\/wp\/v2\/types\/post"}],"author":[{"embeddable":true,"href":"https:\/\/www.europesays.com\/fr\/wp-json\/wp\/v2\/users\/2"}],"replies":[{"embeddable":true,"href":"https:\/\/www.europesays.com\/fr\/wp-json\/wp\/v2\/comments?post=496068"}],"version-history":[{"count":0,"href":"https:\/\/www.europesays.com\/fr\/wp-json\/wp\/v2\/posts\/496068\/revisions"}],"wp:featuredmedia":[{"embeddable":true,"href":"https:\/\/www.europesays.com\/fr\/wp-json\/wp\/v2\/media\/496069"}],"wp:attachment":[{"href":"https:\/\/www.europesays.com\/fr\/wp-json\/wp\/v2\/media?parent=496068"}],"wp:term":[{"taxonomy":"category","embeddable":true,"href":"https:\/\/www.europesays.com\/fr\/wp-json\/wp\/v2\/categories?post=496068"},{"taxonomy":"post_tag","embeddable":true,"href":"https:\/\/www.europesays.com\/fr\/wp-json\/wp\/v2\/tags?post=496068"}],"curies":[{"name":"wp","href":"https:\/\/api.w.org\/{rel}","templated":true}]}}