{"id":496070,"date":"2025-10-28T19:28:11","date_gmt":"2025-10-28T19:28:11","guid":{"rendered":"https:\/\/www.europesays.com\/fr\/496070\/"},"modified":"2025-10-28T19:28:11","modified_gmt":"2025-10-28T19:28:11","slug":"le-centre-commercial-nicetoile-se-transforme-ces-nouveaux-concepts-et-boutiques-qui-ouvrent","status":"publish","type":"post","link":"https:\/\/www.europesays.com\/fr\/496070\/","title":{"rendered":"Le centre commercial Nic\u00e9toile se transforme, ces nouveaux concepts et boutiques qui ouvrent"},"content":{"rendered":"<p>            Par<br \/>\n        <strong><br \/>\n            <a href=\"https:\/\/actu.fr\/auteur\/arthur-frand\" title=\"Consulter tous les articles de Arthur Frand\" rel=\"nofollow noopener\" target=\"_blank\">Arthur Frand<\/a><br \/>\n        <\/strong><\/p>\n<p>        Publi\u00e9 le<\/p>\n<p>            28 oct. 2025 \u00e0 16h24        <\/p>\n<p>Cela n\u2019a pas \u00e9chapp\u00e9 aux Ni\u00e7ois. Le centre commercial Nic\u00e9toile, situ\u00e9 au c\u0153ur de l\u2019art\u00e8re Jean-M\u00e9decin \u00e0 <a href=\"https:\/\/actu.fr\/nice\/\" rel=\"nofollow noopener\" target=\"_blank\">Nice<\/a> (<a href=\"https:\/\/actu.fr\/provence-alpes-cote-d-azur\/alpes-maritimes_06\" rel=\"nofollow noopener\" target=\"_blank\">Alpes-Maritimes<\/a>), se <strong>transforme depuis plusieurs semaines<\/strong>. Des travaux de r\u00e9novation vont se poursuivre encore plusieurs mois. Cr\u00e9e en 1992, il se remet au \u00ab\u2009go\u00fbt du jour\u2009\u00bb pour continuer d\u2019attirer un public tr\u00e8s large. Changement d\u2019ambiance et de d\u00e9cor, ouverture de nouvelles boutiques\u2026 On vous dit tout.<\/p>\n<p>    <a href=\"https:\/\/www.google.com\/maps\/embed?pb=!1m18!1m12!1m3!1d2884.4237082234104!2d7.265265077085944!3d43.70174297109993!2m3!1f0!2f0!3f0!3m2!1i1024!2i768!4f13.1!3m3!1m2!1s0x12cddaa6fe426b87%3A0x2b229b5611a95513!2sCentre%20Commercial%20NICETOILE!5e0!3m2!1sfr!2sfr!4v1761650887729!5m2!1sfr!2sfr\" title=\"Ouvrie le lien\" rel=\"nofollow noopener\" target=\"_blank\">Cliquez ici pour visualiser le contenu<\/a><\/p>\n<p class=\" wall-content\">Le gros des travaux a d\u00e9marr\u00e9 en septembre et tout doit \u00eatre termin\u00e9 <strong>d\u2019ici les vacances de f\u00e9vrier\u00a02026<\/strong>. Ces investissements importants, dont le co\u00fbt total n\u2019est pas communiqu\u00e9, sont port\u00e9s par les copropri\u00e9taires du centre commercial. \u00ab\u2009Le site a \u00e9t\u00e9 r\u00e9nov\u00e9 en 1995, en 2005 et en 2014 pour la derni\u00e8re fois. Nous avions une belle base avec des mat\u00e9riaux nobles, intemporels qui donnent un style grand h\u00f4tel. Mais nous souhaitons sublimer l\u2019existant et y apporter plus de chaleur,\u2009\u00bb plante Patrick Nolier, directeur du centre commercial <a href=\"https:\/\/actu.fr\/provence-alpes-cote-d-azur\/nice_06088\/une-vitre-de-nice-etoile-tombe-devant-des-passants-les-pompiers-mobilises_62952088.html\" rel=\"nofollow noopener\" target=\"_blank\">Nic\u00e9toile<\/a>, \u00e0 <a href=\"https:\/\/actu.fr\/nice\/\" rel=\"nofollow noopener\" target=\"_blank\">actu Nice<\/a>.<\/p>\n<p>Fa\u00e7ades plus tape \u00e0 l\u2019\u0153il et promesse d\u2019un \u00ab\u2009effet waouh\u2009\u00bb<\/p>\n<p class=\" wall-content\">Techniquement, depuis l\u2019ext\u00e9rieur, la centaine d\u2019enseignes du centre commercial sera bien <strong>mieux mise en avant<\/strong>. \u00ab\u2009On enl\u00e8ve notamment les casquettes des vitrines, stores en dur, qui \u00e9crasent le b\u00e2timent. On veut apporter plus de hauteur sur l\u2019architecture. Le logo Nic\u00e9toile sera r\u00e9tro\u00e9clair\u00e9 sur la fa\u00e7ade\u2009\u00bb, d\u00e9veloppe Patrick Nolier. Plus larges (plus de 6m de haut), plus \u00ab\u2009all\u00e9chantes\u2009\u00bb, ces nouvelles vitrines devraient <strong>attirer l\u2019\u0153il du client<\/strong>.<\/p>\n<p class=\" wall-content\">Les deux entr\u00e9es principales, Nord et Sud, sont aussi repens\u00e9es.<\/p>\n<blockquote class=\"ac-article-quote wall-content\">\n<p>On souhaite avoir un effet waouh en plongeant le centre dans le 21e si\u00e8cle, avec l\u2019intelligence artificielle et ses technologies. Sur l\u2019entr\u00e9e Nord, c\u00f4t\u00e9 Monoprix, un sas tout en blanc brillant avec des lignes directrices noires et un \u00e9cran digital g\u00e9ant avec du contenu immersif, pour donner l&rsquo;envie au client de s\u2019engouffrer. Sur l\u2019entr\u00e9e sud, ce sera l\u2019inverse avec un sas tout noir.<\/p>\n<p>    <strong>Patrick Nolier<\/strong><br \/>\n        Directeur de NiceEtoile    <\/p><\/blockquote>\n<p class=\" wall-content\">Un lustre de 12 m\u00e8tres de haut sera \u00e9galement install\u00e9 devant les traditionnels ascenseurs \u00ab\u2009bulle\u2009\u00bb. Le centre Nic\u00e9toile se dotera de plantes naturelles un peu partout, pour \u00ab\u2009donner un c\u00f4t\u00e9 m\u00e9diterran\u00e9en\u2009\u00bb, explique Patrick Nolier.<\/p>\n<p>Votre r\u00e9gion, votre actu !<\/p>\n<p>Recevez chaque jour les infos qui comptent pour vous.<\/p>\n<p>\t<a href=\"https:\/\/actu.fr\/newsletter\" class=\"ac-btn ac-btn--corner ac-btn--medium ac-btn--blue800\" rel=\"nofollow noopener\" target=\"_blank\">S&rsquo;incrire<\/a><\/p>\n<p>    <img   decoding=\"async\" loading=\"lazy\" src=\"https:\/\/www.europesays.com\/fr\/wp-content\/uploads\/2025\/10\/whatsapp-image-2025-10-28-at-103843-960x640.jpeg\" alt=\"Nice-Etoile Nike\" width=\"960\" height=\"640\"\/><br \/>\n    Un flagship Nike de 1200 m2 va ouvrir d\u00e9but 2026 \u00e0 Nic\u00e9toile. (\u00a9Arthur Frand \/ actu Nice)Cr\u00e9ation d\u2019un food-court m\u00e9dit\u00e9rann\u00e9en<\/p>\n<p class=\" wall-content\">Pour \u00e9toffer son offre commerciale et accompagner ce \u00ab\u2009rafra\u00eechissement\u2009\u00bb, le centre Nic\u00e9toile va accueillir <strong>plusieurs nouvelles enseignes<\/strong> dont certaines tr\u00e8s attendues. L\u2019objectif\u2009? Fixer le client et lui donner envie de rester.<\/p>\n<p class=\" wall-content\">Un jardin d\u2019hiver, food court m\u00e9diterran\u00e9en, au niveau -1, va \u00eatre cr\u00e9\u00e9 en 2026. Au 2e \u00e9tage, le restaurant de street food m\u00e9diterran\u00e9enne \u00ab\u2009Pitadine\u2009\u00bb a ouvert cet \u00e9t\u00e9, tout comme la taverne grecque \u00ab\u2009Fira\u2009\u00bb au niveau 0. \u00ab\u2009Toujours dans l\u2019optique de renforcer l\u2019offre de restauration\u2009\u00bb, pr\u00e9cise Patrick Nolier.<\/p>\n<p>Un nouveau concept de pizzas italiennes<\/p>\n<p class=\" wall-content\">Un <strong>nouveau concept italien de pizzas romaines <\/strong>\u00ab\u00a0RomAntica\u00a0\u00bb va \u00e9galement d\u00e9barquer, d\u00e9but 2026, \u00e0 Nic\u00e9toile, au 2e \u00e9tage. Enfin, au niveau -1, un kiosque \u00ab\u00a0Maison Edouard\u00a0\u00bb s\u2019installera lui juste avant No\u00ebl. \u00ab\u00a0Il retravaillera la sandwicherie haut de gamme \u00e0 la fran\u00e7aise dont le jambon-beurre\u00a0\u00bb, livre Patrick Nolier \u00e0 actu Nice.<\/p>\n<p class=\" wall-content\">C\u00f4te beaut\u00e9, Nocib\u00e9 a ouvert d\u00e9but octobre. \u00ab\u2009Il s\u2019agit de la premi\u00e8re boutique en centre-ville. Elle comporte des cabines de soins\u2009\u00bb, souligne le directeur de Nic\u00e9toile. L\u2019enseigne italienne Wycon Cosmetics ouvrira courant novembre, au niveau 0, \u00e0 la place de G Star. L\u2019enseigne d\u2019ongleries Mademoiselle Vernis va aussi lancer une boutique, au 1er \u00e9tage, avant No\u00ebl.<\/p>\n<p>Nike, l\u2019arriv\u00e9e attendue d\u2019un g\u00e9ant d\u00e9but 2026<\/p>\n<p class=\" wall-content\">La nouveaut\u00e9 la plus attendue sera l\u2019ouverture <strong>du flagship Nike<\/strong>, d\u00e9but 2026. La marque \u00e0 la virgule disposera d\u2019un espace de plus de 1\u2009200 m\u00b2, sur deux \u00e9tages (niveau + 0 et + 1). Nike va remplacer Hollister, en occupant l\u2019ancien emplacement d\u2019Adidas lib\u00e9r\u00e9 en novembre dernier.<\/p>\n<p class=\" wall-content\">\u00ab\u2009C\u2019est la <strong>signature locomotive<\/strong> que nous attendions. Ce sera le premier magasin de cette gamme dans les Alpes-Maritimes et dans le Var. Toute la proposition de la marque, homme et femme, sera disponible ici. Ce magasin Nike viendra compl\u00e9ter l\u2019offre sport Streetwear avec Snipes et Adidas Originals\u2009\u00bb, pr\u00e9cise le directeur du centre commercial, qui laisse entendre que plusieurs discussions sont en cours pour ajouter de nouvelles boutiques.<\/p>\n<p class=\" wall-content\">\u00ab\u2009\u00c7a va encore beaucoup bouger\u2009\u00bb, souffle Patrick Nolier \u00e0 actu Nice.<\/p>\n<p class=\" wall-content\">Personnalisez votre actualit\u00e9 en ajoutant vos villes et m\u00e9dias en favori avec <a href=\"https:\/\/moncompte.actu.fr\" title=\"D\u00e9couvez Mon Actu\" rel=\"nofollow noopener\" data-trk=\"{&quot;cta&quot;:{&quot;action&quot;:&quot;https:\\\/\\\/moncompte.actu.fr&quot;,&quot;category&quot;:&quot;mon compte&quot;,&quot;from&quot;:&quot;article footer&quot;,&quot;name&quot;:&quot;Mon actu&quot;,&quot;type&quot;:&quot;cta&quot;}}\" target=\"_blank\">Mon Actu<\/a>.<\/p>\n","protected":false},"excerpt":{"rendered":"Par Arthur Frand Publi\u00e9 le 28 oct. 2025 \u00e0 16h24 Cela n\u2019a pas \u00e9chapp\u00e9 aux Ni\u00e7ois. Le centre&hellip;\n","protected":false},"author":2,"featured_media":496071,"comment_status":"","ping_status":"","sticky":false,"template":"","format":"standard","meta":{"footnotes":""},"categories":[2819],"tags":[1111,11,215,1777,674,1011,27,12,2401,3147,882,25,104],"class_list":{"0":"post-496070","1":"post","2":"type-post","3":"status-publish","4":"format-standard","5":"has-post-thumbnail","7":"category-nice","8":"tag-actu","9":"tag-actualites","10":"tag-commerce","11":"tag-eu","12":"tag-europe","13":"tag-fr","14":"tag-france","15":"tag-news","16":"tag-nice","17":"tag-nouveaux-commerces","18":"tag-provence-alpes-cote-dazur","19":"tag-republique-francaise","20":"tag-societe"},"share_on_mastodon":{"url":"https:\/\/pubeurope.com\/@fr\/115453447849053587","error":""},"_links":{"self":[{"href":"https:\/\/www.europesays.com\/fr\/wp-json\/wp\/v2\/posts\/496070","targetHints":{"allow":["GET"]}}],"collection":[{"href":"https:\/\/www.europesays.com\/fr\/wp-json\/wp\/v2\/posts"}],"about":[{"href":"https:\/\/www.europesays.com\/fr\/wp-json\/wp\/v2\/types\/post"}],"author":[{"embeddable":true,"href":"https:\/\/www.europesays.com\/fr\/wp-json\/wp\/v2\/users\/2"}],"replies":[{"embeddable":true,"href":"https:\/\/www.europesays.com\/fr\/wp-json\/wp\/v2\/comments?post=496070"}],"version-history":[{"count":0,"href":"https:\/\/www.europesays.com\/fr\/wp-json\/wp\/v2\/posts\/496070\/revisions"}],"wp:featuredmedia":[{"embeddable":true,"href":"https:\/\/www.europesays.com\/fr\/wp-json\/wp\/v2\/media\/496071"}],"wp:attachment":[{"href":"https:\/\/www.europesays.com\/fr\/wp-json\/wp\/v2\/media?parent=496070"}],"wp:term":[{"taxonomy":"category","embeddable":true,"href":"https:\/\/www.europesays.com\/fr\/wp-json\/wp\/v2\/categories?post=496070"},{"taxonomy":"post_tag","embeddable":true,"href":"https:\/\/www.europesays.com\/fr\/wp-json\/wp\/v2\/tags?post=496070"}],"curies":[{"name":"wp","href":"https:\/\/api.w.org\/{rel}","templated":true}]}}