{"id":496088,"date":"2025-10-28T19:38:12","date_gmt":"2025-10-28T19:38:12","guid":{"rendered":"https:\/\/www.europesays.com\/fr\/496088\/"},"modified":"2025-10-28T19:38:12","modified_gmt":"2025-10-28T19:38:12","slug":"avec-1-000-chambres-de-plus-a-marseille-loffre-hoteliere-setoffe-et-monte-en-gamme","status":"publish","type":"post","link":"https:\/\/www.europesays.com\/fr\/496088\/","title":{"rendered":"Avec 1 000 chambres de plus \u00e0 Marseille, l&rsquo;offre h\u00f4teli\u00e8re s&rsquo;\u00e9toffe et monte en gamme"},"content":{"rendered":"<p>Le 4* H\u00f4tel Provence (6e), le 4* h\u00f4tel Ligo (2e), le 2* Boutique Easy h\u00f4tel Euromed (3e), la Maison S\u00e9nac (1er), le <a href=\"https:\/\/www.laprovence.com\/article\/region\/20814209438876\/marseille-rooftop-karaoke-le-rocky-pop-nouvel-hotel-bar-et-resto-joueur-et-colore-du-quartier-castellane\" target=\"_blank\" rel=\"noopener\">Rocky Pop<\/a> (6e)\u2026 L\u2019offre h\u00f4teli\u00e8re marseillaise s\u2019enrichit avec l\u2019ouverture ces derniers mois de nouvelles enseignes. Selon la derni\u00e8re \u00e9tude de l\u2019office de tourisme sur \u00ab\u00a0Les chiffre cl\u00e9s du tourisme\u00a0\u00bb, la cit\u00e9 phoc\u00e9enne compte 104 h\u00f4tels, en majorit\u00e9 des trois et quatre \u00e9toiles (58), ce qui correspond \u00e0 7\u00a0518 chambres, soit une capacit\u00e9 de 16\u00a0408 places. \u00c0 cela s\u2019ajoutent 16 r\u00e9sidences de tourisme (3013 appartements) et six villages vacances ou auberges de jeunesse (1\u00a0042 places).<\/p>\n<p>\u00ab\u00a0Sur un an, on enregistre l\u2019ouverture d\u2019environ 1\u00a0000 chambres, se f\u00e9licite Nicolas Guyot, pr\u00e9sident des h\u00f4teliers \u00e0 l\u2019Union des m\u00e9tiers et des industries de l\u2019h\u00f4tellerie (Umih) des Bouches-du-Rh\u00f4ne. La dynamique est positive. Ce sont majoritairement des trois et quatre \u00e9toiles (58, NDLR). On a pour l\u2019instant quatre h\u00f4tels 5* et aucun palace, mais il est encore un peu t\u00f4t et \u00e7a viendra. Marseille est de plus en plus attractive.\u00a0\u00bb<\/p>\n<p><a href=\"https:\/\/www.laprovence.com\/article\/economie\/3100152893977114\/jean-luc-chauvin-president-de-la-chambre-de-commerce-a-la-place-des-galeries-lafayette-il-faut-un-lieu-totem\" target=\"_blank\" rel=\"noopener\">Aux yeux aussi de Jean-Luc Chauvin<\/a>, le pr\u00e9sident de la Chambre de commerce et d\u2019industrie (CCI) Aix Marseille Provence, l\u2019implantation de nouveaux h\u00f4tels constitue inco&#8230;<\/p>\n","protected":false},"excerpt":{"rendered":"Le 4* H\u00f4tel Provence (6e), le 4* h\u00f4tel Ligo (2e), le 2* Boutique Easy h\u00f4tel Euromed (3e), la&hellip;\n","protected":false},"author":2,"featured_media":496089,"comment_status":"","ping_status":"","sticky":false,"template":"","format":"standard","meta":{"footnotes":""},"categories":[2814],"tags":[6541,17,1111,11,3396,1102,31051,1777,674,1011,27,61854,61853,884,12,378,882,16,25],"class_list":{"0":"post-496088","1":"post","2":"type-post","3":"status-publish","4":"format-standard","5":"has-post-thumbnail","7":"category-marseille","8":"tag-6541","9":"tag-17","10":"tag-actu","11":"tag-actualites","12":"tag-avec","13":"tag-breakingnews","14":"tag-chambres","15":"tag-eu","16":"tag-europe","17":"tag-fr","18":"tag-france","19":"tag-hoteliere","20":"tag-loffre","21":"tag-marseille","22":"tag-news","23":"tag-plus","24":"tag-provence-alpes-cote-dazur","25":"tag-region","26":"tag-republique-francaise"},"share_on_mastodon":{"url":"https:\/\/pubeurope.com\/@fr\/115453486996197104","error":""},"_links":{"self":[{"href":"https:\/\/www.europesays.com\/fr\/wp-json\/wp\/v2\/posts\/496088","targetHints":{"allow":["GET"]}}],"collection":[{"href":"https:\/\/www.europesays.com\/fr\/wp-json\/wp\/v2\/posts"}],"about":[{"href":"https:\/\/www.europesays.com\/fr\/wp-json\/wp\/v2\/types\/post"}],"author":[{"embeddable":true,"href":"https:\/\/www.europesays.com\/fr\/wp-json\/wp\/v2\/users\/2"}],"replies":[{"embeddable":true,"href":"https:\/\/www.europesays.com\/fr\/wp-json\/wp\/v2\/comments?post=496088"}],"version-history":[{"count":0,"href":"https:\/\/www.europesays.com\/fr\/wp-json\/wp\/v2\/posts\/496088\/revisions"}],"wp:featuredmedia":[{"embeddable":true,"href":"https:\/\/www.europesays.com\/fr\/wp-json\/wp\/v2\/media\/496089"}],"wp:attachment":[{"href":"https:\/\/www.europesays.com\/fr\/wp-json\/wp\/v2\/media?parent=496088"}],"wp:term":[{"taxonomy":"category","embeddable":true,"href":"https:\/\/www.europesays.com\/fr\/wp-json\/wp\/v2\/categories?post=496088"},{"taxonomy":"post_tag","embeddable":true,"href":"https:\/\/www.europesays.com\/fr\/wp-json\/wp\/v2\/tags?post=496088"}],"curies":[{"name":"wp","href":"https:\/\/api.w.org\/{rel}","templated":true}]}}