{"id":49610,"date":"2025-04-24T16:42:12","date_gmt":"2025-04-24T16:42:12","guid":{"rendered":"https:\/\/www.europesays.com\/fr\/49610\/"},"modified":"2025-04-24T16:42:12","modified_gmt":"2025-04-24T16:42:12","slug":"14-mois-de-prison-pour-un-supporter-apres-les-incidents-a-la-mosson-2","status":"publish","type":"post","link":"https:\/\/www.europesays.com\/fr\/49610\/","title":{"rendered":"14 mois de prison pour un supporter apr\u00e8s les incidents \u00e0 la Mosson"},"content":{"rendered":"<p>Une peine de prison pour un supporter du MHSC. Ce mercredi, un homme de 26 ans a \u00e9t\u00e9 condamn\u00e9 \u00e0 14 mois de prison, dont six avec sursis probatoire pendant deux ans, faisant suite \u00e0 des d\u00e9gradations survenues le 16 mars dernier \u00e0 la Mosson lors de la rencontre de Ligue 1 entre<a href=\"https:\/\/fr.news.yahoo.com\/sport\/ligue-1-commission-discipline-donne-212251874.html\" data-ylk=\"slk:Montpellier et Saint-Etienne;elm:context_link;itc:0;sec:content-canvas;outcm:mb_qualified_link;_E:mb_qualified_link;ct:story;\" class=\"link  yahoo-link\" target=\"_blank\" rel=\"noopener\"> Montpellier et Saint-Etienne<\/a>.<\/p>\n<p>Cinq ans d&rsquo;interdiction de stade<\/p>\n<p>Comme indiqu\u00e9 par <a href=\"https:\/\/www.francebleu.fr\/infos\/faits-divers-justice\/violences-lors-du-match-mhsc-asse-un-supporter-condamne-a-14-mois-de-prison-dont-6-avec-sursis-5895459\" rel=\"nofollow noopener\" target=\"_blank\" data-ylk=\"slk:Ici H\u00e9rault;elm:context_link;itc:0;sec:content-canvas\" class=\"link \">Ici H\u00e9rault<\/a>, cet Ultra est \u00e9galement interdit de stade pendant cinq ans. Il a aussi \u00e9t\u00e9 condamn\u00e9 \u00e0 des heures de travail d\u2019int\u00e9r\u00eat g\u00e9n\u00e9ral et \u00e0 l\u2019indemnisation des victimes. Lors de son audience, des images ont \u00e9t\u00e9 projet\u00e9es o\u00f9 l&rsquo;homme \u00e9tait vu en train de jeter une porte, celles des toilettes du stade, sur des CRS, tout en effectuant des doigts d&rsquo;honneur.<\/p>\n<p>Le supporter a pr\u00e9cis\u00e9 que ces doigts d&rsquo;honneur \u00e9taient adress\u00e9s aux dirigeants du club, en marge de la crise sportive travers\u00e9e par le <a href=\"https:\/\/fr.news.yahoo.com\/sport\/mercato-t%C3%A9ji-savanier-pouss%C3%A9-montpellier-111716809.html\" data-ylk=\"slk:MHSC;elm:context_link;itc:0;sec:content-canvas;outcm:mb_qualified_link;_E:mb_qualified_link;ct:story;\" class=\"link  yahoo-link\" target=\"_blank\" rel=\"noopener\">MHSC<\/a>. Les explications ont \u00e9t\u00e9 entendues et les violences et outrages envers les forces de l\u2019ordre n&rsquo;ont pas \u00e9t\u00e9 retenues dans la condamnation.<\/p>\n<p>D\u00e9but avril, la commission de discipline donnait match gagn\u00e9 \u00e0 Saint-Etienne apr\u00e8s les incidents. Les Verts menaient (2-0) au moment o\u00f9 le match a \u00e9t\u00e9 interrompu, \u00e0 la 57e minute de jeu. L&rsquo;arbitre avait renvoy\u00e9 les \u00e9quipes au vestiaire \u00e0 la suite de jets de fumig\u00e8nes des supporters montpelli\u00e9rains sur la pelouse et en tribunes, provoquant un d\u00e9but d&rsquo;incendie. Au cours de cette soir\u00e9e, o\u00f9 le pr\u00e9judice est estim\u00e9 \u00e0 19.000\u20ac par le MHSC, un stadier a \u00e9t\u00e9 bless\u00e9 \u00e0 l&rsquo;oeil.<\/p>\n<p><a href=\"https:\/\/rmcsport.bfmtv.com\/football\/ligue-1\/montpellier-saint-etienne-14-mois-de-prison-pour-un-supporter-apres-les-incidents-a-la-mosson_AV-202504240652.html#xtor=AL-68\" rel=\"nofollow noopener\" target=\"_blank\" data-ylk=\"slk:Article original publi\u00e9 sur RMC Sport;elm:context_link;itc:0;sec:content-canvas\" class=\"link \">Article original publi\u00e9 sur RMC Sport<\/a><\/p>\n","protected":false},"excerpt":{"rendered":"Une peine de prison pour un supporter du MHSC. Ce mercredi, un homme de 26 ans a \u00e9t\u00e9&hellip;\n","protected":false},"author":2,"featured_media":49611,"comment_status":"","ping_status":"","sticky":false,"template":"","format":"standard","meta":{"footnotes":""},"categories":[9599],"tags":[1111,11,14167,2331,1777,674,3160,1011,27,463,2208,12,2680,25,4001,1015],"class_list":{"0":"post-49610","1":"post","2":"type-post","3":"status-publish","4":"format-standard","5":"has-post-thumbnail","7":"category-montpellier","8":"tag-actu","9":"tag-actualites","10":"tag-cinq-ans","11":"tag-commission-de-discipline","12":"tag-eu","13":"tag-europe","14":"tag-forces-de-lordre","15":"tag-fr","16":"tag-france","17":"tag-mhsc","18":"tag-montpellier","19":"tag-news","20":"tag-occitanie","21":"tag-republique-francaise","22":"tag-saint-etienne","23":"tag-supporter"},"share_on_mastodon":{"url":"https:\/\/pubeurope.com\/@fr\/114393942890473249","error":""},"_links":{"self":[{"href":"https:\/\/www.europesays.com\/fr\/wp-json\/wp\/v2\/posts\/49610","targetHints":{"allow":["GET"]}}],"collection":[{"href":"https:\/\/www.europesays.com\/fr\/wp-json\/wp\/v2\/posts"}],"about":[{"href":"https:\/\/www.europesays.com\/fr\/wp-json\/wp\/v2\/types\/post"}],"author":[{"embeddable":true,"href":"https:\/\/www.europesays.com\/fr\/wp-json\/wp\/v2\/users\/2"}],"replies":[{"embeddable":true,"href":"https:\/\/www.europesays.com\/fr\/wp-json\/wp\/v2\/comments?post=49610"}],"version-history":[{"count":0,"href":"https:\/\/www.europesays.com\/fr\/wp-json\/wp\/v2\/posts\/49610\/revisions"}],"wp:featuredmedia":[{"embeddable":true,"href":"https:\/\/www.europesays.com\/fr\/wp-json\/wp\/v2\/media\/49611"}],"wp:attachment":[{"href":"https:\/\/www.europesays.com\/fr\/wp-json\/wp\/v2\/media?parent=49610"}],"wp:term":[{"taxonomy":"category","embeddable":true,"href":"https:\/\/www.europesays.com\/fr\/wp-json\/wp\/v2\/categories?post=49610"},{"taxonomy":"post_tag","embeddable":true,"href":"https:\/\/www.europesays.com\/fr\/wp-json\/wp\/v2\/tags?post=49610"}],"curies":[{"name":"wp","href":"https:\/\/api.w.org\/{rel}","templated":true}]}}