{"id":496100,"date":"2025-10-28T19:45:18","date_gmt":"2025-10-28T19:45:18","guid":{"rendered":"https:\/\/www.europesays.com\/fr\/496100\/"},"modified":"2025-10-28T19:45:18","modified_gmt":"2025-10-28T19:45:18","slug":"a-paris-pierre-yves-bournazel-pret-a-bousculer-le-jeu-municipal","status":"publish","type":"post","link":"https:\/\/www.europesays.com\/fr\/496100\/","title":{"rendered":"A Paris, Pierre-Yves Bournazel pr\u00eat \u00e0 bousculer le jeu municipal"},"content":{"rendered":"<p class=\"mb-4 text-lg md:leading-8 break-words\">Apr\u00e8s deux \u00e9checs dans la course \u00e0 la mairie de Paris, Pierre-Yves Bournazel, 48 ans, proche d&rsquo;Edouard Philippe et conseiller de Paris depuis 2008, se sent pousser des ailes en vue des municipales de mars, alors qu&rsquo;il devrait d\u00e9crocher mardi soir l&rsquo;investiture du parti Renaissance.<\/p>\n<p class=\"mb-4 text-lg md:leading-8 break-words\">\u00ab\u00a0Ma candidature, c\u2019est quelque chose de r\u00e9fl\u00e9chi depuis quinze ans, c&rsquo;est quelque chose qui vient de loin\u00a0\u00bb, d\u00e9clarait-il r\u00e9cemment \u00e0 l&rsquo;AFP.<\/p>\n<p class=\"mb-4 text-lg md:leading-8 break-words\">Battu en 2013 lors de la primaire de la droite, l&rsquo;homme s&rsquo;\u00e9tait de nouveau align\u00e9 en 2020, avant de se rallier au candidat macroniste Benjamin Griveaux, puis \u00e0 Agn\u00e8s Buzyn.<\/p>\n<p class=\"mb-4 text-lg md:leading-8 break-words\">Le quadrag\u00e9naire entend profiter d&rsquo;une image plut\u00f4t consensuelle, se percevant comme un \u00ab\u00a0challenger\u00a0\u00bb entre une majorit\u00e9 \u00ab\u00a0\u00e0 bout de souffle, en place depuis un quart de si\u00e8cle\u00a0\u00bb, et Rachida Dati, la maire du 7e arrondissement investie par LR, \u00ab\u00a0une candidature de la revanche et de la r\u00e9gression\u00a0\u00bb.<\/p>\n<p class=\"mb-4 text-lg md:leading-8 break-words\">N\u00e9 dans le Cantal d&rsquo;un p\u00e8re assureur et d&rsquo;une m\u00e8re assistante comptable, Pierre-Yves Bournazel revendique l&rsquo;h\u00e9ritage d&rsquo;un grand-p\u00e8re engag\u00e9 sur le front en 1940, qui lui a transmis sa \u00ab\u00a0m\u00e9fiance des extr\u00eames\u00a0\u00bb.<\/p>\n<p class=\"mb-4 text-lg md:leading-8 break-words\">Apr\u00e8s une enfance \u00e0 Tulle (Corr\u00e8ze), il poursuit ses \u00e9tudes \u00e0 Sciences Po Toulouse puis fait ses armes en politique aux c\u00f4t\u00e9s de Fran\u00e7oise de Panafieu, candidate UMP \u00e0 la mairie de Paris.<\/p>\n<p class=\"mb-4 text-lg md:leading-8 break-words\">Un temps conseiller presse de Rachida Dati, ce partisan d&rsquo;Alain Jupp\u00e9 est \u00e9lu conseiller de Paris dans le 18e arrondissement en 2008, fonction qu&rsquo;il occupe toujours depuis.<\/p>\n<p class=\"mb-4 text-lg md:leading-8 break-words\">Elu conseiller r\u00e9gional sur la liste de Val\u00e9rie P\u00e9cresse en 2010, puis d\u00e9put\u00e9 LR en 2017, il rejoint rapidement \u00ab\u00a0Agir\u00a0\u00bb, soutien d&rsquo;Emmanuel Macron, puis le parti Horizons d&rsquo;Edouard Philippe en 2021.<\/p>\n<p class=\"mb-4 text-lg md:leading-8 break-words\">Interrog\u00e9 par l&rsquo;AFP sur son poulain, l&rsquo;ex-Premier ministre vante \u00ab\u00a0un enracinement qui a beaucoup \u00e0 voir avec l\u2019\u00e9cole chiraquienne et une modernit\u00e9 des aspirations \u00e9conomiques et sociales\u00a0\u00bb.<\/p>\n<p class=\"mb-4 text-lg md:leading-8 break-words\">\u00ab\u00a0C\u2019est un dur qui a l\u2019air gentil\u00a0\u00bb, confie encore le maire du Havre, louant ses capacit\u00e9s \u00e0 \u00ab\u00a0ne rien l\u00e2cher\u00a0\u00bb et \u00e0 \u00ab\u00a0rassembler \u00e0 droite et (&#8230;) un peu \u00e0 gauche aussi\u00a0\u00bb.<\/p>\n<p class=\"mb-4 text-lg md:leading-8 break-words\">&#8211; \u00ab\u00a0Elu implant\u00e9\u00a0\u00bb &#8211;<\/p>\n<p class=\"mb-4 text-lg md:leading-8 break-words\">\u00ab\u00a0Pierre-Yves laboure le terrain, il conna\u00eet Paris comme sa poche\u00a0\u00bb, saluait en juin Agn\u00e8s Buzyn. \u00ab\u00a0C&rsquo;est quelqu&rsquo;un qui vit, qui pense, qui respire Paris\u00a0\u00bb, confirme Florence Berthout, maire Horizons du Ve arrondissement.<\/p>\n<p class=\"mb-4 text-lg md:leading-8 break-words\">A gauche, Ian Brossat, candidat PCF \u00e0 la mairie de Paris, reconna\u00eet un \u00ab\u00a0\u00e9lu implant\u00e9 qui a men\u00e9 sa barque avec s\u00e9rieux depuis une quinzaine d&rsquo;ann\u00e9es\u00a0\u00bb.<\/p>\n<p class=\"mb-4 text-lg md:leading-8 break-words\">\u00ab\u00a0Il profite aussi, sans doute, du fait que Dati est devenue infr\u00e9quentable aux yeux d&rsquo;une partie de la droite parisienne\u00a0\u00bb, poursuit le s\u00e9nateur, une allusion \u00e0 ses d\u00e9m\u00eal\u00e9s judiciaires.<\/p>\n<p class=\"mb-4 text-lg md:leading-8 break-words\">La ministre de la Culture sera jug\u00e9e en septembre 2026 pour corruption et trafic d&rsquo;influence, soup\u00e7onn\u00e9e d&rsquo;avoir ind\u00fbment per\u00e7u 900.000 euros entre 2010 et 2012 d&rsquo;une filiale de l&rsquo;alliance Renault-Nissan.<\/p>\n<p class=\"mb-4 text-lg md:leading-8 break-words\">\u00ab\u00a0Rachida est candidate pour Dati. Moi je suis candidat pour Paris (&#8230;). Nous n&rsquo;avons pas le m\u00eame rapport \u00e0 la v\u00e9rit\u00e9\u00a0\u00bb, taclait Bournazel en juin.<\/p>\n<p class=\"mb-4 text-lg md:leading-8 break-words\">Signe d&rsquo;un possible alignement des plan\u00e8tes, un sondage interne \u00e0 Renaissance r\u00e9alis\u00e9 en ao\u00fbt le donna\u00eet \u00e0 14% des suffrages au premier tour s&rsquo;il \u00e9tait soutenu par les marcheurs, contre 21% pour Rachida Dati, en baisse d&rsquo;environ dix points par rapport \u00e0 un pr\u00e9c\u00e9dent sondage en juin.<\/p>\n<p class=\"mb-4 text-lg md:leading-8 break-words\">Si Renaissance se d\u00e9chire toujours sur le choix de son candidat, l&rsquo;investiture de Bournazel pourrait clore les d\u00e9bats et le propulser dans la course.<\/p>\n<p class=\"mb-4 text-lg md:leading-8 break-words\">Mais certains en doutent. \u00ab\u00a0J&rsquo;adore Pierre-Yves (&#8230;) Simplement ce n&rsquo;est pas un candidat \u00e0 la mairie de Paris, c\u2019est un candidat \u00e0 la mairie du 18e\u00a0\u00bb, confiait encore en mai un d\u00e9put\u00e9 macroniste, doutant de ses capacit\u00e9s \u00e0 mener une bataille qu&rsquo;il compare \u00e0 une \u00ab\u00a0semi-pr\u00e9sidentielle\u00a0\u00bb.\u00a0\u00bb<\/p>\n<p class=\"mb-4 text-lg md:leading-8 break-words\">L&rsquo;int\u00e9ress\u00e9 pr\u00e9f\u00e8re quant \u00e0 lui se pr\u00e9senter comme un \u00ab\u00a0\u00e9cologiste convaincu\u00a0\u00bb, rappelant par ailleurs sa position en faveur de la PMA pour les couples de femmes et les femmes c\u00e9libataires et en faveur du mariage homosexuel. Parmi ses priorit\u00e9s, il entend lutter \u00ab\u00a0contre le b\u00e9tonnage de la ville\u00a0\u00bb et contre \u00ab\u00a0le gaspillage des deniers publics\u00a0\u00bb, avec un plan d&rsquo;\u00e9conomies d&rsquo;un milliard d&rsquo;euros sur six ans.<\/p>\n<p class=\"mb-4 text-lg md:leading-8 break-words\">hdu-juc-bpa\/cal\/swi<\/p>\n","protected":false},"excerpt":{"rendered":"Apr\u00e8s deux \u00e9checs dans la course \u00e0 la mairie de Paris, Pierre-Yves Bournazel, 48 ans, proche d&rsquo;Edouard Philippe&hellip;\n","protected":false},"author":2,"featured_media":496101,"comment_status":"","ping_status":"","sticky":false,"template":"","format":"standard","meta":{"footnotes":""},"categories":[1888],"tags":[1111,1928,11,1927,61319,61855,1777,674,1011,27,2381,12,1926,626,1925,61318,417,25],"class_list":{"0":"post-496100","1":"post","2":"type-post","3":"status-publish","4":"format-standard","5":"has-post-thumbnail","7":"category-paris","8":"tag-actu","9":"tag-actu-paris","10":"tag-actualites","11":"tag-actualites-paris","12":"tag-bournazel","13":"tag-conseiller-de-paris","14":"tag-eu","15":"tag-europe","16":"tag-fr","17":"tag-france","18":"tag-mairie-de-paris","19":"tag-news","20":"tag-news-paris","21":"tag-paris","22":"tag-paris-news","23":"tag-pierre-yves","24":"tag-rachida-dati","25":"tag-republique-francaise"},"share_on_mastodon":{"url":"https:\/\/pubeurope.com\/@fr\/115453514481385286","error":""},"_links":{"self":[{"href":"https:\/\/www.europesays.com\/fr\/wp-json\/wp\/v2\/posts\/496100","targetHints":{"allow":["GET"]}}],"collection":[{"href":"https:\/\/www.europesays.com\/fr\/wp-json\/wp\/v2\/posts"}],"about":[{"href":"https:\/\/www.europesays.com\/fr\/wp-json\/wp\/v2\/types\/post"}],"author":[{"embeddable":true,"href":"https:\/\/www.europesays.com\/fr\/wp-json\/wp\/v2\/users\/2"}],"replies":[{"embeddable":true,"href":"https:\/\/www.europesays.com\/fr\/wp-json\/wp\/v2\/comments?post=496100"}],"version-history":[{"count":0,"href":"https:\/\/www.europesays.com\/fr\/wp-json\/wp\/v2\/posts\/496100\/revisions"}],"wp:featuredmedia":[{"embeddable":true,"href":"https:\/\/www.europesays.com\/fr\/wp-json\/wp\/v2\/media\/496101"}],"wp:attachment":[{"href":"https:\/\/www.europesays.com\/fr\/wp-json\/wp\/v2\/media?parent=496100"}],"wp:term":[{"taxonomy":"category","embeddable":true,"href":"https:\/\/www.europesays.com\/fr\/wp-json\/wp\/v2\/categories?post=496100"},{"taxonomy":"post_tag","embeddable":true,"href":"https:\/\/www.europesays.com\/fr\/wp-json\/wp\/v2\/tags?post=496100"}],"curies":[{"name":"wp","href":"https:\/\/api.w.org\/{rel}","templated":true}]}}