{"id":496104,"date":"2025-10-28T19:47:22","date_gmt":"2025-10-28T19:47:22","guid":{"rendered":"https:\/\/www.europesays.com\/fr\/496104\/"},"modified":"2025-10-28T19:47:22","modified_gmt":"2025-10-28T19:47:22","slug":"comment-la-bataille-de-paris-tourne-a-la-guerre-interne-chez-renaissance","status":"publish","type":"post","link":"https:\/\/www.europesays.com\/fr\/496104\/","title":{"rendered":"comment la bataille de Paris tourne \u00e0 la guerre interne chez Renaissance"},"content":{"rendered":"<p>        <img decoding=\"async\" loading=\"lazy\" src=\"https:\/\/www.europesays.com\/fr\/wp-content\/uploads\/2025\/10\/4a2df5e_upload-1-4guignxlfq96-afp-20251022-79lp98v-v1-highres-francepoliticsgovernmentcabinet.jpg\"  width=\"728\" height=\"409\" alt=\"Rachida Dati le 22\u00a0octobre 2025\u00a0\u00e0 Paris.\"\/>  <\/p>\n<p>LUDOVIC MARIN \/ AFP<\/p>\n<p>Rachida Dati le 22\u00a0octobre 2025\u00a0\u00e0 Paris.<\/p>\n<p class=\"asset asset-text\">POLITIQUE &#8211; L\u2019image est volontairement provocatrice. Alors que les macronistes se d\u00e9chirent sur le profil du candidat qu\u2019ils soutiendront aux prochaines \u00e9lections municipales, <a href=\"https:\/\/www.huffingtonpost.fr\/politique\/article\/rachida-dati-candidate-a-paris-comment-lr-justifie-son-soutien-tout-en-reclamant-son-exclusion_256183.html\" target=\"_blank\" rel=\"noopener\">Rachida Dati<\/a> a post\u00e9 le 27\u00a0octobre sur ses r\u00e9seaux sociaux une photo d\u2019elle connect\u00e9e en visio avec des militants Renaissance. La ministre de la Culture, candidate pas encore d\u00e9clar\u00e9e aux municipales, a ajout\u00e9 en l\u00e9gende de la photo un message tout en ironie, saluant des \u00ab\u00a0\u00e9changes sur notre projet et notre vision pour Paris\u00a0\u00bb. \u00ab\u00a0Ensemble nous changerons Paris\u00a0\u00bb, conclut-elle.<\/p>\n<p class=\"asset asset-text\">Pourtant, vingt-quatre heures plus tard, le parti Renaissance a officiellement annonc\u00e9 son ralliement \u00e0 <a href=\"https:\/\/www.huffingtonpost.fr\/politique\/article\/municipales-2026-a-paris-rachida-dati-ne-va-pas-voir-d-un-bon-il-cette-candidature-de-pierre-yves-bournazel_250786.html\" target=\"_blank\" rel=\"noopener\">Pierre-Yves Bournazel<\/a>. Bien moins identifi\u00e9, l\u2019actuel conseiller du 18\u00e8me arrondissement de Paris est le candidat Horizons, le parti d\u2019<a href=\"https:\/\/www.huffingtonpost.fr\/politique\/article\/edouard-philippe-appelle-emmanuel-macron-a-organiser-une-presidentielle-anticipee_255691.html\" target=\"_blank\" rel=\"noopener\">\u00c9douard Philippe<\/a>. \u00ab\u00a0Nous sommes tr\u00e8s align\u00e9s avec le projet de Pierre-Yves Bournazel\u00a0\u00bb, justifie aupr\u00e8s du Monde Franck Riester, proche de Gabriel Attal et charg\u00e9 des investitures au sein du parti. Il met notamment en avant \u00ab\u00a0l\u2019aspiration des \u00e9lecteurs \u00e0 l\u2019apaisement\u00a0\u00bb. \u00ab\u00a0Pierre-Yves est moins clivant\u00a0\u00bb.<\/p>\n<p class=\"asset asset-text\">De fait, le contraste avec Rachida Dati est saisissant. Le bling-bling d\u2019un c\u00f4t\u00e9, la discr\u00e9tion de l\u2019autre. Mais cette d\u00e9cision de se ranger derri\u00e8re Pierre-Yves Bournazel n\u2019a pas \u00e9t\u00e9 prise \u00e0 n\u2019importe quel prix. En contre-partie, Renaissance aura droit \u00e0 55\u00a0% des places sur les listes du candidat et \u00e0 dix t\u00eates de liste sur les 17 arrondissements que compte la capitale. Horizons s\u2019engage aussi \u00e0 soutenir le candidat macroniste \u00e0 Annecy, Lille, Bordeaux, Dijon et N\u00eemes.<\/p>\n<p class=\"asset asset-text\">Reste que plusieurs cadres ne comprennent pas ce choix. C\u2019est le cas du patron de la f\u00e9d\u00e9ration Renaissance de Paris Sylvain Maillard, ou du ministre Benjamin Haddad, \u00e9lu dans le 16\u00e8me arrondissement. Ce dernier d\u00e9nonce un choix \u00ab\u00a0incompr\u00e9hensible\u00a0\u00bb et d\u00e9nonce aupr\u00e8s de l\u2019AFP une \u00ab\u00a0division\u00a0\u00bb et une \u00ab\u00a0machine \u00e0 perdre\u00a0\u00bb. \u00ab\u00a0Comment va-t-on expliquer \u00e0 nos militants que l\u2019on va jouer un coup perdant pour soutenir un candidat appelant \u00e0 la d\u00e9mission du pr\u00e9sident de la R\u00e9publique\u00a0?\u00a0\u00bb, interroge-t-il. De nombreux proches du chef de l\u2019\u00c9tat n\u2019ont pas dig\u00e9r\u00e9 les multiples appels \u00e0 sa d\u00e9mission lanc\u00e9s par \u00c9douard Philippe. Quant \u00e0 Sylvain Maillard, il a annonc\u00e9 se mettre \u00ab\u00a0en retrait\u00a0\u00bb des instances du parti pr\u00e9sidentiel.<\/p>\n<p>                     Bataille de d\u00e9placements    <\/p>\n<p class=\"asset asset-text\">La ministre d\u00e9l\u00e9gu\u00e9e Aurore Berg\u00e9 a assur\u00e9 sur franceinfo le 28\u00a0octobre qu\u2019elle \u00ab\u00a0soutiendrait\u00a0\u00bb Rachida Dati, \u00ab\u00a0qui soutient le pr\u00e9sident de la R\u00e9publique sans aucune ambigu\u00eft\u00e9\u00a0\u00bb. \u00ab\u00a0Cette investiture, incompr\u00e9hensible et donc incomprise, va faire imploser l\u2019\u00e9cosyst\u00e8me macroniste parisien\u00a0\u00bb, pr\u00e9dit Nelly Garnier, porte-parole de Rachida Dati, dans <a href=\"https:\/\/www.leparisien.fr\/elections\/municipales\/municipales-a-paris-entre-rachida-dati-et-pierre-yves-bournazel-les-macronistes-se-dechirent-27-10-2025-ZOYNAH26FJE2NA5Q22KUE6KTTI.php\" target=\"_blank\" rel=\"noopener\" title=\"Nouvelle fen\u00eatre\">le Parisien<\/a>.<\/p>\n<p class=\"asset asset-text\">La campagne des \u00e9lections municipales va en effet ressembler \u00e0 un champ de mines pour le camp macroniste. Si Gabriel Attal a promis qu\u2019il ferait lui-m\u00eame campagne pour Pierre-Yves Bournazel, en s\u2019affichant aux c\u00f4t\u00e9s de ce dernier lors d\u2019un d\u00e9placement commun ce mercredi 29\u00a0octobre, Sylvain Maillard et Benjamin Haddad ont pr\u00e9vu, au m\u00eame moment, d\u2019appara\u00eetre aupr\u00e8s de Rachida Dati.<\/p>\n<p class=\"asset asset-text\">Selon la Tribune dimanche, c\u2019est \u00e0 la rentr\u00e9e de septembre que les discussions entre Renaissance et Horizons ont commenc\u00e9. Jusqu\u2019\u00e0 l\u2019\u00e9t\u00e9, la formation de Gabriel Attal se pr\u00e9parait \u00e0 soutenir\u00a0Rachida Dati. Peut-\u00eatre <a href=\"https:\/\/www.huffingtonpost.fr\/politique\/article\/le-proces-de-rachida-dati-pour-corruption-aura-lieu-en-septembre-2026-apres-les-municipales_255395.html\" target=\"_blank\" rel=\"noopener\">sa mise en examen pour corruption et trafic d\u2019influence<\/a> dans l\u2019affaire Renault-Nissan a-t-elle (un peu) chang\u00e9 la donne. Tout comme sa candidature avort\u00e9e \u00e0 la <a href=\"https:\/\/www.huffingtonpost.fr\/politique\/article\/legislative-partielle-a-paris-ce-que-cache-le-retour-de-michel-barnier-dans-le-jeu-politique_255317.html\" target=\"_blank\" rel=\"noopener\">l\u00e9gislative partielle face \u00e0 Michel Barnier<\/a>.<\/p>\n<p class=\"asset asset-text\">Quant \u00e0 Emmanuel Macron, il reste pour le moment silencieux. Mais sa proximit\u00e9 avec Rachida Dati laisse peu de doute sur sa pr\u00e9f\u00e9rence \u00e0 titre personnel. Il a fait de sa ministre, nomm\u00e9e en janvier\u00a02024, l\u2019une de ses chouchous, sachant compter sur elle pour le d\u00e9fendre contre vents et mar\u00e9es. Dans les sondages, elle est en tout cas donn\u00e9e en t\u00eate, entre 28\u00a0et 34\u00a0% selon un sondage Elabe paru en juin. Pierre-Yves Bournazel, qui souffre d\u2019un d\u00e9ficit de notori\u00e9t\u00e9, est loin derri\u00e8re. Apr\u00e8s le fiasco de la candidature de Benjamin Griveaux, puis d\u2019Agn\u00e8s Buzyn d\u00e9gain\u00e9e \u00e0 la derni\u00e8re minute en 2020, le parti pr\u00e9sidentiel va-t-il continuer sur la voie de la mal\u00e9diction aux \u00e9lections municipales dans la capitale\u00a0?<\/p>\n","protected":false},"excerpt":{"rendered":"LUDOVIC MARIN \/ AFP Rachida Dati le 22\u00a0octobre 2025\u00a0\u00e0 Paris. POLITIQUE &#8211; L\u2019image est volontairement provocatrice. Alors que&hellip;\n","protected":false},"author":2,"featured_media":496105,"comment_status":"","ping_status":"","sticky":false,"template":"","format":"standard","meta":{"footnotes":""},"categories":[1888],"tags":[11,1777,674,1011,27,4410,3434,12,626,59616,316,417,25],"class_list":{"0":"post-496104","1":"post","2":"type-post","3":"status-publish","4":"format-standard","5":"has-post-thumbnail","7":"category-paris","8":"tag-actualites","9":"tag-eu","10":"tag-europe","11":"tag-fr","12":"tag-france","13":"tag-gabriel-attal","14":"tag-municipales-2026","15":"tag-news","16":"tag-paris","17":"tag-pierre-yves-bournazel","18":"tag-politique","19":"tag-rachida-dati","20":"tag-republique-francaise"},"share_on_mastodon":{"url":"https:\/\/pubeurope.com\/@fr\/115453522952714826","error":""},"_links":{"self":[{"href":"https:\/\/www.europesays.com\/fr\/wp-json\/wp\/v2\/posts\/496104","targetHints":{"allow":["GET"]}}],"collection":[{"href":"https:\/\/www.europesays.com\/fr\/wp-json\/wp\/v2\/posts"}],"about":[{"href":"https:\/\/www.europesays.com\/fr\/wp-json\/wp\/v2\/types\/post"}],"author":[{"embeddable":true,"href":"https:\/\/www.europesays.com\/fr\/wp-json\/wp\/v2\/users\/2"}],"replies":[{"embeddable":true,"href":"https:\/\/www.europesays.com\/fr\/wp-json\/wp\/v2\/comments?post=496104"}],"version-history":[{"count":0,"href":"https:\/\/www.europesays.com\/fr\/wp-json\/wp\/v2\/posts\/496104\/revisions"}],"wp:featuredmedia":[{"embeddable":true,"href":"https:\/\/www.europesays.com\/fr\/wp-json\/wp\/v2\/media\/496105"}],"wp:attachment":[{"href":"https:\/\/www.europesays.com\/fr\/wp-json\/wp\/v2\/media?parent=496104"}],"wp:term":[{"taxonomy":"category","embeddable":true,"href":"https:\/\/www.europesays.com\/fr\/wp-json\/wp\/v2\/categories?post=496104"},{"taxonomy":"post_tag","embeddable":true,"href":"https:\/\/www.europesays.com\/fr\/wp-json\/wp\/v2\/tags?post=496104"}],"curies":[{"name":"wp","href":"https:\/\/api.w.org\/{rel}","templated":true}]}}