{"id":496108,"date":"2025-10-28T19:49:11","date_gmt":"2025-10-28T19:49:11","guid":{"rendered":"https:\/\/www.europesays.com\/fr\/496108\/"},"modified":"2025-10-28T19:49:11","modified_gmt":"2025-10-28T19:49:11","slug":"zelensky-prevoit-des-combats-pendant-plusieurs-annees-lue-prete-a-sortir-le-chequier","status":"publish","type":"post","link":"https:\/\/www.europesays.com\/fr\/496108\/","title":{"rendered":"Zelensky pr\u00e9voit des combats pendant plusieurs ann\u00e9es, l\u2019UE pr\u00eate \u00e0 sortir le ch\u00e9quier"},"content":{"rendered":"<p class=\"mb-4 text-lg md:leading-8 break-words\"><strong>r\u00e9cap&rsquo; &#8211; \u00ab 20 Minutes \u00bb fait le point pour vous tous les soirs sur le conflit en Ukraine. Ce mardi, la journ\u00e9e a \u00e9t\u00e9 marqu\u00e9e par les prises de position du pr\u00e9sident ukrainien \u00e0 l\u2019adresse de l\u2019Union europ\u00e9enne et des Etats-Unis<\/strong><\/p>\n<p class=\"mb-4 text-lg md:leading-8 break-words\">Vous avez rat\u00e9 les derniers \u00e9v\u00e9nements sur la <a href=\"https:\/\/www.20minutes.fr\/monde\/ukraine\/?at_medium=RSS%20feed&amp;at_campaign=ynews&amp;utm_source=yahoo&amp;utm_medium=rss&amp;utm_campaign=news_feed&amp;utm_content=in_article_link\" rel=\"nofollow noopener\" target=\"_blank\" data-ylk=\"slk:guerre en Ukraine;elm:context_link;itc:0;sec:content-canvas\" class=\"link \">guerre en Ukraine<\/a> ? 20 Minutes fait le point pour vous tous les soirs. Voici l\u2019essentiel de ce mardi 28 octobre, 1.343e jour du conflit.<\/p>\n<p>Le fait du jour<\/p>\n<p class=\"mb-4 text-lg md:leading-8 break-words\">La fin de la guerre n\u2019est pas pour demain et le pr\u00e9sident ukrainien le sait bien. L\u2019Ukraine aura besoin du soutien financier de l\u2019<a href=\"https:\/\/www.20minutes.fr\/dossier\/europe?at_medium=RSS%20feed&amp;at_campaign=ynews&amp;utm_source=yahoo&amp;utm_medium=rss&amp;utm_campaign=news_feed&amp;utm_content=in_article_link\" rel=\"nofollow noopener\" target=\"_blank\" data-ylk=\"slk:Europe;elm:context_link;itc:0;sec:content-canvas\" class=\"link \">Europe<\/a> pendant encore \u00ab deux ou trois ans \u00bb pour contrer l\u2019invasion russe, a ainsi affirm\u00e9 ce mardi <a href=\"https:\/\/www.20minutes.fr\/monde\/volodymyr-zelensky\/?at_medium=RSS%20feed&amp;at_campaign=ynews&amp;utm_source=yahoo&amp;utm_medium=rss&amp;utm_campaign=news_feed&amp;utm_content=in_article_link\" rel=\"nofollow noopener\" target=\"_blank\" data-ylk=\"slk:Volodymyr Zelensky;elm:context_link;itc:0;sec:content-canvas\" class=\"link \">Volodymyr Zelensky<\/a>, en r\u00e9f\u00e9rence \u00e0 une proposition de la Commission europ\u00e9enne visant \u00e0 d\u00e9bloquer progressivement les avoirs russes gel\u00e9s pour financer l\u2019effort de guerre ukrainien.<\/p>\n<p class=\"mb-4 text-lg md:leading-8 break-words\">\u00ab J\u2019ai de nouveau insist\u00e9 sur ce point aupr\u00e8s de tous les dirigeants europ\u00e9ens. Je leur ai dit que nous n\u2019allions pas nous battre pendant des d\u00e9cennies, mais que vous deviez montrer que, pendant un certain temps, vous seriez en mesure de fournir un soutien financier stable \u00e0 l\u2019Ukraine \u00bb, a d\u00e9clar\u00e9 le pr\u00e9sident ukrainien. \u00ab Et c\u2019est pourquoi ils ont ce programme \u00e0 l\u2019esprit : deux-trois ans. La guerre pourrait se finir plus t\u00f4t, mais de l\u2019argent sera n\u00e9cessaire pour la reconstruction \u00bb, a-t-il ajout\u00e9.<\/p>\n<p class=\"mb-4 text-lg md:leading-8 break-words\">Selon Volodymyr Zelensky, l\u2019Ukraine a besoin d\u2019un \u00ab soutien stable \u00bb et de long terme car \u00ab on ne sait pas si Poutine relancera une agression ou non apr\u00e8s la fin de cette guerre \u00bb.<\/p>\n<p>La d\u00e9claration du jour<\/p>\n<p class=\"mb-4 text-lg md:leading-8 break-words\">Si le pr\u00e9sident Trump parvient \u00e0 avoir des discussions, \u00e0 prendre des d\u00e9cisions et \u00e0 obtenir un accord avec la Chine pour r\u00e9duire les importations d\u2019\u00e9nergie russe, je pense que cel(&#8230;)<\/p>\n<p class=\"mb-4 text-lg md:leading-8 break-words\"><a href=\"https:\/\/www.20minutes.fr\/monde\/ukraine\/4182135-20251028-guerre-ukraine-zelensky-prevoit-combats-pendant-plusieurs-annees-ue-prete-sortir-chequier?at_medium=RSS%20feed&amp;at_campaign=ynews&amp;utm_source=yahoo&amp;utm_medium=rss&amp;utm_campaign=news_feed&amp;utm_content=read_more_link&quot;\" rel=\"nofollow noopener\" target=\"_blank\" data-ylk=\"slk:Lire la suite sur 20minutes;elm:context_link;itc:0;sec:content-canvas\" class=\"link \">Lire la suite sur 20minutes<\/a><\/p>\n<p>\u00c0 lire aussi :<br \/><a href=\"https:\/\/www.20minutes.fr\/societe\/4181764-20251028-armee-vitesse-portee-cibles-sait-mbt-missile-balistique-dont-france-veut-doter?at_medium=RSS%20feed&amp;at_campaign=ynews&amp;utm_source=yahoo&amp;utm_medium=rss&amp;utm_campaign=news_feed&amp;utm_content=related_content_link\" rel=\"nofollow noopener\" target=\"_blank\" data-ylk=\"slk:Arm\u00e9e : Vitesse, port\u00e9e, cibles\u2026 Ce que l\u2019on sait du MBT, ce missile balistique dont la France veut se doter;elm:context_link;itc:0;sec:content-canvas\" class=\"link \">Arm\u00e9e : Vitesse, port\u00e9e, cibles\u2026 Ce que l\u2019on sait du MBT, ce missile balistique dont la France veut se doter<\/a><br \/><a href=\"https:\/\/www.20minutes.fr\/monde\/ukraine\/4181817-20251027-guerre-ukraine-armee-russe-gagne-terrain-trump-repond-sechement-poutine?at_medium=RSS%20feed&amp;at_campaign=ynews&amp;utm_source=yahoo&amp;utm_medium=rss&amp;utm_campaign=news_feed&amp;utm_content=related_content_link\" rel=\"nofollow noopener\" target=\"_blank\" data-ylk=\"slk:Guerre en Ukraine : L\u2019arm\u00e9e russe gagne du terrain, Trump r\u00e9pond s\u00e8chement \u00e0 Poutine;elm:context_link;itc:0;sec:content-canvas\" class=\"link \">Guerre en Ukraine : L\u2019arm\u00e9e russe gagne du terrain, Trump r\u00e9pond s\u00e8chement \u00e0 Poutine<\/a><\/p>\n","protected":false},"excerpt":{"rendered":"r\u00e9cap&rsquo; &#8211; \u00ab 20 Minutes \u00bb fait le point pour vous tous les soirs sur le conflit en&hellip;\n","protected":false},"author":2,"featured_media":496109,"comment_status":"","ping_status":"","sticky":false,"template":"","format":"standard","meta":{"footnotes":""},"categories":[1590],"tags":[642,11,1777,674,22009,5493,12,220,134],"class_list":{"0":"post-496108","1":"post","2":"type-post","3":"status-publish","4":"format-standard","5":"has-post-thumbnail","7":"category-ukraine","8":"tag-20-minutes","9":"tag-actualites","10":"tag-eu","11":"tag-europe","12":"tag-fin-de-la-guerre","13":"tag-lukraine","14":"tag-news","15":"tag-ukraine","16":"tag-volodymyr-zelensky"},"share_on_mastodon":{"url":"https:\/\/pubeurope.com\/@fr\/115453530231700686","error":""},"_links":{"self":[{"href":"https:\/\/www.europesays.com\/fr\/wp-json\/wp\/v2\/posts\/496108","targetHints":{"allow":["GET"]}}],"collection":[{"href":"https:\/\/www.europesays.com\/fr\/wp-json\/wp\/v2\/posts"}],"about":[{"href":"https:\/\/www.europesays.com\/fr\/wp-json\/wp\/v2\/types\/post"}],"author":[{"embeddable":true,"href":"https:\/\/www.europesays.com\/fr\/wp-json\/wp\/v2\/users\/2"}],"replies":[{"embeddable":true,"href":"https:\/\/www.europesays.com\/fr\/wp-json\/wp\/v2\/comments?post=496108"}],"version-history":[{"count":0,"href":"https:\/\/www.europesays.com\/fr\/wp-json\/wp\/v2\/posts\/496108\/revisions"}],"wp:featuredmedia":[{"embeddable":true,"href":"https:\/\/www.europesays.com\/fr\/wp-json\/wp\/v2\/media\/496109"}],"wp:attachment":[{"href":"https:\/\/www.europesays.com\/fr\/wp-json\/wp\/v2\/media?parent=496108"}],"wp:term":[{"taxonomy":"category","embeddable":true,"href":"https:\/\/www.europesays.com\/fr\/wp-json\/wp\/v2\/categories?post=496108"},{"taxonomy":"post_tag","embeddable":true,"href":"https:\/\/www.europesays.com\/fr\/wp-json\/wp\/v2\/tags?post=496108"}],"curies":[{"name":"wp","href":"https:\/\/api.w.org\/{rel}","templated":true}]}}