{"id":496110,"date":"2025-10-28T19:50:16","date_gmt":"2025-10-28T19:50:16","guid":{"rendered":"https:\/\/www.europesays.com\/fr\/496110\/"},"modified":"2025-10-28T19:50:16","modified_gmt":"2025-10-28T19:50:16","slug":"sous-pression-aux-etats-unis-bic-abaisse-encore-ses-ambitions-pour-2025","status":"publish","type":"post","link":"https:\/\/www.europesays.com\/fr\/496110\/","title":{"rendered":"Sous pression aux \u00c9tats-Unis, Bic abaisse encore ses ambitions pour 2025"},"content":{"rendered":"<p class=\"fig-paragraph\">Bic, le groupe fran\u00e7ais de stylos, briquets et rasoirs en plastique jetables, a de nouveau abaiss\u00e9 ses perspectives annuelles pour 2025, mardi, apr\u00e8s une \u00abfaible performance\u00bb au troisi\u00e8me trimestre et compte tenu de l&rsquo;impact des\u00a0<a href=\"http:\/\/www.lefigaro.fr\/conjoncture\/dossier\/droits-de-douane-americains-notre-dossier-pour-tout-comprendre\" data-fig-type=\"Topic\" data-gtm-custom-categorie=\"navigation\" data-gtm-custom-action=\"crossclick\" data-gtm-custom-label=\"Contextuel\" data-gtm-event=\"customEventSPE\" data-fig-domain=\"LEFIGARO\" target=\"_blank\" rel=\"noopener\">droits de douane<\/a>\u00a0d\u00e9cr\u00e9t\u00e9s par les \u00c9tats-Unis. Le groupe, qui avait d\u00e9j\u00e0 abaiss\u00e9 ses pr\u00e9visions de chiffre d&rsquo;affaires en avril dernier \u00e0 une fourchette comprise entre +0% et +3% en 2025, table d\u00e9sormais sur une \u00e9volution n\u00e9gative \u00e0 taux de change constants (entre -1 et -1,5%). Cet ajustement prend en compte \u00abl&rsquo;impact total des droits de douane\u00bb aux \u00c9tats-Unis, a indiqu\u00e9 le groupe.<\/p>\n<p class=\"fig-paragraph\">\u00ab2025 est une ann\u00e9e difficile pour Bic: nos activit\u00e9s ont souffert dans un environnement mondial complexe et notre croissance a \u00e9t\u00e9 n\u00e9gative sur les neuf premiers mois\u00bb, a d\u00e9clar\u00e9 le tout nouveau directeur g\u00e9n\u00e9ral, Rob Versloot, le premier \u00e0 ne pas \u00eatre issu de la famille de Marcel Bich, fondateur en 1945. Au troisi\u00e8me trimestre, le groupe a vu son chiffre d&rsquo;affaires reculer de pr\u00e8s de 4%, \u00e0 519 millions d&rsquo;euros. Sur les neuf premiers mois de l&rsquo;ann\u00e9e, le chiffre d&rsquo;affaires a recul\u00e9 de 5%.<\/p>\n<p>                                    <a class=\"fig-a11y-skip a11y-hidden\" href=\"#fig-a11y-skip-main-inarticle\"><br \/>\n        Passer la publicit\u00e9<br \/>\n    <\/a><\/p>\n<p>Recul de la division briquet<\/p>\n<p class=\"fig-paragraph\">En cause, notamment, le march\u00e9 nord-am\u00e9ricain et la division briquets du groupe\u00a0: l&rsquo;Am\u00e9rique du Nord, d&rsquo;ordinaire premier march\u00e9 du groupe, a vu son chiffre d&rsquo;affaires reculer de 6,6% au troisi\u00e8me trimestre, \u00e0 185 millions d&rsquo;euros. Au niveau mondial, la division briquets recule de 8,8%. La division stylos est \u00e9galement en net recul au niveau mondial (-4%). Seule la division rasoirs progresse (+2,6%).<\/p>\n<p class=\"fig-paragraph\">\u00abBien que notre\u00a0<a href=\"http:\/\/www.lefigaro.fr\/conjoncture\/dossier\/droits-de-douane-americains-notre-dossier-pour-tout-comprendre\" data-fig-type=\"Topic\" data-gtm-custom-categorie=\"navigation\" data-gtm-custom-action=\"crossclick\" data-gtm-custom-label=\"Contextuel\" data-gtm-event=\"customEventSPE\" data-fig-domain=\"LEFIGARO\" target=\"_blank\" rel=\"noopener\">performance aux \u00c9tats-Unis<\/a> \u00a0continue d&rsquo;\u00eatre mitig\u00e9e, nous avons eu des relais de croissance dans d&rsquo;autres r\u00e9gions gr\u00e2ce aux produits \u00e0 valeur ajout\u00e9e et une bonne rentr\u00e9e scolaire dans plusieurs pays\u00bb, a comment\u00e9 Rob Versloot. Ses brosses \u00e0 cheveux d\u00e9m\u00ealantes (Tangle Teezer), acquises l&rsquo;an dernier, ont pr\u00e9serv\u00e9 le groupe d&rsquo;un recul encore plus marqu\u00e9 de ses ventes. \u00abCependant, d&rsquo;autres activit\u00e9s dont nous avons fait l&rsquo;acquisition ont un impact n\u00e9gatif sur notre performance financi\u00e8re. Une de mes premi\u00e8res actions a \u00e9t\u00e9 de conclure la vente de notre activit\u00e9 Cello en Inde\u00bb, filiale de stylos acquise en 2015, a d\u00e9clar\u00e9 Rob Versloot. Un accord de cession a d\u00e9j\u00e0 \u00e9t\u00e9 sign\u00e9, a indiqu\u00e9 le groupe, qui pr\u00e9voit une finalisation de cette transaction \u00abd&rsquo;ici la fin de l&rsquo;ann\u00e9e\u00bb.<\/p>\n","protected":false},"excerpt":{"rendered":"Bic, le groupe fran\u00e7ais de stylos, briquets et rasoirs en plastique jetables, a de nouveau abaiss\u00e9 ses perspectives&hellip;\n","protected":false},"author":2,"featured_media":496111,"comment_status":"","ping_status":"","sticky":false,"template":"","format":"standard","meta":{"footnotes":""},"categories":[1589],"tags":[11,32573,73,1866,12,2658,1864,1865,1863,308],"class_list":{"0":"post-496110","1":"post","2":"type-post","3":"status-publish","4":"format-standard","5":"has-post-thumbnail","7":"category-etats-unis","8":"tag-actualites","9":"tag-bic","10":"tag-etats-unis","11":"tag-etats-unis-damerique","12":"tag-news","13":"tag-taxes-douanieres","14":"tag-united-states","15":"tag-united-states-of-america","16":"tag-us","17":"tag-usa"},"share_on_mastodon":{"url":"https:\/\/pubeurope.com\/@fr\/115453534222997789","error":""},"_links":{"self":[{"href":"https:\/\/www.europesays.com\/fr\/wp-json\/wp\/v2\/posts\/496110","targetHints":{"allow":["GET"]}}],"collection":[{"href":"https:\/\/www.europesays.com\/fr\/wp-json\/wp\/v2\/posts"}],"about":[{"href":"https:\/\/www.europesays.com\/fr\/wp-json\/wp\/v2\/types\/post"}],"author":[{"embeddable":true,"href":"https:\/\/www.europesays.com\/fr\/wp-json\/wp\/v2\/users\/2"}],"replies":[{"embeddable":true,"href":"https:\/\/www.europesays.com\/fr\/wp-json\/wp\/v2\/comments?post=496110"}],"version-history":[{"count":0,"href":"https:\/\/www.europesays.com\/fr\/wp-json\/wp\/v2\/posts\/496110\/revisions"}],"wp:featuredmedia":[{"embeddable":true,"href":"https:\/\/www.europesays.com\/fr\/wp-json\/wp\/v2\/media\/496111"}],"wp:attachment":[{"href":"https:\/\/www.europesays.com\/fr\/wp-json\/wp\/v2\/media?parent=496110"}],"wp:term":[{"taxonomy":"category","embeddable":true,"href":"https:\/\/www.europesays.com\/fr\/wp-json\/wp\/v2\/categories?post=496110"},{"taxonomy":"post_tag","embeddable":true,"href":"https:\/\/www.europesays.com\/fr\/wp-json\/wp\/v2\/tags?post=496110"}],"curies":[{"name":"wp","href":"https:\/\/api.w.org\/{rel}","templated":true}]}}