{"id":496112,"date":"2025-10-28T19:51:14","date_gmt":"2025-10-28T19:51:14","guid":{"rendered":"https:\/\/www.europesays.com\/fr\/496112\/"},"modified":"2025-10-28T19:51:14","modified_gmt":"2025-10-28T19:51:14","slug":"royaume-uni-charles-iii-inaugure-le-premier-memorial-national-dedie-aux-militaires-lgbtq","status":"publish","type":"post","link":"https:\/\/www.europesays.com\/fr\/496112\/","title":{"rendered":"Royaume-Uni : Charles III inaugure le premier m\u00e9morial national d\u00e9di\u00e9 aux militaires LGBTQ+"},"content":{"rendered":"<p>Vingt-cinq ans apr\u00e8s la fin du bannissement des personnes homosexuelles et transgenres dans l\u2019arm\u00e9e britannique, le roi Charles III a inaugur\u00e9 lundi 27 octobre, au National Memorial Arboretum de Staffordshire, le premier monument national rendant hommage aux soldats et v\u00e9t\u00e9rans victimes de cette politique discriminatoire.<\/p>\n<p>Baptis\u00e9 An Opened Letter (\u00ab Une lettre ouverte \u00bb), le m\u00e9morial se pr\u00e9sente comme une grande feuille de bronze froiss\u00e9e, grav\u00e9e de fragments de lettres et de t\u00e9moignages de militaires contraints au silence ou exclus pour leur orientation sexuelle ou leur identit\u00e9 de genre.<\/p>\n<p>Cette c\u00e9r\u00e9monie, marqu\u00e9e par la pr\u00e9sence de nombreux v\u00e9t\u00e9rans, a constitu\u00e9 le premier engagement officiel du souverain en soutien \u00e0 la communaut\u00e9 LGBTQ+. En d\u00e9posant des fleurs au pied du monument, Charles III a salu\u00e9 la m\u00e9moire de celles et ceux qui ont servi malgr\u00e9 la peur, la stigmatisation et l\u2019exclusion.<\/p>\n<p>Une reconnaissance longtemps attendue<\/p>\n<p>Jusqu\u2019en 2000, il \u00e9tait ill\u00e9gal pour les militaires britanniques d\u2019\u00eatre ouvertement homosexuels ou transgenres. Des milliers d\u2019entre eux ont \u00e9t\u00e9 enqu\u00eat\u00e9s, renvoy\u00e9s, d\u00e9grad\u00e9s ou priv\u00e9s de pension au titre d\u2019\u00ab inaptitude \u00bb. Certains ont \u00e9galement subi des humiliations, voire des violences sexuelles, document\u00e9es depuis dans plusieurs rapports officiels.<\/p>\n<p>Le gouvernement britannique avait reconnu la gravit\u00e9 de ces faits en 2023 : l\u2019ancien Premier ministre Rishi Sunak avait alors pr\u00e9sent\u00e9 des excuses publiques au nom de l\u2019\u00c9tat et mis en place un programme d\u2019indemnisation pouvant atteindre 70 000 livres sterling (environ 93 000 euros) par personne concern\u00e9e.<\/p>\n<p>Le nouveau m\u00e9morial s\u2019inscrit dans les recommandations du rapport Etherton, enqu\u00eate ind\u00e9pendante sur les cons\u00e9quences de la politique d\u2019exclusion, qui avait mis en lumi\u00e8re un climat de peur, d\u2019homophobie et de harc\u00e8lement institutionnel dans les forces arm\u00e9es.<\/p>\n<p><a href=\"https:\/\/www.stophomophobie.com\/?attachment_id=125090\" target=\"_blank\" rel=\"noopener nofollow\"><img loading=\"lazy\" decoding=\"async\" class=\"alignleft wp-image-125090\" src=\"https:\/\/www.europesays.com\/fr\/wp-content\/uploads\/2025\/10\/Le-roi-Charles-III-inaugure-le-premier-memorial-national-britannique-dedie-aux-militaires-LGBTQ.jpg\" alt=\"\" width=\"300\" height=\"191\"  \/><\/a>\u00ab Faire la paix avec le pass\u00e9 \u00bb<\/p>\n<p>Parmi les anciens soldats pr\u00e9sents, Claire Ashton, renvoy\u00e9e de la Royal Artillery en 1972 \u00e0 l\u2019\u00e2ge de 21 ans, a \u00e9voqu\u00e9 \u00ab un moment que je n\u2019aurais jamais cru possible \u00bb. D\u2019autres v\u00e9t\u00e9rans, comme P\u00e1draig\u00edn N\u00ed R\u00e1ghill\u00edg, expuls\u00e9e de la Royal Air Force apr\u00e8s avoir \u00e9t\u00e9 vue embrassant une femme, ont salu\u00e9 une \u00e9tape de \u00ab gu\u00e9rison \u00bb apr\u00e8s des d\u00e9cennies de silence.<\/p>\n<p>Le collectif artistique Abraxas Academy, \u00e0 l\u2019origine de la sculpture, a voulu faire de cette lettre froiss\u00e9e un symbole de r\u00e9paration et de m\u00e9moire collective. Selon Peter Gibson, directeur de l\u2019association Fighting With Pride, \u00e0 l\u2019origine du projet, le monument mat\u00e9rialise enfin l\u2019id\u00e9e que \u00ab ce qui leur est arriv\u00e9 ne doit plus jamais se reproduire \u00bb.<\/p>\n<p>Une port\u00e9e politique et sociale<\/p>\n<p>L\u2019initiative traduit aussi une \u00e9volution du rapport de la monarchie et de l\u2019arm\u00e9e britannique \u00e0 la diversit\u00e9. Longtemps per\u00e7ue comme une institution conservatrice, l\u2019arm\u00e9e s\u2019efforce depuis deux d\u00e9cennies d\u2019affirmer son ouverture, notamment par des campagnes de visibilit\u00e9 et la reconnaissance officielle des personnels LGBTQ+.<\/p>\n<p>Le Premier ministre Keir Starmer a salu\u00e9 une \u00ab reconnaissance historique \u00bb du courage de ces militaires. Le minist\u00e8re de la D\u00e9fense, de son c\u00f4t\u00e9, a r\u00e9affirm\u00e9 son engagement \u00e0 garantir un environnement \u00ab inclusif et respectueux \u00bb.<\/p>\n<p>Mais pour nombre de v\u00e9t\u00e9rans, cette reconnaissance symbolique ne remplace pas la justice : beaucoup vivent encore avec les s\u00e9quelles psychologiques et sociales de leur \u00e9viction. La question de l\u2019acc\u00e8s effectif aux r\u00e9parations reste, elle, au c\u0153ur des pr\u00e9occupations des associations.<\/p>\n","protected":false},"excerpt":{"rendered":"Vingt-cinq ans apr\u00e8s la fin du bannissement des personnes homosexuelles et transgenres dans l\u2019arm\u00e9e britannique, le roi Charles&hellip;\n","protected":false},"author":2,"featured_media":496113,"comment_status":"","ping_status":"","sticky":false,"template":"","format":"standard","meta":{"footnotes":""},"categories":[1588],"tags":[11,1777,674,12,473,1853,1851,1850,1852],"class_list":{"0":"post-496112","1":"post","2":"type-post","3":"status-publish","4":"format-standard","5":"has-post-thumbnail","7":"category-royaume-uni","8":"tag-actualites","9":"tag-eu","10":"tag-europe","11":"tag-news","12":"tag-royaume-uni","13":"tag-royaume-uni-de-grande-bretagne-et-dirlande-du-nord","14":"tag-uk","15":"tag-united-kingdom","16":"tag-united-kingdom-of-great-britain-and-northern-ireland"},"share_on_mastodon":{"url":"https:\/\/pubeurope.com\/@fr\/115453538689604298","error":""},"_links":{"self":[{"href":"https:\/\/www.europesays.com\/fr\/wp-json\/wp\/v2\/posts\/496112","targetHints":{"allow":["GET"]}}],"collection":[{"href":"https:\/\/www.europesays.com\/fr\/wp-json\/wp\/v2\/posts"}],"about":[{"href":"https:\/\/www.europesays.com\/fr\/wp-json\/wp\/v2\/types\/post"}],"author":[{"embeddable":true,"href":"https:\/\/www.europesays.com\/fr\/wp-json\/wp\/v2\/users\/2"}],"replies":[{"embeddable":true,"href":"https:\/\/www.europesays.com\/fr\/wp-json\/wp\/v2\/comments?post=496112"}],"version-history":[{"count":0,"href":"https:\/\/www.europesays.com\/fr\/wp-json\/wp\/v2\/posts\/496112\/revisions"}],"wp:featuredmedia":[{"embeddable":true,"href":"https:\/\/www.europesays.com\/fr\/wp-json\/wp\/v2\/media\/496113"}],"wp:attachment":[{"href":"https:\/\/www.europesays.com\/fr\/wp-json\/wp\/v2\/media?parent=496112"}],"wp:term":[{"taxonomy":"category","embeddable":true,"href":"https:\/\/www.europesays.com\/fr\/wp-json\/wp\/v2\/categories?post=496112"},{"taxonomy":"post_tag","embeddable":true,"href":"https:\/\/www.europesays.com\/fr\/wp-json\/wp\/v2\/tags?post=496112"}],"curies":[{"name":"wp","href":"https:\/\/api.w.org\/{rel}","templated":true}]}}