{"id":496118,"date":"2025-10-28T19:54:17","date_gmt":"2025-10-28T19:54:17","guid":{"rendered":"https:\/\/www.europesays.com\/fr\/496118\/"},"modified":"2025-10-28T19:54:17","modified_gmt":"2025-10-28T19:54:17","slug":"zelensky-prevoit-des-combats-pendant-plusieurs-annees-lue-prete-a-sortir-le-chequier-2","status":"publish","type":"post","link":"https:\/\/www.europesays.com\/fr\/496118\/","title":{"rendered":"Zelensky pr\u00e9voit des combats pendant plusieurs ann\u00e9es, l\u2019UE pr\u00eate \u00e0 sortir le ch\u00e9quier"},"content":{"rendered":"<p>Vous avez rat\u00e9 les derniers \u00e9v\u00e9nements sur la <a href=\"https:\/\/www.20minutes.fr\/monde\/ukraine\/\" class=\"c-link c-link--is-underlined\" rel=\"nofollow noopener\" target=\"_blank\">guerre en Ukraine<\/a>\u00a0? 20 Minutes fait le point pour vous tous les soirs. Voici l\u2019essentiel de ce mardi 28\u00a0octobre, 1.343e jour du conflit.<\/p>\n<p>Le fait du jour<\/p>\n<p>La fin de la guerre n\u2019est pas pour demain et le pr\u00e9sident ukrainien le sait bien. L\u2019Ukraine aura besoin du soutien financier de l\u2019<a href=\"https:\/\/www.20minutes.fr\/dossier\/europe\" class=\"c-link c-link--is-underlined\" rel=\"nofollow noopener\" target=\"_blank\">Europe<\/a> pendant encore \u00ab\u00a0deux ou trois ans\u00a0\u00bb pour contrer l\u2019invasion russe, a ainsi affirm\u00e9 ce mardi <a href=\"https:\/\/www.20minutes.fr\/monde\/volodymyr-zelensky\/\" class=\"c-link c-link--is-underlined\" rel=\"nofollow noopener\" target=\"_blank\">Volodymyr Zelensky<\/a>, en r\u00e9f\u00e9rence \u00e0 une proposition de la Commission europ\u00e9enne visant \u00e0 d\u00e9bloquer progressivement les avoirs russes gel\u00e9s pour financer l\u2019effort de guerre ukrainien.<\/p>\n<p>\u00ab\u00a0J\u2019ai de nouveau insist\u00e9 sur ce point aupr\u00e8s de tous les dirigeants europ\u00e9ens. Je leur ai dit que nous n\u2019allions pas nous battre pendant des d\u00e9cennies, mais que vous deviez montrer que, pendant un certain temps, vous seriez en mesure de fournir un soutien financier stable \u00e0 l\u2019Ukraine\u00a0\u00bb, a d\u00e9clar\u00e9 le pr\u00e9sident ukrainien. \u00ab\u00a0Et c\u2019est pourquoi ils ont ce programme \u00e0 l\u2019esprit\u00a0: deux-trois ans. La guerre pourrait se finir plus t\u00f4t, mais de l\u2019argent sera n\u00e9cessaire pour la reconstruction\u00a0\u00bb, a-t-il ajout\u00e9.<\/p>\n<p>Selon Volodymyr Zelensky, l\u2019Ukraine a besoin d\u2019un \u00ab\u00a0soutien stable\u00a0\u00bb et de long terme car \u00ab\u00a0on ne sait pas si Poutine relancera une agression ou non apr\u00e8s la fin de cette guerre\u00a0\u00bb.<\/p>\n<p>La d\u00e9claration du jour<\/p>\n<blockquote class=\"mx-m@xs mx-xxl@md color-ultramarine c-citation\">\n<p class=\"font-weight-regular@xs text-italic font-source-serif-pro text-l@xs c-citation__content\">\u00ab\u00a0Si le pr\u00e9sident Trump parvient \u00e0 avoir des discussions, \u00e0 prendre des d\u00e9cisions et \u00e0 obtenir un accord avec la Chine pour r\u00e9duire les importations d\u2019\u00e9nergie russe, je pense que cela nous aidera tous\u00a0\u00bb<\/p>\n<\/blockquote>\n<p>Les paroles sont sign\u00e9es Volodymyr Zelensky ce mardi. Le chef de l\u2019Etat ukrainien a appel\u00e9 Donald Trump \u00e0 faire pression sur Xi Jinping pour qu\u2019il r\u00e9duise son soutien \u00e0 la Russie au cours de la <a href=\"https:\/\/www.20minutes.fr\/monde\/4181623-20251026-etats-unis-donald-trump-lance-tournee-asie-sommet-tres-attendu-xi\" class=\"c-link c-link--is-underlined\" rel=\"nofollow noopener\" target=\"_blank\">rencontre pr\u00e9vue jeudi entre les pr\u00e9sidents<\/a> am\u00e9ricain et chinois. <a href=\"https:\/\/www.20minutes.fr\/dossier\/donald_trump\" class=\"c-link c-link--is-underlined\" rel=\"nofollow noopener\" target=\"_blank\">Donald Trump<\/a> a d\u00e9clar\u00e9 qu\u2019il discuterait certainement de l\u2019invasion russe de l\u2019Ukraine pendant ses entretiens avec <a href=\"https:\/\/www.20minutes.fr\/dossier\/xi_jinping\" class=\"c-link c-link--is-underlined\" rel=\"nofollow noopener\" target=\"_blank\">Xi Jinping<\/a> en Cor\u00e9e du Sud.<\/p>\n<p>\u00ab\u00a0Nous soutenons la politique am\u00e9ricaine consistant \u00e0 explorer toutes les possibilit\u00e9s de limiter l\u2019approvisionnement en ressources \u00e9nerg\u00e9tiques en provenance de Russie, a insist\u00e9 Volodymyr Zelensky. Cela concerne l\u2019Ukraine, la s\u00e9curit\u00e9 europ\u00e9enne et le monde entier car elle utilise l\u2019argent du gaz et du p\u00e9trole pour financer la guerre.\u00a0\u00bb<\/p>\n<\/p>\n<p>Le chiffre du jour<\/p>\n<p>140\u00a0milliards d\u2019euros. C\u2019est le montant in\u00e9dit du nouveau pr\u00eat que l\u2019Union europ\u00e9enne souhaiterait accorder \u00e0 l\u2019Ukraine. L\u2019UE veut pour cela utiliser une partie des liquidit\u00e9s des avoirs russes. La pr\u00e9sidente de la Commission europ\u00e9enne Ursula von der Leyen et les dirigeants des pays nordiques se sont dit mardi confiants de trouver une solution en ce sens, probablement en d\u00e9cembre.<\/p>\n<p>\u00ab\u00a0Je soutiens avec force l\u2019id\u00e9e d\u2019un pr\u00eat de r\u00e9paration. Je pense, pour \u00eatre honn\u00eate, que c\u2019est la seule voie \u00e0 suivre. Et j\u2019aime beaucoup l\u2019id\u00e9e que la Russie paie pour les dommages qu\u2019elle a caus\u00e9s et commis en Ukraine. Pour moi, il n\u2019y a pas d\u2019alternative au pr\u00eat de r\u00e9paration\u00a0\u00bb, a dit la Premi\u00e8re ministre danoise Mette Frederiksen.<\/p>\n<p>\u00ab\u00a0Il s\u2019agit d\u2019une proposition juridiquement valable, qui n\u2019est pas anodine\u00a0\u00bb, a soulign\u00e9 Ursula von der Leyen. Le message \u00e0 la Russie est tr\u00e8s clair\u00a0: nous sous sommes pr\u00eats \u00e0 couvrir les besoins financiers de l\u2019Ukraine, de sorte que nous restons \u00e0 ses c\u00f4t\u00e9s aussi longtemps qu\u2019il le faudra.\u00a0\u00bb<\/p>\n<p>La tendance<\/p>\n<p>L\u2019avionneur public indien a annonc\u00e9 mardi avoir sign\u00e9 un contrat avec le g\u00e9ant a\u00e9ronautique russe United Aircraft Corporation (UAC), sous sanctions am\u00e9rcaines et europ\u00e9ennes, pour produire des avions en Inde. Selon l\u2019entreprise publique indienne Hindustan Aeronautics (HAL), l\u2019accord, sign\u00e9 lundi \u00e0 Moscou, permettra pour \u00ab\u00a0la premi\u00e8re fois de produire des avions de ligne enti\u00e8rement en Inde\u00a0\u00bb. Le ministre indien de la D\u00e9fense, Rajnath Singh, a salu\u00e9 sur X cette \u00ab\u00a0\u00e9tape majeure pour le secteur de l\u2019aviation civile indienne\u00a0\u00bb, soulignant que ce partenariat permettra de cr\u00e9er des emplois et de renforcer l\u2019autonomie du pays.<\/p>\n<p>United Aircraft Corporation, contr\u00f4l\u00e9 par l\u2019Etat russe, fait l\u2019objet de sanctions prises par les chine, l\u2019Union Europ\u00e9enne et le Royaume-Uni contre Moscou.<\/p>\n<p>Cette annonce pourrait provoquer des tensions parmi les partenaires occidentaux de l\u2019Inde, notamment Washington qui, \u00e0 maintes reprises, a reproch\u00e9 \u00e0 l\u2019Inde de financer la guerre en Ukraine \u00e0 travers ses achats de p\u00e9trole \u00e0 la Russie.<\/p>\n","protected":false},"excerpt":{"rendered":"Vous avez rat\u00e9 les derniers \u00e9v\u00e9nements sur la guerre en Ukraine\u00a0? 20 Minutes fait le point pour vous&hellip;\n","protected":false},"author":2,"featured_media":496119,"comment_status":"","ping_status":"","sticky":false,"template":"","format":"standard","meta":{"footnotes":""},"categories":[1586],"tags":[47,11,309,2196,1777,674,1779,1011,27,131,5595,74,12,25,132,1778,364,555,2544,134],"class_list":{"0":"post-496118","1":"post","2":"type-post","3":"status-publish","4":"format-standard","5":"has-post-thumbnail","7":"category-europe","8":"tag-actualite","9":"tag-actualites","10":"tag-chine","11":"tag-commission-europeenne","12":"tag-eu","13":"tag-europe","14":"tag-european-union","15":"tag-fr","16":"tag-france","17":"tag-guerre-en-ukraine","18":"tag-inde","19":"tag-monde","20":"tag-news","21":"tag-republique-francaise","22":"tag-russie","23":"tag-ue","24":"tag-union-europeenne","25":"tag-union-europeenne-ue","26":"tag-ursula-von-der-leyen","27":"tag-volodymyr-zelensky"},"share_on_mastodon":{"url":"https:\/\/pubeurope.com\/@fr\/115453549799428990","error":""},"_links":{"self":[{"href":"https:\/\/www.europesays.com\/fr\/wp-json\/wp\/v2\/posts\/496118","targetHints":{"allow":["GET"]}}],"collection":[{"href":"https:\/\/www.europesays.com\/fr\/wp-json\/wp\/v2\/posts"}],"about":[{"href":"https:\/\/www.europesays.com\/fr\/wp-json\/wp\/v2\/types\/post"}],"author":[{"embeddable":true,"href":"https:\/\/www.europesays.com\/fr\/wp-json\/wp\/v2\/users\/2"}],"replies":[{"embeddable":true,"href":"https:\/\/www.europesays.com\/fr\/wp-json\/wp\/v2\/comments?post=496118"}],"version-history":[{"count":0,"href":"https:\/\/www.europesays.com\/fr\/wp-json\/wp\/v2\/posts\/496118\/revisions"}],"wp:featuredmedia":[{"embeddable":true,"href":"https:\/\/www.europesays.com\/fr\/wp-json\/wp\/v2\/media\/496119"}],"wp:attachment":[{"href":"https:\/\/www.europesays.com\/fr\/wp-json\/wp\/v2\/media?parent=496118"}],"wp:term":[{"taxonomy":"category","embeddable":true,"href":"https:\/\/www.europesays.com\/fr\/wp-json\/wp\/v2\/categories?post=496118"},{"taxonomy":"post_tag","embeddable":true,"href":"https:\/\/www.europesays.com\/fr\/wp-json\/wp\/v2\/tags?post=496118"}],"curies":[{"name":"wp","href":"https:\/\/api.w.org\/{rel}","templated":true}]}}