{"id":496128,"date":"2025-10-28T20:07:19","date_gmt":"2025-10-28T20:07:19","guid":{"rendered":"https:\/\/www.europesays.com\/fr\/496128\/"},"modified":"2025-10-28T20:07:19","modified_gmt":"2025-10-28T20:07:19","slug":"adele-exarchopoulos-confie-ses-craintes-concernant-sa-vie-amoureuse","status":"publish","type":"post","link":"https:\/\/www.europesays.com\/fr\/496128\/","title":{"rendered":"Ad\u00e8le Exarchopoulos confie ses craintes concernant sa vie amoureuse"},"content":{"rendered":"<p>Invit\u00e9e dans Hot Ones sur Canal+, Ad\u00e8le Exarchopoulos a fait de rares confidences sur sa vie priv\u00e9e. L&rsquo;actrice \u00e0 l&rsquo;affiche de Chien 51 a \u00e9voqu\u00e9 ses craintes concernant sa vie amoureuse.<\/p>\n<p>La nouvelle saison de Hot Ones a commenc\u00e9 fort sur Canal+ ! La nouvelle salve d&rsquo;interviews \u00e9pic\u00e9es de <a href=\"https:\/\/www.programme-tv.net\/biographie\/206466-khojandi-kyan\/\" data-link-people=\"528b08fa-6746-4efb-bcbb-cd06309eacf9\" target=\"_blank\" rel=\"noopener\">Kyan Khojandi<\/a> a \u00e9t\u00e9 inaugur\u00e9e par Ad\u00e8le Exarchopoulos qui est <a href=\"https:\/\/www.programme-tv.net\/news\/cinema\/389233-le-film-francais-le-plus-attendu-de-fin-dannee-qui-marque-les-retrouvailles-dadele-exarchopoulos-et-gilles-lellouche-arrive-au-cinema-ce-mercredi\/\" data-api-deeplink=\"teleloisirs:\/\/news\/389233\" target=\"_blank\" rel=\"noopener\">\u00e0 l&rsquo;affiche du film Chien 51 avec Gilles Lellouche<\/a>. Et pour l&rsquo;actrice de 31 ans, hors de question de faire la fine bouche. \u00ab\u00a0J&rsquo;ai promis \u00e0 mon fils que j&rsquo;allais toutes les kicker les sauces donc je vais toutes les manger m\u00eame si je vais crever\u00a0\u00bb, a-t-elle pr\u00e9venu. Entre deux nuggets piment\u00e9s, Ad\u00e8le Exarchopoulos a imagin\u00e9 \u00e0 quel personnage marquant qu&rsquo;elle a interpr\u00e9t\u00e9 elle demanderait des conseils concernant sa vie amoureuse. Apr\u00e8s avoir pens\u00e9 \u00e0 Soraya dans La Flamme qui pourrait pimenter son histoire, elle a finalement choisi <a href=\"https:\/\/www.programme-tv.net\/news\/people\/362314-c-est-catastrophique-francois-civil-et-adele-exarchopoulos-racontent-ce-qui-a-perturbe-leur-duo-sur-le-tournage-de-l-amour-ouf\/\" data-api-deeplink=\"teleloisirs:\/\/news\/362314\" target=\"_blank\" rel=\"noopener\">Jackie, l&rsquo;amoureuse \u00e9perdue de Clotaire dans L&rsquo;Amour ouf<\/a>.<\/p>\n<p>                        Ad\u00e8le Exarchopoulos \u00e9voque ses craintes concernant sa vie amoureuse<\/p>\n<p>Qui d&rsquo;autre aurait-elle pu choisir ? \u00c9videmment, c&rsquo;est aupr\u00e8s de Jackie qu&rsquo;Ad\u00e8le Exarchopoulos irait chercher des conseils amoureux. \u00ab\u00a0Jackie, elle me dirait : &lsquo;tente&rsquo; [&#8230;] Jackie, j&rsquo;aime bien ses choix, elle est courageuse\u00a0\u00bb, a-t-elle suppos\u00e9. \u00ab\u00a0C&rsquo;est ma hantise les gens qui ont une \u00e2me s\u0153ur sur la plan\u00e8te mais qui ne se percutent jamais\u00a0\u00bb, a confi\u00e9 la com\u00e9dienne avant d&rsquo;\u00e9voquer ses craintes concernant sa vie sentimentale : <b>\u00ab\u00a0Je crois que la solitude comme \u00e7a, c&rsquo;\u00e9tait ma plus grande angoisse. De me dire peut-\u00eatre que tu es destin\u00e9e \u00e0 quelqu&rsquo;un mais tes choix, ton libre arbitre font que tu ne le croises jamais.\u00a0\u00bb<\/b><\/p>\n<p>Ad\u00e8le Exarchopoulos d\u00e9ment les rumeurs de grossesse<\/p>\n<p>Apr\u00e8s <a href=\"https:\/\/www.programme-tv.net\/news\/people\/390521-c-est-faux-adele-exarchopoulos-dement-fermement-les-rumeurs-de-grossesse-et-pousse-un-coup-de-gueule\/\" data-api-deeplink=\"teleloisirs:\/\/news\/390521\" target=\"_blank\" rel=\"noopener\">des rumeurs de grossesse<\/a>, Ad\u00e8le Exarchopoulos a bris\u00e9 le silence le 22 octobre dernier sur <a href=\"https:\/\/www.youtube.com\/watch?v=-xlP0H-2PZU\" target=\"_blank\" rel=\"noopener\">la cha\u00eene YouTube de Sally<\/a>. \u00ab\u00a0On a dit que j&rsquo;\u00e9tais enceinte alors que c&rsquo;est faux. J&rsquo;avais juste mang\u00e9 libanais\u00a0\u00bb, a-t-elle rapport\u00e9. \u00ab\u00a0Dieu merci, je ne traverse aucune \u00e9preuve qui fait que \u00e7a pourrait me heurter parce que c&rsquo;est faux\u00a0\u00bb, a poursuivi l&rsquo;actrice avant de conclure : \u00ab\u00a0Il y a quand m\u00eame d&rsquo;autres choses qui m\u00e9ritent plus de lumi\u00e8re [&#8230;] que si j&rsquo;ai mang\u00e9 libanais ou si c&rsquo;est un enfant.\u00a0\u00bb<\/p>\n<p><a href=\"https:\/\/www.canalplus.com\/divertissement\/hot-ones\/h\/18582832_50001\" target=\"_blank\" rel=\"noopener\"><b>Hot Ones<\/b><\/a><b>, \u00e0 retrouver en int\u00e9gralit\u00e9 sur l&rsquo;application myCANAL.<\/b><\/p><\/p>\n","protected":false},"excerpt":{"rendered":"Invit\u00e9e dans Hot Ones sur Canal+, Ad\u00e8le Exarchopoulos a fait de rares confidences sur sa vie priv\u00e9e. L&rsquo;actrice&hellip;\n","protected":false},"author":2,"featured_media":496129,"comment_status":"","ping_status":"","sticky":false,"template":"","format":"standard","meta":{"footnotes":""},"categories":[1359],"tags":[36267,4548,244,58,59,1011,27,61857,61859,973,61858],"class_list":{"0":"post-496128","1":"post","2":"type-post","3":"status-publish","4":"format-standard","5":"has-post-thumbnail","7":"category-people","8":"tag-adu00e8le-exarchopoulos","9":"tag-channel_tl-story","10":"tag-commentaire","11":"tag-divertissement","12":"tag-entertainment","13":"tag-fr","14":"tag-france","15":"tag-guid_6282772412001","16":"tag-hot-ones","17":"tag-people","18":"tag-uuid_0ddc7495-b1eb-4b72-89ea-c63a69f6fffe"},"share_on_mastodon":{"url":"https:\/\/pubeurope.com\/@fr\/115453601055436920","error":""},"_links":{"self":[{"href":"https:\/\/www.europesays.com\/fr\/wp-json\/wp\/v2\/posts\/496128","targetHints":{"allow":["GET"]}}],"collection":[{"href":"https:\/\/www.europesays.com\/fr\/wp-json\/wp\/v2\/posts"}],"about":[{"href":"https:\/\/www.europesays.com\/fr\/wp-json\/wp\/v2\/types\/post"}],"author":[{"embeddable":true,"href":"https:\/\/www.europesays.com\/fr\/wp-json\/wp\/v2\/users\/2"}],"replies":[{"embeddable":true,"href":"https:\/\/www.europesays.com\/fr\/wp-json\/wp\/v2\/comments?post=496128"}],"version-history":[{"count":0,"href":"https:\/\/www.europesays.com\/fr\/wp-json\/wp\/v2\/posts\/496128\/revisions"}],"wp:featuredmedia":[{"embeddable":true,"href":"https:\/\/www.europesays.com\/fr\/wp-json\/wp\/v2\/media\/496129"}],"wp:attachment":[{"href":"https:\/\/www.europesays.com\/fr\/wp-json\/wp\/v2\/media?parent=496128"}],"wp:term":[{"taxonomy":"category","embeddable":true,"href":"https:\/\/www.europesays.com\/fr\/wp-json\/wp\/v2\/categories?post=496128"},{"taxonomy":"post_tag","embeddable":true,"href":"https:\/\/www.europesays.com\/fr\/wp-json\/wp\/v2\/tags?post=496128"}],"curies":[{"name":"wp","href":"https:\/\/api.w.org\/{rel}","templated":true}]}}