{"id":496134,"date":"2025-10-28T20:11:20","date_gmt":"2025-10-28T20:11:20","guid":{"rendered":"https:\/\/www.europesays.com\/fr\/496134\/"},"modified":"2025-10-28T20:11:20","modified_gmt":"2025-10-28T20:11:20","slug":"je-ne-me-suis-pas-fait-operer","status":"publish","type":"post","link":"https:\/\/www.europesays.com\/fr\/496134\/","title":{"rendered":"Je ne me suis pas fait op\u00e9rer"},"content":{"rendered":"<p>Fr\u00e9d\u00e9ric Fran\u00e7ois s&rsquo;appr\u00eate \u00e0 monter sur la sc\u00e8ne de L&rsquo;Olympia avec son nouvel album. Sur le plateau du Buzz TV, il a tenu \u00e0 balayer les rumeurs qui pr\u00e9tendaient qu&rsquo;il avait \u00e9t\u00e9 hospitalis\u00e9 r\u00e9cemment pour une op\u00e9ration de l&rsquo;intestin. <\/p>\n<p>A 75 ans, Fr\u00e9d\u00e9ric Fran\u00e7ois n&rsquo;a absolument pas l&rsquo;attention de raccrocher les gants. Le 16 novembre prochain, l&rsquo;interpr\u00e8te de Je t&rsquo;aime \u00e0 l&rsquo;italienne sera sur la sc\u00e8ne de l&rsquo;Olympia, afin de c\u00e9l\u00e9brer ses 56 ans de carri\u00e8re. Il y interpr\u00e9tera les titres de son nouvel album, Tout s\u2019oublie un jour. S&rsquo;il a r\u00e9ussi \u00e0 traverser toutes les \u00e9poques depuis ses d\u00e9buts, <a href=\"https:\/\/www.programme-tv.net\/news\/people\/380241-plus-personne-ne-voulait-de-moi-frederic-francois-a-fait-face-a-des-problemes-de-sante-lors-de-sa-traversee-du-desert\/\" data-api-deeplink=\"teleloisirs:\/\/news\/380241\" target=\"_blank\" rel=\"noopener\">il n&rsquo;avait pas cach\u00e9 qu&rsquo;il avait connu une travers\u00e9e du d\u00e9sert dans les ann\u00e9es 80 qui n&rsquo;avait pas \u00e9t\u00e9 sans incidence sur sa sant\u00e9.<\/a> \u00ab\u00a0Je sombre dans une spasmophilie qui sont des angoisses qui se r\u00e9percutent dans le temps parce que les \u00e9missions s&rsquo;annulaient, parce que plus personne ne voulait de moi, mon producteur \u00e9tait parti\u00a0\u00bb, avait-il confi\u00e9 dans En Apart\u00e9. Mais tout r\u00e9cemment, sa sant\u00e9 a \u00e0 nouveau fait l&rsquo;objet d&rsquo;inqui\u00e9tudes, dont les m\u00e9dias belges se sont fait l&rsquo;\u00e9cho. Il aurait m\u00eame \u00e9t\u00e9 hospitalis\u00e9, il y a quelques semaines.<\/p>\n<p>                        Fr\u00e9d\u00e9ric Fran\u00e7ois pr\u00e9cise qu&rsquo;il n&rsquo;a \u00ab\u00a0aucun bobo\u00a0\u00bb et qu&rsquo;il est simplement hypocondriaque<\/p>\n<p>Fr\u00e9d\u00e9ric Fran\u00e7ois a profit\u00e9 de son passage dans le<a href=\"https:\/\/tvmag.lefigaro.fr\/programme-tv\/actu-tele\/c-etait-un-check-up-apres-son-hospitalisation-frederic-francois-tient-a-rassurer-sur-son-etat-de-sante-20251028\" target=\"_blank\" rel=\"noopener\"> Buzz TV<\/a> pour faire une mise au point sur son \u00e9tat de sant\u00e9. <b>\u00ab\u00a0Je suis un peu comme mon ami <\/b><a href=\"https:\/\/www.programme-tv.net\/biographie\/513-drucker-michel\/\" data-link-people=\"7c97fddf-70ec-49d0-83b3-cad98eb2ec24\" target=\"_blank\" rel=\"noopener\"><b>Michel Drucker<\/b><\/a><b>. Je devrais avoir un h\u00f4pital l\u00e0 au fond du jardin. Le moindre petit bobo, je vais chez mon m\u00e9decin<\/b>. Si je dois passer une radio, je passe une radio pour \u00eatre s\u00fbr que \u00e7a ne va pas s&rsquo;amplifier et que \u00e7a va se gu\u00e9rir directement, tout simplement\u00a0\u00bb, a-t-il d&rsquo;abord tenu \u00e0 pr\u00e9ciser. Interrog\u00e9 sur une op\u00e9ration de l&rsquo;intestin qu&rsquo;il aurait subie, Fr\u00e9d\u00e9ric Fran\u00e7ois a not\u00e9 que cette intervention datait de plusieurs ann\u00e9es et qu&rsquo;il s&rsquo;agissait d&rsquo;une \u00ab\u00a0vieille histoire\u00a0\u00bb. <b>\u00ab\u00a0Autrement, aucun bobo, rien du tout. Je ne serais pas ici si j&rsquo;avais un bobo ou un truc. Je ne me suis pas fait op\u00e9rer des intestins\u00a0\u00bb<\/b>, a-t-il affirm\u00e9. S&rsquo;il s&rsquo;est rendu \u00e0 l&rsquo;h\u00f4pital, c&rsquo;est pour un simple check-up.<\/p>\n<p>            Fr\u00e9d\u00e9ric Fran\u00e7ois est mont\u00e9 sur sc\u00e8ne avec une fracture contre l&rsquo;avis des m\u00e9decins<\/p>\n<p>En 2024,<a href=\"https:\/\/www.programme-tv.net\/news\/musique\/347431-jai-reporte-mes-six-premiers-spectacles-frederic-francois-se-livre-sur-son-nouvel-album-et-sa-tournee\/\" data-api-deeplink=\"teleloisirs:\/\/news\/347431\" target=\"_blank\" rel=\"noopener\"> Fr\u00e9d\u00e9ric Fran\u00e7ois avait brav\u00e9 les avertissements des m\u00e9decins pour monter sur sc\u00e8ne malgr\u00e9 son \u00e9paule fractur\u00e9e.<\/a> \u00ab\u00a0J\u2019ai report\u00e9 mes six premiers spectacles parce que c\u2019\u00e9tait compliqu\u00e9 avec mes deux fractures. Les m\u00e9decins voulaient que je reste chez moi\u00a0\u00bb, avait-il confi\u00e9 \u00e0 T\u00e9l\u00e9-Loisirs. \u00ab\u00a0Finalement, je n\u2019ai donc \u00e9cout\u00e9 personne et j\u2019ai d\u00e9cid\u00e9 de chanter. J\u2019en ai d\u00e9j\u00e0 fait quatre, avec le bras en \u00e9charpe\u00a0\u00bb, s&rsquo;\u00e9tait-il amus\u00e9.<\/p>\n<blockquote class=\"twitter-tweet\">\n<p lang=\"fr\" dir=\"ltr\">\u00abC\u2019\u00e9tait un check-up\u00bb : apr\u00e8s son hospitalisation, <a href=\"https:\/\/twitter.com\/FF_officiel?ref_src=twsrc%5Etfw\" target=\"_blank\" rel=\"noopener\">@FF_officiel<\/a> tient \u00e0 rassurer sur son \u00e9tat de sant\u00e9 dans le <a href=\"https:\/\/twitter.com\/hashtag\/BuzzTV?src=hash&amp;ref_src=twsrc%5Etfw\" target=\"_blank\" rel=\"noopener\">#BuzzTV<\/a><br \/>\u27a1\ufe0f <a href=\"https:\/\/t.co\/gQsItvAQhi\">https:\/\/t.co\/gQsItvAQhi<\/a> <a href=\"https:\/\/t.co\/9hkNTDcbla\">pic.twitter.com\/9hkNTDcbla<\/a><\/p>\n<p>\u2014 TV Magazine (@TVMAG) <a href=\"https:\/\/twitter.com\/TVMAG\/status\/1983206172887810238?ref_src=twsrc%5Etfw\" target=\"_blank\" rel=\"noopener\">October 28, 2025<\/a><\/p><\/blockquote>\n<p>        <script async src=\"https:\/\/platform.twitter.com\/widgets.js\" charset=\"utf-8\"><\/script><\/p>\n","protected":false},"excerpt":{"rendered":"Fr\u00e9d\u00e9ric Fran\u00e7ois s&rsquo;appr\u00eate \u00e0 monter sur la sc\u00e8ne de L&rsquo;Olympia avec son nouvel album. Sur le plateau du&hellip;\n","protected":false},"author":2,"featured_media":496135,"comment_status":"","ping_status":"","sticky":false,"template":"","format":"standard","meta":{"footnotes":""},"categories":[1355],"tags":[1696,244,58,59,1011,27,61860,1361,873,5930],"class_list":{"0":"post-496134","1":"post","2":"type-post","3":"status-publish","4":"format-standard","5":"has-post-thumbnail","7":"category-musique","8":"tag-chanteur","9":"tag-commentaire","10":"tag-divertissement","11":"tag-entertainment","12":"tag-fr","13":"tag-france","14":"tag-fru00e9du00e9ric-franu00e7ois","15":"tag-music","16":"tag-musique","17":"tag-tournu00e9e"},"share_on_mastodon":{"url":"https:\/\/pubeurope.com\/@fr\/115453616667538482","error":""},"_links":{"self":[{"href":"https:\/\/www.europesays.com\/fr\/wp-json\/wp\/v2\/posts\/496134","targetHints":{"allow":["GET"]}}],"collection":[{"href":"https:\/\/www.europesays.com\/fr\/wp-json\/wp\/v2\/posts"}],"about":[{"href":"https:\/\/www.europesays.com\/fr\/wp-json\/wp\/v2\/types\/post"}],"author":[{"embeddable":true,"href":"https:\/\/www.europesays.com\/fr\/wp-json\/wp\/v2\/users\/2"}],"replies":[{"embeddable":true,"href":"https:\/\/www.europesays.com\/fr\/wp-json\/wp\/v2\/comments?post=496134"}],"version-history":[{"count":0,"href":"https:\/\/www.europesays.com\/fr\/wp-json\/wp\/v2\/posts\/496134\/revisions"}],"wp:featuredmedia":[{"embeddable":true,"href":"https:\/\/www.europesays.com\/fr\/wp-json\/wp\/v2\/media\/496135"}],"wp:attachment":[{"href":"https:\/\/www.europesays.com\/fr\/wp-json\/wp\/v2\/media?parent=496134"}],"wp:term":[{"taxonomy":"category","embeddable":true,"href":"https:\/\/www.europesays.com\/fr\/wp-json\/wp\/v2\/categories?post=496134"},{"taxonomy":"post_tag","embeddable":true,"href":"https:\/\/www.europesays.com\/fr\/wp-json\/wp\/v2\/tags?post=496134"}],"curies":[{"name":"wp","href":"https:\/\/api.w.org\/{rel}","templated":true}]}}