{"id":496146,"date":"2025-10-28T20:18:16","date_gmt":"2025-10-28T20:18:16","guid":{"rendered":"https:\/\/www.europesays.com\/fr\/496146\/"},"modified":"2025-10-28T20:18:16","modified_gmt":"2025-10-28T20:18:16","slug":"en-direct-ouragan-melissa-la-tempete-du-siecle-frappe-la-jamaique-avec-des-vents-a-pres-de-300-km-h","status":"publish","type":"post","link":"https:\/\/www.europesays.com\/fr\/496146\/","title":{"rendered":"EN DIRECT &#8211; Ouragan Melissa : la \u00ab\u00a0temp\u00eate du si\u00e8cle\u00a0\u00bb frappe la Jama\u00efque avec des vents \u00e0 pr\u00e8s de 300 km\/h"},"content":{"rendered":"<p>      Vivres, Blocs de ciment, abris&#8230; les habitants se pr\u00e9parent avant l&rsquo;arriv\u00e9e de l&rsquo;ouragan<\/p>\n<p>\u00c0 Flagaman, dans le sud de la Jama\u00efque, Enrico Coke a ouvert les portes de son magasin pour abriter ceux qui en ont besoin. \u00ab\u00a0On a tout ce qu&rsquo;il faut ici: \u00e0 manger, \u00e0 boire, du savon, du dentifrice&#8230; Alors on laisse tout le monde venir\u00a0\u00bb, explique-t-il \u00e0 l&rsquo;AFP, \u00ab\u00a0inquiet pour ceux qui n&rsquo;ont pas d&rsquo;endroit o\u00f9 \u00eatre h\u00e9berg\u00e9s\u00a0\u00bb<\/p>\n<p>Ailleurs, Lisa, une ressortissante fran\u00e7aise en couple avec un Jama\u00efcain, a prot\u00e9g\u00e9 ses vitres avec de la t\u00f4le, \u00ab\u00a0beaucoup de scotch\u00a0\u00bb et des sacs plastiques \u00ab\u00a0pour ne pas que l&rsquo;eau s&rsquo;infiltre\u00a0\u00bb. \u00ab\u00a0On a mis des blocs de ciment devant la porte pour ne pas que l&rsquo;inondation d\u00e9borde dans la maison. On a \u00e9loign\u00e9 nos lits des fen\u00eatres, on a charg\u00e9 nos t\u00e9l\u00e9phones, nos batteries. On a pr\u00e9par\u00e9 un sac \u00e0 manger au cas o\u00f9 il faut partir vite, un sac de secours \u00e9galement\u00a0\u00bb, d\u00e9taille-t-elle sur\u00a0<a class=\"link\" href=\"https:\/\/www.bfmtv.com\/international\/maisons-barricadees-sacs-de-vivres-mises-a-l-abri-comment-la-jamaique-s-est-preparee-a-affronter-l-ouragan-melissa_AV-202510280440.html\" target=\"_blank\" rel=\"nofollow noopener\">BFMTV<\/a>.<\/p>\n<p>Le ministre d&rsquo;\u00c9tat charg\u00e9 du cabinet du Premier ministre jama\u00efcain, Abka Fitz-Henley, a d\u00e9clar\u00e9 \u00e0 la\u00a0<a class=\"link\" href=\"https:\/\/www.bbc.com\/pidgin\/articles\/cg7njzk3g5mo.amp\" target=\"_blank\" rel=\"nofollow noopener\">BBC<\/a>\u00a0qu&rsquo;environ 1.000 personnes se trouvaient dans des abris \u00e0 l&rsquo;approche de la temp\u00eate.<\/p>\n<p>                <img decoding=\"async\" alt=\"\" class=\"media-item lazy\" src=\"https:\/\/www.europesays.com\/fr\/wp-content\/uploads\/2025\/10\/1791943-des-personnes-assises-dans-l-abri-d-une-ecole-primaire-a-kingston-jamaique-le-27-octobre-202.jpeg\"\/><\/p>\n<p class=\"article-media-figcaption-title\">Des personnes assises dans l&rsquo;abri d&rsquo;une \u00e9cole primaire \u00e0 Kingston (Jama\u00efque), le 27 octobre 2025, avant l&rsquo;arriv\u00e9e de l&rsquo;ouragan Melissa.<\/p>\n<p class=\"article-media-figcaption-credits\">Cr\u00e9dit Image : Ricardo Makyn \/ AFP<\/p>\n<p>Partager<\/p>\n","protected":false},"excerpt":{"rendered":"Vivres, Blocs de ciment, abris&#8230; les habitants se pr\u00e9parent avant l&rsquo;arriv\u00e9e de l&rsquo;ouragan \u00c0 Flagaman, dans le sud&hellip;\n","protected":false},"author":2,"featured_media":496147,"comment_status":"","ping_status":"","sticky":false,"template":"","format":"standard","meta":{"footnotes":""},"categories":[5],"tags":[11,898,7183,34472,107,1011,27,3059,14,59749,2487,12,46266,30856,28],"class_list":{"0":"post-496146","1":"post","2":"type-post","3":"status-publish","4":"format-standard","5":"has-post-thumbnail","7":"category-international","8":"tag-actualites","9":"tag-alerte","10":"tag-catastrophe","11":"tag-degats","12":"tag-fil-info","13":"tag-fr","14":"tag-france","15":"tag-intemperies","16":"tag-international","17":"tag-jamaique","18":"tag-meteo","19":"tag-news","20":"tag-ouragan","21":"tag-vents-violents","22":"tag-world"},"share_on_mastodon":{"url":"https:\/\/pubeurope.com\/@fr\/115453645273337697","error":""},"_links":{"self":[{"href":"https:\/\/www.europesays.com\/fr\/wp-json\/wp\/v2\/posts\/496146","targetHints":{"allow":["GET"]}}],"collection":[{"href":"https:\/\/www.europesays.com\/fr\/wp-json\/wp\/v2\/posts"}],"about":[{"href":"https:\/\/www.europesays.com\/fr\/wp-json\/wp\/v2\/types\/post"}],"author":[{"embeddable":true,"href":"https:\/\/www.europesays.com\/fr\/wp-json\/wp\/v2\/users\/2"}],"replies":[{"embeddable":true,"href":"https:\/\/www.europesays.com\/fr\/wp-json\/wp\/v2\/comments?post=496146"}],"version-history":[{"count":0,"href":"https:\/\/www.europesays.com\/fr\/wp-json\/wp\/v2\/posts\/496146\/revisions"}],"wp:featuredmedia":[{"embeddable":true,"href":"https:\/\/www.europesays.com\/fr\/wp-json\/wp\/v2\/media\/496147"}],"wp:attachment":[{"href":"https:\/\/www.europesays.com\/fr\/wp-json\/wp\/v2\/media?parent=496146"}],"wp:term":[{"taxonomy":"category","embeddable":true,"href":"https:\/\/www.europesays.com\/fr\/wp-json\/wp\/v2\/categories?post=496146"},{"taxonomy":"post_tag","embeddable":true,"href":"https:\/\/www.europesays.com\/fr\/wp-json\/wp\/v2\/tags?post=496146"}],"curies":[{"name":"wp","href":"https:\/\/api.w.org\/{rel}","templated":true}]}}