{"id":496148,"date":"2025-10-28T20:19:12","date_gmt":"2025-10-28T20:19:12","guid":{"rendered":"https:\/\/www.europesays.com\/fr\/496148\/"},"modified":"2025-10-28T20:19:12","modified_gmt":"2025-10-28T20:19:12","slug":"juan-carlos-ex-roi-despagne-se-confie-au-figaro-magazine","status":"publish","type":"post","link":"https:\/\/www.europesays.com\/fr\/496148\/","title":{"rendered":"Juan Carlos, ex-roi d\u2019Espagne, se confie au Figaro Magazine"},"content":{"rendered":"<p>\n    <strong>R\u00c9CIT <\/strong>&#8211; Les M\u00e9moires de Juan Carlos sont l\u2019\u00e9v\u00e9nement \u00e9ditorial de l\u2019automne. Attendus et redout\u00e9s en Espagne, ils paraissent d\u2019abord en exclusivit\u00e9 en France, aux \u00e9ditions Stock. L\u2019ex-souverain a re\u00e7u l\u2019hebdomadaire \u00e0 Abu Dhabi.<\/p>\n<p class=\"fig-paragraph\">Du centre\u00a0<a href=\"http:\/\/www.lefigaro.fr\/voyages\/conseils\/quand-partir-a-abu-dhabi-meteo-temperature-evenements-les-meilleures-periodes-pour-decouvrir-l-emirat-20230213\" data-fig-type=\"Article\" data-gtm-custom-categorie=\"navigation\" data-gtm-custom-action=\"crossclick\" data-gtm-custom-label=\"Contextuel\" data-gtm-event=\"customEventSPE\" data-fig-domain=\"LEFIGARO\" target=\"_blank\" rel=\"noopener\">d\u2019Abu Dhabi<\/a>\u00a0\u00e0 la petite \u00eele de Nura\u00ef, il faut une demi-heure, dont dix minutes de bateau. Une vedette fend l\u2019eau lisse en s\u2019\u00e9loignant des rives habit\u00e9es. Nous accostons dans une marina discr\u00e8te. Une qui\u00e9tude lourde de soleil enveloppe ce paysage de sable fin, o\u00f9 de hauts roseaux et des arbustes foisonnants prot\u00e8gent de la vue des villas toutes neuves. Un v\u00e9hicule \u00e9lectrique nous emm\u00e8ne jusqu\u2019\u00e0 la maison du roi, mise \u00e0 disposition par le chef des \u00c9mirats arabes unis,\u00a0<a href=\"http:\/\/www.lefigaro.fr\/flash-actu\/mohammed-ben-zayed-elu-president-des-emirats-par-un-conseil-supreme-20220514\" data-fig-type=\"NewsFlash\" data-gtm-custom-categorie=\"navigation\" data-gtm-custom-action=\"crossclick\" data-gtm-custom-label=\"Contextuel\" data-gtm-event=\"customEventSPE\" data-fig-domain=\"LEFIGARO\" target=\"_blank\" rel=\"noopener\">Mohammed Ben Zayed<\/a>. Le vestibule ouvre sur la piscine entour\u00e9e d\u2019oliviers centenaires import\u00e9s d\u2019Espagne. Au loin, la mer \u00e9tale. Plus loin encore, l\u2019Iran.<\/p>\n<p class=\"fig-paragraph\">C\u2019est dans cette vill\u00e9giature \u00e9trange que nous rencontrons le c\u00e9l\u00e8bre roi cach\u00e9. Il est assis, \u00e0 87\u00a0ans, au bout d\u2019une grande table en pierre sur laquelle sont pos\u00e9s livres, revues et dossiers.\u00a0<a href=\"http:\/\/www.lefigaro.fr\/flash-actu\/espagne-juan-carlos-ier-quitte-le-pays-apres-une-visite-tres-discrete-20230425\" data-fig-type=\"NewsFlash\" data-gtm-custom-categorie=\"navigation\" data-gtm-custom-action=\"crossclick\" data-gtm-custom-label=\"Contextuel\" data-gtm-event=\"customEventSPE\" data-fig-domain=\"LEFIGARO\" target=\"_blank\" rel=\"noopener\">Juan Carlos Ier<\/a>\u00a0a sur son visage les marques du temps, mais l\u2019\u0153il rieur et cette bonhomie d\u2019un prince des bivouacs habitu\u00e9 \u00e0 l\u2019errance et aux changements soudains.<\/p>\n<p>    \u00c0 Abu Dhabi, o\u00f9 il r\u00e9side depuis cinq ans \u00e0 la suite de scandales, Juan Carlos reste attach\u00e9 \u00e0 la mer et \u00e0 l\u2019Espagne qui lui manque.<br \/>\n                Laurence Debray<\/p>\n<p class=\"fig-paragraph\">S\u2019il a du\u2026<\/p>\n<p class=\"fig-premium-paywall__infos\">\n        Cet article est r\u00e9serv\u00e9 aux abonn\u00e9s.        Il vous reste 94% \u00e0 d\u00e9couvrir.\n    <\/p>\n<p>                <img  data- alt=\"Le Figaro\" class=\"fig-img--complete fig-img\"\/><\/p>\n<p class=\"fig-premium-paywall__title\">Vous avez envie de lire la suite ?<\/p>\n<p class=\"fig-premium-paywall__subtitle\">D\u00e9bloquez tous les articles imm\u00e9diatement.<\/p>\n<p class=\"fig-premium-paywall__connect\">\n                D\u00e9j\u00e0 abonn\u00e9\u00a0?                <a class=\"fig-premium-paywall__connect-link\" href=\"https:\/\/connect.lefigaro.fr\/login?client=horizon_web&amp;type=main&amp;redirect_uri=https%3A%2F%2Fwww.lefigaro.fr%2Finternational%2Fj-ai-prefere-donner-la-toison-d-or-a-nicolas-sarkozy-juan-carlos-ex-roi-d-espagne-se-confie-au-figaro-magazine-20251028\" data-js-gtm=\"{&quot;customCategorie&quot;: &quot;conversion&quot;, &quot;customAction&quot;: &quot;before_Landing_Connexion_paywall_auto&quot;, &quot;customLabel&quot;: &quot;bGVmaWdhcm8uZnJfXzFmMGI0MmFjLTY3NmQtNjgxZS04M2U2LTdkMDgxZjdhMTA3YV9fQXJ0aWNsZQ==_\u00abJ\u2019ai pr\u00e9f\u00e9r\u00e9 donner la Toison d\u2019or \u00e0 Nicolas Sarkozy\u00bb\u00a0: Juan Carlos, ex-roi d\u2019Espagne, se confie au &lt;i&gt;Figaro Magazine&lt;\/i&gt;_8&quot;, &quot;customIDSPE&quot;: &quot;bGVmaWdhcm8uZnJfXzFmMGI0MmFjLTY3NmQtNjgxZS04M2U2LTdkMDgxZjdhMTA3YV9fQXJ0aWNsZQ==&quot;, &quot;event&quot;: &quot;customEventSPE&quot;}\" target=\"_blank\" rel=\"noopener\"><br \/>\n                    Connectez-vous<br \/>\n                <\/a>\n            <\/p>\n","protected":false},"excerpt":{"rendered":"R\u00c9CIT &#8211; Les M\u00e9moires de Juan Carlos sont l\u2019\u00e9v\u00e9nement \u00e9ditorial de l\u2019automne. Attendus et redout\u00e9s en Espagne, ils&hellip;\n","protected":false},"author":2,"featured_media":496149,"comment_status":"","ping_status":"","sticky":false,"template":"","format":"standard","meta":{"footnotes":""},"categories":[4],"tags":[11,123,1011,27,8980,12,25],"class_list":{"0":"post-496148","1":"post","2":"type-post","3":"status-publish","4":"format-standard","5":"has-post-thumbnail","7":"category-france","8":"tag-actualites","9":"tag-espagne","10":"tag-fr","11":"tag-france","12":"tag-juan-carlos","13":"tag-news","14":"tag-republique-francaise"},"share_on_mastodon":{"url":"https:\/\/pubeurope.com\/@fr\/115453648264621630","error":""},"_links":{"self":[{"href":"https:\/\/www.europesays.com\/fr\/wp-json\/wp\/v2\/posts\/496148","targetHints":{"allow":["GET"]}}],"collection":[{"href":"https:\/\/www.europesays.com\/fr\/wp-json\/wp\/v2\/posts"}],"about":[{"href":"https:\/\/www.europesays.com\/fr\/wp-json\/wp\/v2\/types\/post"}],"author":[{"embeddable":true,"href":"https:\/\/www.europesays.com\/fr\/wp-json\/wp\/v2\/users\/2"}],"replies":[{"embeddable":true,"href":"https:\/\/www.europesays.com\/fr\/wp-json\/wp\/v2\/comments?post=496148"}],"version-history":[{"count":0,"href":"https:\/\/www.europesays.com\/fr\/wp-json\/wp\/v2\/posts\/496148\/revisions"}],"wp:featuredmedia":[{"embeddable":true,"href":"https:\/\/www.europesays.com\/fr\/wp-json\/wp\/v2\/media\/496149"}],"wp:attachment":[{"href":"https:\/\/www.europesays.com\/fr\/wp-json\/wp\/v2\/media?parent=496148"}],"wp:term":[{"taxonomy":"category","embeddable":true,"href":"https:\/\/www.europesays.com\/fr\/wp-json\/wp\/v2\/categories?post=496148"},{"taxonomy":"post_tag","embeddable":true,"href":"https:\/\/www.europesays.com\/fr\/wp-json\/wp\/v2\/tags?post=496148"}],"curies":[{"name":"wp","href":"https:\/\/api.w.org\/{rel}","templated":true}]}}