{"id":496152,"date":"2025-10-28T20:22:23","date_gmt":"2025-10-28T20:22:23","guid":{"rendered":"https:\/\/www.europesays.com\/fr\/496152\/"},"modified":"2025-10-28T20:22:23","modified_gmt":"2025-10-28T20:22:23","slug":"en-direct-football-suivez-asse-4","status":"publish","type":"post","link":"https:\/\/www.europesays.com\/fr\/496152\/","title":{"rendered":"En direct Football. Suivez ASSE"},"content":{"rendered":"<p>&#13;<br \/>\n                                                    En direct&#13;<br \/>\n                        &#13;\n                                            <\/p>\n<p>Battus lors de trois de ses quatre derni\u00e8res rencontres, les Verts ont quitt\u00e9 le fauteuil de leader et le climat d&rsquo;hyper s\u00e9r\u00e9nit\u00e9 qui les entourait sur ce d\u00e9but de saison. Les hommes d&rsquo;Eirik Horneland doivent absolument retrouver le chemin du succ\u00e8s \u00e0 la maison &#8211; apr\u00e8s deux d\u00e9faites cons\u00e9cutives &#8211; face \u00e0 Pau ce mardi soir pour ne pas se rapprocher d&rsquo;un d\u00e9but de crise.<\/p>\n<p>&#13;<br \/>\n              Arthur Collot &#8211; &#13;<br \/>\n        &#13;<br \/>\n          Aujourd&rsquo;hui \u00e0 19:15&#13;<br \/>\n    &#13;<br \/>\n                  | mis \u00e0 jour aujourd&rsquo;hui \u00e0 21:21&#13;<br \/>\n              &#8211; Temps de lecture : &#13;<br \/>\n  &#13;\n<\/p>\n<p>                        &#13;<br \/>\n    &#13;<br \/>\n    &#13;<br \/>\n    <a href=\"https:\/\/cdn-s-www.leprogres.fr\/images\/2FBF3441-8A1E-4A9A-8234-A68088DCC3AF\/NW_raw\/apres-deux-revers-consecutifs-a-la-maison-les-verts-doivent-renouer-avec-le-succes-dans-le-chaudron-photo-charly-jurine-1761663661.jpg\" title=\"Apr\u00e8s deux revers cons\u00e9cutifs \u00e0 la maison, les Verts doivent renouer avec le succ\u00e8s dans le Chaudron.\u00a0Photo Charly Jurine\" class=\"chocolat-image GA-tracking\" data-ga_type=\"click\" data-ga_category=\"D\u00e9tail\" data-ga_action=\"zoomer\" data-ga_label=\"aggrandir image\" target=\"_blank\" rel=\"noopener\">&#13;<br \/>\n        <img src=\"https:\/\/www.europesays.com\/fr\/wp-content\/uploads\/2025\/10\/apres-deux-revers-consecutifs-a-la-maison-les-verts-doivent-renouer-avec-le-succes-dans-le-chaudron-.jpeg\"   alt=\"Apr\u00e8s deux revers cons\u00e9cutifs \u00e0 la maison, les Verts doivent renouer avec le succ\u00e8s dans le Chaudron.\u00a0Photo Charly Jurine\" fetchpriority=\"high\" decoding=\"async\" data-mobile=\"NW_detail_M|1761663661\" data-base=\"NW_detail|1761663661\"\/>&#13;<br \/>\n    <\/a>&#13;<\/p>\n<p>Apr\u00e8s deux revers cons\u00e9cutifs \u00e0 la maison, les Verts doivent renouer avec le succ\u00e8s dans le Chaudron.\u00a0Photo Charly Jurine<\/p>\n","protected":false},"excerpt":{"rendered":"&#13; En direct&#13; &#13; Battus lors de trois de ses quatre derni\u00e8res rencontres, les Verts ont quitt\u00e9 le&hellip;\n","protected":false},"author":2,"featured_media":496153,"comment_status":"","ping_status":"","sticky":false,"template":"","format":"standard","meta":{"footnotes":""},"categories":[9653],"tags":[1111,11,4000,2430,3545,7539,1777,674,107,1701,63,1011,27,4002,3367,12,25,4001,517],"class_list":{"0":"post-496152","1":"post","2":"type-post","3":"status-publish","4":"format-standard","5":"has-post-thumbnail","7":"category-saint-etienne","8":"tag-actu","9":"tag-actualites","10":"tag-asse-as-saint-etienne-football","11":"tag-auvergne-rhone-alpes","12":"tag-direct-sport","13":"tag-edition-loire-sud","14":"tag-eu","15":"tag-europe","16":"tag-fil-info","17":"tag-fil-info-sport","18":"tag-football","19":"tag-fr","20":"tag-france","21":"tag-haute-loire","22":"tag-loire","23":"tag-news","24":"tag-republique-francaise","25":"tag-saint-etienne","26":"tag-sport"},"share_on_mastodon":{"url":"https:\/\/pubeurope.com\/@fr\/115453661075145378","error":""},"_links":{"self":[{"href":"https:\/\/www.europesays.com\/fr\/wp-json\/wp\/v2\/posts\/496152","targetHints":{"allow":["GET"]}}],"collection":[{"href":"https:\/\/www.europesays.com\/fr\/wp-json\/wp\/v2\/posts"}],"about":[{"href":"https:\/\/www.europesays.com\/fr\/wp-json\/wp\/v2\/types\/post"}],"author":[{"embeddable":true,"href":"https:\/\/www.europesays.com\/fr\/wp-json\/wp\/v2\/users\/2"}],"replies":[{"embeddable":true,"href":"https:\/\/www.europesays.com\/fr\/wp-json\/wp\/v2\/comments?post=496152"}],"version-history":[{"count":0,"href":"https:\/\/www.europesays.com\/fr\/wp-json\/wp\/v2\/posts\/496152\/revisions"}],"wp:featuredmedia":[{"embeddable":true,"href":"https:\/\/www.europesays.com\/fr\/wp-json\/wp\/v2\/media\/496153"}],"wp:attachment":[{"href":"https:\/\/www.europesays.com\/fr\/wp-json\/wp\/v2\/media?parent=496152"}],"wp:term":[{"taxonomy":"category","embeddable":true,"href":"https:\/\/www.europesays.com\/fr\/wp-json\/wp\/v2\/categories?post=496152"},{"taxonomy":"post_tag","embeddable":true,"href":"https:\/\/www.europesays.com\/fr\/wp-json\/wp\/v2\/tags?post=496152"}],"curies":[{"name":"wp","href":"https:\/\/api.w.org\/{rel}","templated":true}]}}