{"id":496163,"date":"2025-10-28T20:29:15","date_gmt":"2025-10-28T20:29:15","guid":{"rendered":"https:\/\/www.europesays.com\/fr\/496163\/"},"modified":"2025-10-28T20:29:15","modified_gmt":"2025-10-28T20:29:15","slug":"ce-bureau-de-poste-de-rouen-attaque-avec-un-engin-de-chantier-vole-quelques-mois-apres-un-braquage","status":"publish","type":"post","link":"https:\/\/www.europesays.com\/fr\/496163\/","title":{"rendered":"Ce bureau de poste de Rouen attaqu\u00e9 avec un engin de chantier vol\u00e9, quelques mois apr\u00e8s un braquage"},"content":{"rendered":"<p>            Par<br \/>\n        <strong><br \/>\n            <a href=\"https:\/\/actu.fr\/auteur\/adrien-filoche\" title=\"Consulter tous les articles de Adrien Filoche\" rel=\"nofollow noopener\" target=\"_blank\">Adrien Filoche<\/a><br \/>\n        <\/strong><\/p>\n<p>        Publi\u00e9 le<\/p>\n<p>            28 oct. 2025 \u00e0 14h40        <\/p>\n<p>Une <strong>attaque \u00e0 l\u2019engin de chantier<\/strong> s\u2019est produite le 28\u00a0octobre 2025 dans la nuit au bureau de Poste des Hauts de Rouen, selon une source polici\u00e8re, confirmant une information de <a href=\"https:\/\/www.francebleu.fr\/emissions\/l-info-d-ici-ici-normandie-seine-maritime-eure\/le-bureau-de-poste-des-hauts-de-rouen-encore-attaque-cette-fois-a-l-aide-d-un-engin-de-chantier-2704570\" rel=\"nofollow noopener\" target=\"_blank\">nos confr\u00e8res d\u2019Ici Normandie.<\/a> Un distributeur de billets a \u00e9t\u00e9 d\u00e9grad\u00e9.<\/p>\n<p>Un engin de chantier vol\u00e9<\/p>\n<p class=\" wall-content\">Interrog\u00e9 par 76actu, le parquet de Rouen pr\u00e9cise qu\u2019un \u00ab\u2009engin de chantier a \u00e9t\u00e9 vol\u00e9 pour commettre une effraction. Les malfaiteurs ont \u00e9chou\u00e9 et ont pris la fuite\u2009\u00bb. Une enqu\u00eate est en cours.<\/p>\n<p class=\" wall-content\">Ce n\u2019est pas la premi\u00e8re d\u00e9gradation dont est victime l\u2019\u00e9tablissement.\u00a0En effet, le bureau de Poste avait \u00e9t\u00e9 la cible <a href=\"https:\/\/actu.fr\/normandie\/rouen_76540\/braquage-dans-un-bureau-de-poste-des-hauts-de-rouen-une-enquete-ouverte_62237035.html\" rel=\"nofollow noopener\" target=\"_blank\">d\u2019un violent braquage le 11\u00a0f\u00e9vrier dernier.<\/a> Une pharmacie avait \u00e9galement \u00e9t\u00e9 d\u00e9grad\u00e9e ce m\u00eame jour. Il avait finalement fallu attendre le 28\u00a0avril suivant <a href=\"https:\/\/actu.fr\/normandie\/rouen_76540\/ferme-a-la-suite-d-un-braquage-la-poste-des-hauts-de-rouen-va-enfin-rouvrir_62560046.html\" rel=\"nofollow noopener\" target=\"_blank\">pour voir rouvrir le bureau de Poste<\/a>, qui reste donc de nouveau ferm\u00e9 au public jusqu\u2019\u00e0 nouvel ordre.<\/p>\n<p>Suivez l\u2019actualit\u00e9 de Rouen sur <a href=\"https:\/\/www.whatsapp.com\/channel\/0029VaKfnf99hXF2ddApFB1D\" rel=\"nofollow noopener\" target=\"_blank\">notre cha\u00eene WhatsApp<\/a> et sur <a href=\"https:\/\/www.tiktok.com\/@76actu.fr?lang=fr\" rel=\"nofollow noopener\" target=\"_blank\">notre compte TikTok<\/a><\/p>\n<p class=\" wall-content\">Personnalisez votre actualit\u00e9 en ajoutant vos villes et m\u00e9dias en favori avec <a href=\"https:\/\/moncompte.actu.fr\" title=\"D\u00e9couvez Mon Actu\" rel=\"nofollow noopener\" data-trk=\"{&quot;cta&quot;:{&quot;action&quot;:&quot;https:\\\/\\\/moncompte.actu.fr&quot;,&quot;category&quot;:&quot;mon compte&quot;,&quot;from&quot;:&quot;article footer&quot;,&quot;name&quot;:&quot;Mon actu&quot;,&quot;type&quot;:&quot;cta&quot;}}\" target=\"_blank\">Mon Actu<\/a>.<\/p>\n<p>                    <script async src=\"\/\/www.tiktok.com\/embed.js\"><\/script><\/p>\n","protected":false},"excerpt":{"rendered":"Par Adrien Filoche Publi\u00e9 le 28 oct. 2025 \u00e0 14h40 Une attaque \u00e0 l\u2019engin de chantier s\u2019est produite&hellip;\n","protected":false},"author":2,"featured_media":496164,"comment_status":"","ping_status":"","sticky":false,"template":"","format":"standard","meta":{"footnotes":""},"categories":[9587],"tags":[1111,11,1777,674,118,1011,27,12028,3316,12,5161,1072,25,9590],"class_list":{"0":"post-496163","1":"post","2":"type-post","3":"status-publish","4":"format-standard","5":"has-post-thumbnail","7":"category-rouen","8":"tag-actu","9":"tag-actualites","10":"tag-eu","11":"tag-europe","12":"tag-faits-divers","13":"tag-fr","14":"tag-france","15":"tag-hauts-de-rouen","16":"tag-la-poste","17":"tag-news","18":"tag-normandie","19":"tag-police","20":"tag-republique-francaise","21":"tag-rouen"},"share_on_mastodon":{"url":"https:\/\/pubeurope.com\/@fr\/115453687588007321","error":""},"_links":{"self":[{"href":"https:\/\/www.europesays.com\/fr\/wp-json\/wp\/v2\/posts\/496163","targetHints":{"allow":["GET"]}}],"collection":[{"href":"https:\/\/www.europesays.com\/fr\/wp-json\/wp\/v2\/posts"}],"about":[{"href":"https:\/\/www.europesays.com\/fr\/wp-json\/wp\/v2\/types\/post"}],"author":[{"embeddable":true,"href":"https:\/\/www.europesays.com\/fr\/wp-json\/wp\/v2\/users\/2"}],"replies":[{"embeddable":true,"href":"https:\/\/www.europesays.com\/fr\/wp-json\/wp\/v2\/comments?post=496163"}],"version-history":[{"count":0,"href":"https:\/\/www.europesays.com\/fr\/wp-json\/wp\/v2\/posts\/496163\/revisions"}],"wp:featuredmedia":[{"embeddable":true,"href":"https:\/\/www.europesays.com\/fr\/wp-json\/wp\/v2\/media\/496164"}],"wp:attachment":[{"href":"https:\/\/www.europesays.com\/fr\/wp-json\/wp\/v2\/media?parent=496163"}],"wp:term":[{"taxonomy":"category","embeddable":true,"href":"https:\/\/www.europesays.com\/fr\/wp-json\/wp\/v2\/categories?post=496163"},{"taxonomy":"post_tag","embeddable":true,"href":"https:\/\/www.europesays.com\/fr\/wp-json\/wp\/v2\/tags?post=496163"}],"curies":[{"name":"wp","href":"https:\/\/api.w.org\/{rel}","templated":true}]}}