{"id":496169,"date":"2025-10-28T20:37:26","date_gmt":"2025-10-28T20:37:26","guid":{"rendered":"https:\/\/www.europesays.com\/fr\/496169\/"},"modified":"2025-10-28T20:37:26","modified_gmt":"2025-10-28T20:37:26","slug":"ce-couple-ouvre-une-boulangerie-et-salon-de-the-dans-un-ancien-restaurant-a-louest-de-rennes","status":"publish","type":"post","link":"https:\/\/www.europesays.com\/fr\/496169\/","title":{"rendered":"Ce couple ouvre une boulangerie et salon de th\u00e9 dans un ancien restaurant \u00e0 l\u2019ouest de Rennes"},"content":{"rendered":"<p>Une nouvelle enseigne Feuillette remplace le restaurant Courtepaille, route de Lorient \u00e0 Rennes. Dans cet espace cosy r\u00e9am\u00e9nag\u00e9, \u00a0nous proposons une offre de restauration sucr\u00e9e et sal\u00e9e et une vaste carte de boissons maison chaudes et froides \u00e0 d\u00e9guster sur place, en salle ou en terrasse\u00a0\u00bb, annoncent les g\u00e9rants Isabelle et Antoine Chaboud.<\/p>\n<p><strong>Lire aussi\u00a0:<\/strong> <a href=\"https:\/\/rennes.maville.com\/actu\/actudet_-commerce.-une-boulangerie-feuillette-s-installe-a-cesson-sevigne-_7-6222900_actu.Htm\" rel=\"nofollow noopener\" target=\"_blank\">Commerce. Une boulangerie Feuillette s\u2019installe \u00e0 Cesson-S\u00e9vign\u00e9<\/a><\/p>\n<p>D\u00e8s potron-minet, une brigade de quinze boulangers, p\u00e2tissiers et traiteurs est \u00e0 pied d\u2019\u0153uvre pour commencer la production de la journ\u00e9e. \u00a0L\u2019enseigne offre une vaste carte de 190\u00a0r\u00e9f\u00e9rences\u00a0: salades, sandwichs, tartines, plats chauds, p\u00e2tisseries et snacking sucr\u00e9s 100\u00a0% r\u00e9alis\u00e9s sur place.\u00a0<\/p>\n<\/p>\n<p>M\u00eame chose c\u00f4t\u00e9 boissons, avec des recettes de boissons chaudes et froides r\u00e9alis\u00e9es minute par un barista, \u00a0notamment des boissons signatures inspir\u00e9es du flan vanille et du paris-brest\u00a0\u00bb.L\u2019offre de pains est, elle aussi cons\u00e9quente, avec un choix de vingt r\u00e9f\u00e9rences. La baguette tradition est \u00e0 1,10\u00a0\u20ac.<\/p>\n<p>Ouverte 7\u00a0jours sur 7 et 365\u00a0jours par an, \u00a0la boulangerie accueille les clients pour un petit-d\u00e9jeuner gourmand, un d\u00e9jeuner sur le pouce ou un go\u00fbter en famille\u00a0.<\/p>\n<p><strong>Feuillette<\/strong>, ouvert de 6\u00a0h \u00e0 20\u00a0h. 204,\u00a0route de Lorient \u00e0 Rennes.<\/p>\n<p>\u00a0<\/p>\n","protected":false},"excerpt":{"rendered":"Une nouvelle enseigne Feuillette remplace le restaurant Courtepaille, route de Lorient \u00e0 Rennes. Dans cet espace cosy r\u00e9am\u00e9nag\u00e9,&hellip;\n","protected":false},"author":2,"featured_media":496170,"comment_status":"","ping_status":"","sticky":false,"template":"","format":"standard","meta":{"footnotes":""},"categories":[2821],"tags":[1111,11,4255,9634,829,1193,1777,674,1011,27,12,9144,10102,584,25,1340,6290,3989],"class_list":{"0":"post-496169","1":"post","2":"type-post","3":"status-publish","4":"format-standard","5":"has-post-thumbnail","7":"category-rennes","8":"tag-actu","9":"tag-actualites","10":"tag-ancien","11":"tag-boulangerie","12":"tag-bretagne","13":"tag-couple","14":"tag-eu","15":"tag-europe","16":"tag-fr","17":"tag-france","18":"tag-news","19":"tag-ouest","20":"tag-ouvre","21":"tag-rennes","22":"tag-republique-francaise","23":"tag-restaurant","24":"tag-salon","25":"tag-the"},"share_on_mastodon":{"url":"","error":""},"_links":{"self":[{"href":"https:\/\/www.europesays.com\/fr\/wp-json\/wp\/v2\/posts\/496169","targetHints":{"allow":["GET"]}}],"collection":[{"href":"https:\/\/www.europesays.com\/fr\/wp-json\/wp\/v2\/posts"}],"about":[{"href":"https:\/\/www.europesays.com\/fr\/wp-json\/wp\/v2\/types\/post"}],"author":[{"embeddable":true,"href":"https:\/\/www.europesays.com\/fr\/wp-json\/wp\/v2\/users\/2"}],"replies":[{"embeddable":true,"href":"https:\/\/www.europesays.com\/fr\/wp-json\/wp\/v2\/comments?post=496169"}],"version-history":[{"count":0,"href":"https:\/\/www.europesays.com\/fr\/wp-json\/wp\/v2\/posts\/496169\/revisions"}],"wp:featuredmedia":[{"embeddable":true,"href":"https:\/\/www.europesays.com\/fr\/wp-json\/wp\/v2\/media\/496170"}],"wp:attachment":[{"href":"https:\/\/www.europesays.com\/fr\/wp-json\/wp\/v2\/media?parent=496169"}],"wp:term":[{"taxonomy":"category","embeddable":true,"href":"https:\/\/www.europesays.com\/fr\/wp-json\/wp\/v2\/categories?post=496169"},{"taxonomy":"post_tag","embeddable":true,"href":"https:\/\/www.europesays.com\/fr\/wp-json\/wp\/v2\/tags?post=496169"}],"curies":[{"name":"wp","href":"https:\/\/api.w.org\/{rel}","templated":true}]}}