{"id":496172,"date":"2025-10-28T20:38:27","date_gmt":"2025-10-28T20:38:27","guid":{"rendered":"https:\/\/www.europesays.com\/fr\/496172\/"},"modified":"2025-10-28T20:38:27","modified_gmt":"2025-10-28T20:38:27","slug":"sa-colere-le-fait-deraper-limmeuble-evacue","status":"publish","type":"post","link":"https:\/\/www.europesays.com\/fr\/496172\/","title":{"rendered":"sa col\u00e8re le fait d\u00e9raper, l&rsquo;immeuble \u00e9vacu\u00e9"},"content":{"rendered":"<p>            Par<br \/>\n        <strong><br \/>\n            <a href=\"https:\/\/actu.fr\/auteur\/lisa-rodrigues\" title=\"Consulter tous les articles de Lisa Rodrigues\" target=\"_blank\" rel=\"noopener\">Lisa Rodrigues<\/a><br \/>\n        <\/strong><\/p>\n<p>        Publi\u00e9 le<\/p>\n<p>            28 oct. 2025 \u00e0 14h27        <\/p>\n<p>Ce n\u2019\u00e9tait pas un simple incendie de voiture. Vendredi 3 octobre, une <strong>voiture Citro\u00ebn C4 Picasso<\/strong> a \u00e9t\u00e9 incendi\u00e9e, br\u00fblant un second v\u00e9hicule et un scooter, dans le parking souterrain d\u2019un immeuble au 911 avenue des Jeux Olympiques \u00e0 <a href=\"https:\/\/actu.fr\/auvergne-rhone-alpes\/grenoble_38185\" target=\"_blank\" rel=\"noopener\">Grenoble<\/a>.<\/p>\n<p>    <a href=\"https:\/\/www.google.com\/maps\/embed?pb=!1m18!1m12!1m3!1d2812.6730427006046!2d5.738454175921873!3d45.17347035279018!2m3!1f0!2f0!3f0!3m2!1i1024!2i768!4f13.1!3m3!1m2!1s0x478af4dd4521d03f%3A0x77a18b84c4b2d78a!2s911%20Av.%20des%20Jeux%20Olympiques%2C%2038100%20Grenoble!5e0!3m2!1sfr!2sfr!4v1761649251360!5m2!1sfr!2sfr\" title=\"Ouvrie le lien\" target=\"_blank\" rel=\"noopener\">Cliquez ici pour visualiser le contenu<\/a><\/p>\n<p class=\" wall-content\">Les habitants ont d\u00fb \u00eatre relog\u00e9s \u00e0 cause des d\u00e9gagements de fum\u00e9e et de la suie, rapporte la Direction interd\u00e9partementale la police nationale de l\u2019<a href=\"https:\/\/actu.fr\/auvergne-rhone-alpes\/isere_38\" target=\"_blank\" rel=\"noopener\">Is\u00e8re<\/a>. Une enqu\u00eate a \u00e9t\u00e9 ouverte et un <strong>suspect interpell\u00e9<\/strong>.<\/p>\n<p>Un \u00ab\u00a0diff\u00e9rend verbal\u00a0\u00bb<\/p>\n<p class=\" wall-content\">C\u2019est gr\u00e2ce \u00e0 \u00ab\u00a0une exploitation minutieuse <a href=\"https:\/\/actu.fr\/auvergne-rhone-alpes\/seyssins_38486\/pres-de-grenoble-cette-ville-tranquille-va-installer-41-cameras-des-outils-indispensables_62927869.html\" target=\"_blank\" rel=\"noopener\">des vid\u00e9os surveillances<\/a> de la r\u00e9sidence et des alentours\u00a0\u00bb qu\u2019un homme \u00e2g\u00e9 de 26 ans a \u00e9t\u00e9 rep\u00e9r\u00e9 par les forces de l\u2019ordre.<\/p>\n<blockquote class=\"ac-article-quote wall-content\">\n<p>Apr\u00e8s recherches et recoupements, ce dernier apparaissait comme \u00e9tant le compagnon d&rsquo;une r\u00e9sidente de l&rsquo;immeuble, qui a eu un diff\u00e9rend verbal avec la propri\u00e9taire du v\u00e9hicule suite \u00e0 un probl\u00e8me de stationnement.<\/p>\n<p>    <strong>DIPN 38<\/strong>\n            <\/p><\/blockquote>\n<p class=\" wall-content\">Une simple histoire de <strong>dispute entre voisins<\/strong> serait donc \u00e0 l\u2019origine de l\u2019incendie criminel.<\/p>\n<p>Alcoolis\u00e9, il a mis le feu \u00e0 la voiture\u00a0<\/p>\n<p class=\" wall-content\">C\u2019est au terme d\u2019une surveillance du quartier que le suspect a \u00e9t\u00e9 rep\u00e9r\u00e9 puis interpell\u00e9 \u00e0 la terrasse d\u2019un bar de Grenoble mercredi 22 octobre.<\/p>\n<p>Votre r\u00e9gion, votre actu !<\/p>\n<p>Recevez chaque jour les infos qui comptent pour vous.<\/p>\n<p>\t<a href=\"https:\/\/actu.fr\/newsletter\" class=\"ac-btn ac-btn--corner ac-btn--medium ac-btn--blue800\" target=\"_blank\" rel=\"noopener\">S&rsquo;incrire<\/a><\/p>\n<p class=\" wall-content\">Au cours de son audition par les forces de l\u2019ordre, il a avou\u00e9 s\u2019en \u00eatre d\u00e9j\u00e0 pris \u00e0 la voiture de la voisine, avant d\u2019avoir d\u00e9clench\u00e9 l\u2019incendie de d\u00e9but octobre. \u00ab\u00a0Dans son audition, il reconnaissait s\u2019en \u00eatre pris au v\u00e9hicule de la victime \u00e0 plusieurs reprises <strong>en d\u00e9gradant les vitres, les r\u00e9troviseurs, puis en crevant les pneus<\/strong>\u00ab\u00a0, d\u00e9crit la DIPN 38.<\/p>\n<p class=\" wall-content\">C\u2019est \u00ab\u00a0dans un \u00e9tat d\u2019impr\u00e9gnation alcoolique important\u00a0\u00bb qu\u2019il serait descendu dans le parking pour mettre le feu \u00e0 la voiture \u00ab\u00a0sans penser aux cons\u00e9quences potentielles de son acte\u00a0\u00bb.<\/p>\n<p>L\u2019affaire jug\u00e9e en f\u00e9vrier<\/p>\n<p class=\" wall-content\">L\u2019homme a \u00e9t\u00e9 d\u00e9f\u00e9r\u00e9 en vue d\u2019une comparution imm\u00e9diate lundi 27 octobre.<\/p>\n<p class=\" wall-content\">Ayant demand\u00e9 un d\u00e9lai pour pr\u00e9parer sa d\u00e9fense, l\u2019affaire a \u00e9t\u00e9 renvoy\u00e9e au 27 f\u00e9vrier 2026, indique la DIPN 38.<\/p>\n<p class=\" wall-content\">Personnalisez votre actualit\u00e9 en ajoutant vos villes et m\u00e9dias en favori avec <a href=\"https:\/\/moncompte.actu.fr\" title=\"D\u00e9couvez Mon Actu\" rel=\"nofollow noopener\" data-trk=\"{&quot;cta&quot;:{&quot;action&quot;:&quot;https:\\\/\\\/moncompte.actu.fr&quot;,&quot;category&quot;:&quot;mon compte&quot;,&quot;from&quot;:&quot;article footer&quot;,&quot;name&quot;:&quot;Mon actu&quot;,&quot;type&quot;:&quot;cta&quot;}}\" target=\"_blank\">Mon Actu<\/a>.<\/p>\n","protected":false},"excerpt":{"rendered":"Par Lisa Rodrigues Publi\u00e9 le 28 oct. 2025 \u00e0 14h27 Ce n\u2019\u00e9tait pas un simple incendie de voiture.&hellip;\n","protected":false},"author":2,"featured_media":496174,"comment_status":"","ping_status":"","sticky":false,"template":"","format":"standard","meta":{"footnotes":""},"categories":[9566],"tags":[1111,11,2430,1777,674,118,1011,27,2731,303,12,1072,25],"class_list":{"0":"post-496172","1":"post","2":"type-post","3":"status-publish","4":"format-standard","5":"has-post-thumbnail","7":"category-grenoble","8":"tag-actu","9":"tag-actualites","10":"tag-auvergne-rhone-alpes","11":"tag-eu","12":"tag-europe","13":"tag-faits-divers","14":"tag-fr","15":"tag-france","16":"tag-grenoble","17":"tag-justice","18":"tag-news","19":"tag-police","20":"tag-republique-francaise"},"share_on_mastodon":{"url":"https:\/\/pubeurope.com\/@fr\/115453723398229058","error":""},"_links":{"self":[{"href":"https:\/\/www.europesays.com\/fr\/wp-json\/wp\/v2\/posts\/496172","targetHints":{"allow":["GET"]}}],"collection":[{"href":"https:\/\/www.europesays.com\/fr\/wp-json\/wp\/v2\/posts"}],"about":[{"href":"https:\/\/www.europesays.com\/fr\/wp-json\/wp\/v2\/types\/post"}],"author":[{"embeddable":true,"href":"https:\/\/www.europesays.com\/fr\/wp-json\/wp\/v2\/users\/2"}],"replies":[{"embeddable":true,"href":"https:\/\/www.europesays.com\/fr\/wp-json\/wp\/v2\/comments?post=496172"}],"version-history":[{"count":0,"href":"https:\/\/www.europesays.com\/fr\/wp-json\/wp\/v2\/posts\/496172\/revisions"}],"wp:featuredmedia":[{"embeddable":true,"href":"https:\/\/www.europesays.com\/fr\/wp-json\/wp\/v2\/media\/496174"}],"wp:attachment":[{"href":"https:\/\/www.europesays.com\/fr\/wp-json\/wp\/v2\/media?parent=496172"}],"wp:term":[{"taxonomy":"category","embeddable":true,"href":"https:\/\/www.europesays.com\/fr\/wp-json\/wp\/v2\/categories?post=496172"},{"taxonomy":"post_tag","embeddable":true,"href":"https:\/\/www.europesays.com\/fr\/wp-json\/wp\/v2\/tags?post=496172"}],"curies":[{"name":"wp","href":"https:\/\/api.w.org\/{rel}","templated":true}]}}