{"id":496177,"date":"2025-10-28T20:40:15","date_gmt":"2025-10-28T20:40:15","guid":{"rendered":"https:\/\/www.europesays.com\/fr\/496177\/"},"modified":"2025-10-28T20:40:15","modified_gmt":"2025-10-28T20:40:15","slug":"municipales-2026-les-vitrines-de-strasbourg-exigent-des-engagements-fermes-des-candidats","status":"publish","type":"post","link":"https:\/\/www.europesays.com\/fr\/496177\/","title":{"rendered":"Municipales 2026. Les Vitrines de Strasbourg exigent des engagements fermes des candidats"},"content":{"rendered":"<p>Les commer\u00e7ants et les \u00e9lus \u00e9cologistes ne semblent d\u00e9cid\u00e9ment pas parler la m\u00eame langue. Ce mardi 28 octobre, Gwenn Bauer et <a href=\"https:\/\/www.dna.fr\/p\/olivier-klein\" target=\"_blank\" rel=\"noopener\">Olivier Klein<\/a>, pr\u00e9sident et vice-pr\u00e9sident des Vitrines de Strasbourg, sont revenus sur la r\u00e9ponse de la Ville concernant leurs exigences, \u00e0 l\u2019approche des municipales. Les six pages de r\u00e9ponses \u2013 \u00ab\u00a0tr\u00e8s document\u00e9es\u00a0\u00bb mais \u00ab\u00a0beaucoup trop longues\u00a0\u00bb \u2013 ne font que \u00ab\u00a0justifier ce qui a \u00e9t\u00e9 fait durant le mandat, un peu comme un bilan fa\u00e7on tract \u00e9lectoral\u00a0\u00bb, d\u00e9plore Olivier Klein. \u00ab\u00a0Comme la Ville n\u2019a pas eu la parole pendant notre AG, alors <a href=\"https:\/\/www.dna.fr\/p\/jeanne-barseghian\" target=\"_blank\" rel=\"noopener\">Jeanne Barseghian<\/a> nous a \u00e9crit pour nous dire qu\u2019ils ont tout bien fait, et qu\u2019ils ne comprennent pas pourquoi les commer\u00e7ants sont m\u00e9contents\u00a0\u00bb, traduit-il. Et ce, appuie le commer\u00e7ant, alors que les retours de \u00ab\u00a0v\u00e9cus concrets\u00a0\u00bb des adh\u00e9rents de leur association expriment \u00ab\u00a0un mal-\u00eatre et un stress\u00a0\u00bb en raison de&#8230;<\/p>\n","protected":false},"excerpt":{"rendered":"Les commer\u00e7ants et les \u00e9lus \u00e9cologistes ne semblent d\u00e9cid\u00e9ment pas parler la m\u00eame langue. Ce mardi 28 octobre,&hellip;\n","protected":false},"author":2,"featured_media":496178,"comment_status":"","ping_status":"","sticky":false,"template":"","format":"standard","meta":{"footnotes":""},"categories":[2820],"tags":[1111,11,4406,130,33,2880,5949,4188,1777,674,107,1011,27,775,12,316,25,640,2879],"class_list":{"0":"post-496177","1":"post","2":"type-post","3":"status-publish","4":"format-standard","5":"has-post-thumbnail","7":"category-strasbourg","8":"tag-actu","9":"tag-actualites","10":"tag-commerce-et-services","11":"tag-consommation","12":"tag-economie","13":"tag-edition-strasbourg","14":"tag-elections","15":"tag-elections-municipales","16":"tag-eu","17":"tag-europe","18":"tag-fil-info","19":"tag-fr","20":"tag-france","21":"tag-grand-est","22":"tag-news","23":"tag-politique","24":"tag-republique-francaise","25":"tag-strasbourg","26":"tag-strasbourg-ville"},"share_on_mastodon":{"url":"https:\/\/pubeurope.com\/@fr\/115453730680652390","error":""},"_links":{"self":[{"href":"https:\/\/www.europesays.com\/fr\/wp-json\/wp\/v2\/posts\/496177","targetHints":{"allow":["GET"]}}],"collection":[{"href":"https:\/\/www.europesays.com\/fr\/wp-json\/wp\/v2\/posts"}],"about":[{"href":"https:\/\/www.europesays.com\/fr\/wp-json\/wp\/v2\/types\/post"}],"author":[{"embeddable":true,"href":"https:\/\/www.europesays.com\/fr\/wp-json\/wp\/v2\/users\/2"}],"replies":[{"embeddable":true,"href":"https:\/\/www.europesays.com\/fr\/wp-json\/wp\/v2\/comments?post=496177"}],"version-history":[{"count":0,"href":"https:\/\/www.europesays.com\/fr\/wp-json\/wp\/v2\/posts\/496177\/revisions"}],"wp:featuredmedia":[{"embeddable":true,"href":"https:\/\/www.europesays.com\/fr\/wp-json\/wp\/v2\/media\/496178"}],"wp:attachment":[{"href":"https:\/\/www.europesays.com\/fr\/wp-json\/wp\/v2\/media?parent=496177"}],"wp:term":[{"taxonomy":"category","embeddable":true,"href":"https:\/\/www.europesays.com\/fr\/wp-json\/wp\/v2\/categories?post=496177"},{"taxonomy":"post_tag","embeddable":true,"href":"https:\/\/www.europesays.com\/fr\/wp-json\/wp\/v2\/tags?post=496177"}],"curies":[{"name":"wp","href":"https:\/\/api.w.org\/{rel}","templated":true}]}}