{"id":49618,"date":"2025-04-24T16:47:12","date_gmt":"2025-04-24T16:47:12","guid":{"rendered":"https:\/\/www.europesays.com\/fr\/49618\/"},"modified":"2025-04-24T16:47:12","modified_gmt":"2025-04-24T16:47:12","slug":"une-provocation-au-suicide-le-point-sur-lenquete","status":"publish","type":"post","link":"https:\/\/www.europesays.com\/fr\/49618\/","title":{"rendered":"\u00ab\u00a0Une provocation au suicide\u00a0\u00bb ? Le point sur l&rsquo;enqu\u00eate"},"content":{"rendered":"<p>            Par<br \/>\n        <strong><br \/>\n            <a href=\"https:\/\/actu.fr\/auteur\/laurene-fertin\" title=\"Consulter tous les articles de Laur\u00e8ne Fertin\" target=\"_blank\" rel=\"noopener\">Laur\u00e8ne Fertin<\/a><br \/>\n        <\/strong><\/p>\n<p>        Publi\u00e9 le<\/p>\n<p>            24 avr. 2025 \u00e0 17h58        <\/p>\n<p>Presque deux mois apr\u00e8s sa mort, la question taraude toujours <strong>la famille. <\/strong>Que s\u2019est-il pass\u00e9 les heures, les jours pr\u00e9c\u00e9dant <a href=\"https:\/\/actu.fr\/bretagne\/vezin-le-coquet_35353\/humiliations-et-traces-de-coups-kevin-est-mort-a-la-prison-de-rennes-sa-famille-ne-croit-pas-au-suicide_62367586.html\" target=\"_blank\" rel=\"noopener\">le d\u00e9c\u00e8s de K\u00e9vin Boudou, au centre p\u00e9nitentiaire de Rennes-Vezin<\/a> ? Le jeune homme avait en effet \u00e9t\u00e9 retrouv\u00e9 <strong>pendu<\/strong> dans sa cellule disciplinaire, aussi appel\u00e9e \u00ab\u00a0le mitard\u00a0\u00bb.<strong> Un suicide<\/strong> auquel ne cro\u00eet (toujours) pas ses proches. Alors qu\u2019une <strong>autopsie<\/strong> a \u00e9t\u00e9 r\u00e9alis\u00e9e le 28 mars dernier, <strong>d\u2019autres \u00e9l\u00e9ments<\/strong> restent \u00e0 investiguer, selon leur avocate.<\/p>\n<p>Une autopsie demand\u00e9e par la famille<\/p>\n<p class=\" wall-content\"><strong>\u00ab\u00a0L\u2019enqu\u00eate<\/strong> est toujours en cours et nous attendons <strong>les r\u00e9sultats\u00a0\u00bb,<\/strong> d\u00e9bute, en quelques mots, Me Beigelman, l\u2019avocate de la famille de K\u00e9vin Boudou. \u00ab\u00a0Toutefois, <strong>une autopsie<\/strong> a effectivement \u00e9t\u00e9 r\u00e9alis\u00e9e\u00a0\u00bb, pr\u00e9cise-t-elle.<\/p>\n<p class=\" wall-content\">L\u2019autopsie \u00e9tait tr\u00e8s attendue par la famille : lorsque le trentenaire avait \u00e9t\u00e9 d\u00e9couvert dans sa cellule, celui-ci n\u2019\u00e9tait <strong>pas d\u00e9c\u00e9d\u00e9.<\/strong> Il avait \u00e9t\u00e9 transport\u00e9 au <a href=\"https:\/\/actu.fr\/tag\/chu-de-rennes\" target=\"_blank\" rel=\"noopener\">CHU de Rennes<\/a> et plac\u00e9 dans <strong>le coma.<\/strong> C\u2019est \u00e0 ce moment que ses proches avaient d\u00e9couvert <strong>\u00ab\u00a0des traces de coups\u00a0\u00bb<\/strong> et des <strong>\u00ab\u00a0traces de strangulation\u00a0\u00bb<\/strong> sur le corps de K\u00e9vin Boudou.<\/p>\n<p class=\" wall-content\">\u00ab\u00a0Une autopsie a \u00e9t\u00e9 r\u00e9alis\u00e9e parce que la famille a \u00e9t\u00e9 <strong>vigilante\u00a0\u00bb,<\/strong> r\u00e9sume Me Beigelman. \u00ab\u00a0Initialement, <strong>l\u2019autopsie\u00a0n\u2019\u00e9tait pas pr\u00e9vue<\/strong> : elle est en effet r\u00e9alis\u00e9e seulement quand les personnes sont retrouv\u00e9es mortes. En l\u2019occurrence, ce n\u2019\u00e9tait pas le cas de K\u00e9vin Boudou.\u00a0\u00bb<\/p>\n<p>\u00ab\u00a0Je reste vigilante\u00a0\u00bb<\/p>\n<p class=\" wall-content\">Toutefois, les conclusions de cette autopsie n\u2019ont <strong>pas encore \u00e9t\u00e9 d\u00e9voil\u00e9es<\/strong> par le parquet de Rennes \u00e0 l\u2019heure o\u00f9 sont \u00e9crites ces lignes.<\/p>\n<p class=\" wall-content\">\u00ab\u00a0Je reste <strong>vigilante\u00a0\u00bb,<\/strong> glisse Me Beigelman. \u00ab\u00a0Si nous prenons l\u2019hypoth\u00e8se qu\u2019il n\u2019y a pas eu l\u2019intervention d\u2019un tiers \u2013 c\u2019est-\u00e0-dire si c\u2019est un passage \u00e0 l\u2019acte autoinflig\u00e9 \u2013 cela ne veut pas dire qu\u2019il n\u2019y a pas eu des \u00e9l\u00e9ments ext\u00e9rieurs qui l\u2019ont pouss\u00e9 \u00e0 se suicider.\u00a0\u00bb<\/p>\n<p class=\" wall-content\">Pour cette raison, l\u2019avocate a demand\u00e9 \u00e0 ce que des <strong>\u00ab\u00a0actes suppl\u00e9mentaires\u00a0\u00bb<\/strong> soient effectu\u00e9s par le parquet. \u00ab\u00a0En d\u2019autres termes, j\u2019ai demand\u00e9 \u00e0 ce que soit r\u00e9alis\u00e9 des actes <strong>d\u2019investigations<\/strong> : des <strong>auditions,<\/strong> des <strong>exploitations<\/strong> de <strong>vid\u00e9osurveillance\u00a0\u00bb,<\/strong> \u00e9gr\u00e8ne l\u2019avocate.<\/p>\n<blockquote class=\"ac-article-quote wall-content\">\n<p>Par exemple, la p\u00e9nitentiaire a r\u00e9alis\u00e9 la retranscription d&rsquo;un appel t\u00e9l\u00e9phonique de K\u00e9vin Boudou avec sa compagne (&#8230;) Je demande qu&rsquo;une retranscription soit faite par l&rsquo;autorit\u00e9 judiciaire.<\/p>\n<p>    <strong>Me Beigelman<\/strong><br \/>\n        Avocate    <\/p><\/blockquote>\n<p class=\" wall-content\">Pour rappel, selon un membre de la famille de K\u00e9vin Boudou, ce dernier se plaignait r\u00e9guli\u00e8rement aupr\u00e8s de sa petite amie, qu\u2019il avait au t\u00e9l\u00e9phone, <strong>d\u2019un surveillant<\/strong> avec qui <strong>\u00ab\u00a0c\u2019\u00e9tait compliqu\u00e9\u00a0\u00bb. <\/strong>Ces actes suppl\u00e9mentaires pourraient alors permettre de \u00ab\u00a0mettre en lumi\u00e8re le comportement d\u2019une \u00e9quipe de surveillants\u00a0\u00bb, pr\u00e9cise Me Beigelman.<\/p>\n<p class=\" wall-content\">Pour cela, l\u2019avocate souhaite que <strong>des auditions<\/strong> soient r\u00e9alis\u00e9es aupr\u00e8s des d\u00e9tenus \u00e9galement pr\u00e9sents en <strong>quartier disciplinaire<\/strong> au moment des faits ; mais aussi des <strong>diff\u00e9rents personnels<\/strong> du centre p\u00e9nitentiaire.<\/p>\n<p>De \u00ab\u00a0la provocation au suicide\u00a0\u00bb ?<\/p>\n<p class=\" wall-content\">\u00ab\u00a0Si jamais il y a eu un acte autoinflig\u00e9, qu\u2019est-ce qui a pouss\u00e9 K\u00e9vin Boudou \u00e0 le faire ? Y a-t-il des \u00e9l\u00e9ments exog\u00e8nes qui l\u2019ont pouss\u00e9 \u00e0 se suicider ? Ces \u00e9l\u00e9ments exog\u00e8nes sont-ils des <strong>provocations,<\/strong> des <strong>brimades,<\/strong> de la <strong>maltraitance<\/strong> ?\u00a0\u00bb, s\u2019interroge Me Beigelman.\u00a0<\/p>\n<blockquote class=\"ac-article-quote wall-content\">\n<p>J&rsquo;ai en t\u00eate, par exemple, la provocation au suicide. C&rsquo;est tout \u00e0 fait possible (&#8230;) J\u2019interviens souvent en d\u00e9tention, je sais que ce sont des r\u00e9alit\u00e9s.<\/p>\n<p>    <strong>Me Beigelman<\/strong><br \/>\n        Avocate    <\/p><\/blockquote>\n<p class=\" wall-content\">\u00ab\u00a0Mais \u00e0 ce stade\u00a0\u00bb, temp\u00e8re-t-elle, \u00ab\u00a0on ne le sait pas. C\u2019est pourquoi, selon mon avis, le parquet doit enqu\u00eater en ce sens.\u00a0\u00bb<\/p>\n<p>      <img   decoding=\"async\" loading=\"lazy\" src=\"https:\/\/www.europesays.com\/fr\/wp-content\/uploads\/2025\/04\/prison-de-rennes-vezin-1-960x640.jpeg\" alt=\"N\" width=\"960\" height=\"640\"\/><br \/>\n    Pour l\u2019avocate de la famille, le parquet de Rennes doit enqu\u00eater sur d\u2019autres \u00e9l\u00e9ments qui pourraient comprendre le passage \u00e0 l\u2019acte de K\u00e9vin Boudou. ( \u00a9 Archives actu Rennes)Une plainte d\u00e9pos\u00e9e en mars<\/p>\n<p class=\" wall-content\">Pour le moment, aucun d\u00e9tail n\u2019a donc \u00e9t\u00e9 livr\u00e9 par le parquet de Rennes. \u00ab\u00a0Le seul moyen d\u2019inciter la Justice \u00e0 livrer des informations, c\u2019est <strong>au bout de trois mois<\/strong> \u00e0 compter du d\u00e9p\u00f4t de plainte, pour demander<strong> le cas \u00e9ch\u00e9ant une ouverture d\u2019information\u00a0\u00bb,<\/strong> affirme Me Beigelman.\u00a0<\/p>\n<p class=\" wall-content\"><b>Un<\/b><strong>e plainte<\/strong> contre X pour homicide involontaire et non-assistance \u00e0 personne en danger a \u00e9t\u00e9 d\u00e9pos\u00e9e<strong> le 5 mars<\/strong> dernier. Il faudra attendre encore un peu. \u00ab\u00a0On compte donc sur le parquet pour nous transmettre les \u00e9l\u00e9ments en l\u2019\u00e9tat\u00a0\u00bb, glisse l\u2019avocate.<\/p>\n<blockquote class=\"ac-article-quote wall-content\">\n<p>Nous avons h\u00e2te d\u2019avoir les tenants et aboutissants. Nous sommes dans le flou.\n<\/p>\n<p>    <strong>Me Beigelman<\/strong><br \/>\n        Avocate    <\/p><\/blockquote>\n<p>Un autre d\u00e9tenu retrouv\u00e9 mort<\/p>\n<p class=\" wall-content\">Nous vous en parlions dans <a href=\"https:\/\/actu.fr\/bretagne\/rennes_35238\/apres-le-deces-de-kevin-boudou-a-la-prison-de-rennes-vezin-un-autre-detenu-retrouve-mort-en-cellule_62521406.html\" target=\"_blank\" rel=\"noopener\">cet article<\/a>, peu apr\u00e8s la mort de K\u00e9vin Boudou, <strong>un autre d\u00e9tenu a \u00e9t\u00e9 retrouv\u00e9 pendu<\/strong> dans sa cellule.<\/p>\n<p class=\" wall-content\">\u00c2g\u00e9 de <strong>39 ans,<\/strong> ce dernier \u00e9tait d\u00e9c\u00e9d\u00e9 <strong>jeudi 10 avril 2025<\/strong> au sein du centre p\u00e9nitentiaire de Rennes-Vezin.<\/p>\n<p class=\" wall-content\">Suivez toute l\u2019actualit\u00e9 de vos villes et m\u00e9dias favoris en vous inscrivant \u00e0 <a href=\"https:\/\/moncompte.actu.fr\" title=\"D\u00e9couvez Mon Actu\" rel=\"nofollow noopener\" data-trk=\"{&quot;cta&quot;:{&quot;action&quot;:&quot;https:\\\/\\\/moncompte.actu.fr&quot;,&quot;category&quot;:&quot;mon compte&quot;,&quot;from&quot;:&quot;article footer&quot;,&quot;name&quot;:&quot;Mon actu&quot;,&quot;type&quot;:&quot;cta&quot;}}\" target=\"_blank\">Mon Actu<\/a>.<\/p>\n","protected":false},"excerpt":{"rendered":"Par Laur\u00e8ne Fertin Publi\u00e9 le 24 avr. 2025 \u00e0 17h58 Presque deux mois apr\u00e8s sa mort, la question&hellip;\n","protected":false},"author":2,"featured_media":49619,"comment_status":"","ping_status":"","sticky":false,"template":"","format":"standard","meta":{"footnotes":""},"categories":[2821],"tags":[1111,11,829,1777,674,118,1011,27,12,899,584,25],"class_list":{"0":"post-49618","1":"post","2":"type-post","3":"status-publish","4":"format-standard","5":"has-post-thumbnail","7":"category-rennes","8":"tag-actu","9":"tag-actualites","10":"tag-bretagne","11":"tag-eu","12":"tag-europe","13":"tag-faits-divers","14":"tag-fr","15":"tag-france","16":"tag-news","17":"tag-prisons","18":"tag-rennes","19":"tag-republique-francaise"},"share_on_mastodon":{"url":"https:\/\/pubeurope.com\/@fr\/114393962492433359","error":""},"_links":{"self":[{"href":"https:\/\/www.europesays.com\/fr\/wp-json\/wp\/v2\/posts\/49618","targetHints":{"allow":["GET"]}}],"collection":[{"href":"https:\/\/www.europesays.com\/fr\/wp-json\/wp\/v2\/posts"}],"about":[{"href":"https:\/\/www.europesays.com\/fr\/wp-json\/wp\/v2\/types\/post"}],"author":[{"embeddable":true,"href":"https:\/\/www.europesays.com\/fr\/wp-json\/wp\/v2\/users\/2"}],"replies":[{"embeddable":true,"href":"https:\/\/www.europesays.com\/fr\/wp-json\/wp\/v2\/comments?post=49618"}],"version-history":[{"count":0,"href":"https:\/\/www.europesays.com\/fr\/wp-json\/wp\/v2\/posts\/49618\/revisions"}],"wp:featuredmedia":[{"embeddable":true,"href":"https:\/\/www.europesays.com\/fr\/wp-json\/wp\/v2\/media\/49619"}],"wp:attachment":[{"href":"https:\/\/www.europesays.com\/fr\/wp-json\/wp\/v2\/media?parent=49618"}],"wp:term":[{"taxonomy":"category","embeddable":true,"href":"https:\/\/www.europesays.com\/fr\/wp-json\/wp\/v2\/categories?post=49618"},{"taxonomy":"post_tag","embeddable":true,"href":"https:\/\/www.europesays.com\/fr\/wp-json\/wp\/v2\/tags?post=49618"}],"curies":[{"name":"wp","href":"https:\/\/api.w.org\/{rel}","templated":true}]}}