{"id":496181,"date":"2025-10-28T20:42:10","date_gmt":"2025-10-28T20:42:10","guid":{"rendered":"https:\/\/www.europesays.com\/fr\/496181\/"},"modified":"2025-10-28T20:42:10","modified_gmt":"2025-10-28T20:42:10","slug":"un-parvis-sarkozy-a-nice-les-assos-de-victimes-de-lattentat-de-2016-veulent-un-autre-nom","status":"publish","type":"post","link":"https:\/\/www.europesays.com\/fr\/496181\/","title":{"rendered":"Un parvis \u00ab Sarkozy \u00bb \u00e0 Nice ? Les assos de victimes de l\u2019attentat de 2016 veulent un autre nom"},"content":{"rendered":"<p class=\"mb-4 text-lg md:leading-8 break-words\">FRANCE &#8211; Il y a pr\u00e8s d\u2019un mois, le maire de Nice, Christian Estrosi, avait propos\u00e9 de rebaptiser un b\u00e2timent de la ville en l\u2019honneur de <a href=\"https:\/\/fr.news.yahoo.com\/wahib-nacer-condamn%C3%A9-proc%C3%A8s-libyen-153831557.html\" data-ylk=\"slk:Nicolas Sarkozy;elm:context_link;itc:0;sec:content-canvas;outcm:mb_qualified_link;_E:mb_qualified_link;ct:story;\" class=\"link  yahoo-link\" target=\"_blank\" rel=\"noopener\">Nicolas Sarkozy<\/a>, quelques jours seulement apr\u00e8s la condamnation de l\u2019ex-pr\u00e9sident \u00e0 cinq ans de prison dans<a href=\"https:\/\/fr.news.yahoo.com\/affaire-libyenne-nicolas-sarkozy-reconnu-083801977.html\" data-ylk=\"slk:l\u2019affaire libyenne;elm:context_link;itc:0;sec:content-canvas;outcm:mb_qualified_link;_E:mb_qualified_link;ct:story;\" class=\"link  yahoo-link\" target=\"_blank\" rel=\"noopener\"> l\u2019affaire libyenne<\/a>. \u00c0 Nice, cette annonce a provoqu\u00e9 l\u2019\u00e9tonnement, en particulier parmi les familles des victimes de l\u2019attentat du 14-Juillet\u00a02016.<\/p>\n<p class=\"mb-4 text-lg md:leading-8 break-words\">\u00ab\u00a02026 sera l\u2019ann\u00e9e du dixi\u00e8me anniversaire de <a href=\"https:\/\/fr.news.yahoo.com\/proc%C3%A8s-appel-l-attentat-nice-175912888.html\" data-ylk=\"slk:la trag\u00e9die du 14\u00a0juillet\u00a02016\u00a0;elm:context_link;itc:0;sec:content-canvas;outcm:mb_qualified_link;_E:mb_qualified_link;ct:story;\" class=\"link  yahoo-link\" target=\"_blank\" rel=\"noopener\">la trag\u00e9die du 14\u00a0juillet\u00a02016\u00a0<\/a>\u00bb, ont ainsi soulign\u00e9 Thierry Vimal et C\u00e9lia Viale, proches des victimes, en proposant de rebaptiser le parvis de l\u2019H\u00f4tel des Polices \u00ab\u00a0Esplanade du 14-Juillet\u00a02016\u00a0\u00bb, afin de rendre hommage aux victimes plut\u00f4t que d\u2019honorer une personnalit\u00e9 politique r\u00e9cemment condamn\u00e9e.<\/p>\n<p class=\"mb-4 text-lg md:leading-8 break-words\"><a href=\"https:\/\/fr.news.yahoo.com\/%C3%A0-nice-flagornerie-ultime-christian-142132614.html\" data-ylk=\"slk:\u00c0 Nice, la flagornerie ultime de Christian Estrosi apr\u00e8s la condamnation de Nicolas Sarkozy;elm:context_link;itc:0;sec:content-canvas;outcm:mb_qualified_link;_E:mb_qualified_link;ct:story;\" class=\"link  yahoo-link\" target=\"_blank\" rel=\"noopener\"> \u00c0 Nice, la flagornerie ultime de Christian Estrosi apr\u00e8s la condamnation de Nicolas Sarkozy <\/a><\/p>\n<p class=\"mb-4 text-lg md:leading-8 break-words\">\u00ab\u00a0Il nous para\u00eetrait d\u00e9cent et respectueux de ne pas nommer l\u2019esplanade situ\u00e9e devant le nouvel H\u00f4tel de police de Nice \u201cEsplanade <a href=\"https:\/\/fr.news.yahoo.com\/nicolas-sarkozy-oubli%C3%A9-dire-communiqu%C3%A9-161425214.html\" data-ylk=\"slk:Nicolas Sarkozy;elm:context_link;itc:0;sec:content-canvas;outcm:mb_qualified_link;_E:mb_qualified_link;ct:story;\" class=\"link  yahoo-link\" target=\"_blank\" rel=\"noopener\">Nicolas Sarkozy<\/a>\u201d, mais plut\u00f4t \u201cEsplanade du 14\u00a0juillet\u00a02016\u201d\u00a0\u00bb, ont ainsi \u00e9crit les membres de l\u2019association de victimes dans un post Facebook publi\u00e9 ce dimanche.<\/p>\n<p class=\"mb-4 text-lg md:leading-8 break-words\">\u00ab\u00a0J\u2019ai \u00e9t\u00e9 abasourdi, m\u00eame sid\u00e9r\u00e9, quand j\u2019ai vu ce projet\u00a0\u00bb, a \u00e9galement confi\u00e9 Thierry Vimal, fondateur de l\u2019association des victimes Promenade des Anges, \u00e0 France 3 C\u00f4te d\u2019Azur.<\/p>\n<p>\u00ab\u00a0Une proposition citoyenne\u00a0\u00bb<\/p>\n<p class=\"mb-4 text-lg md:leading-8 break-words\">Le parvis en question se situe devant le nouvel H\u00f4tel des Polices, actuellement en construction, qui accueillera d\u00e8s octobre\u00a02026 plus de 2\u00a0000 fonctionnaires de la police nationale et municipale.<a href=\"https:\/\/fr.news.yahoo.com\/christian-estrosi-delphine-ernotte-garde-152713998.html\" data-ylk=\"slk:Christian Estrosi;elm:context_link;itc:0;sec:content-canvas;outcm:mb_qualified_link;_E:mb_qualified_link;ct:story;\" class=\"link  yahoo-link\" target=\"_blank\" rel=\"noopener\"> Christian Estrosi<\/a> avait justifi\u00e9 sa proposition en saluant \u00ab\u00a0l\u2019action d\u00e9terminante\u00a0\u00bb de Nicolas Sarkozy, d\u2019abord comme ministre de l\u2019Int\u00e9rieur, puis comme pr\u00e9sident de la R\u00e9publique, dans le domaine de la s\u00e9curit\u00e9.<\/p>\n<p class=\"mb-4 text-lg md:leading-8 break-words\">Mais pour les familles des victimes, le choix de nommer le parvis d\u2019apr\u00e8s l\u2019ex-pr\u00e9sident constitue \u00ab\u00a0une violence d\u2019une ind\u00e9cence inacceptable\u00a0\u00bb, a d\u00e9clar\u00e9 Thierry Vimal. \u00ab\u00a0C\u2019est une proposition vraiment citoyenne. On sait que tous les Ni\u00e7ois ont \u00e9t\u00e9 touch\u00e9s par l\u2019attentat du 14\u00a0juillet, nous pensons que c\u2019est un nom qui ferait plus consensus. On laisse \u00e7a \u00e0 la discussion g\u00e9n\u00e9rale\u00a0\u00bb, a ajout\u00e9 C\u00e9lia Viale aupr\u00e8s de <a href=\"https:\/\/france3-regions.franceinfo.fr\/provence-alpes-cote-d-azur\/alpes-maritimes\/nice\/parvis-nicolas-sarkozy-a-nice-les-membres-de-familles-de-victimes-de-l-attentat-de-nice-proposent-de-nommer-le-parvis-14-juillet-2016-3239755.html\" rel=\"nofollow noopener\" target=\"_blank\" data-ylk=\"slk:France 3 C\u00f4te d\u2019Azur;elm:context_link;itc:0;sec:content-canvas\" class=\"link \">France 3 C\u00f4te d\u2019Azur<\/a>.<\/p>\n<p class=\"mb-4 text-lg md:leading-8 break-words\">L\u2019annonce avait rapidement suscit\u00e9 des r\u00e9actions \u00e0 Nice, dont certains habitants se sont mobilis\u00e9s, mais aussi l\u2019union de la gauche, qui \u00e9voquait alors le nom de Robert Badinter pour la future esplanade. \u00ab\u00a0Ce texte de Thierry Vimal me para\u00eet \u00eatre une proposition d\u2019alternative digne \u00e0 la provocation de Christian Estrosi\u00a0\u00bb, a \u00e9crit Patrick Allemand, chef de file du Parti socialiste et membre de la liste Unis pour Nice, sur son compte Facebook.<\/p>\n<p class=\"mb-4 text-lg md:leading-8 break-words\">De son c\u00f4t\u00e9, le rassemblement citoyen ViVA\u00a0! a lanc\u00e9 une p\u00e9tition contre l\u2019appellation Nicolas Sarkozy, qui a d\u00e9j\u00e0 atteint plus de 3\u00a0300 signatures au 27\u00a0octobre\u00a02025. Christian Estrosi n\u2019a pas encore r\u00e9agi \u00e0 la proposition des victimes de l\u2019attentat du 14\u00a0juillet\u00a02016.<\/p>\n<p class=\"mb-4 text-lg md:leading-8 break-words\">Cet attentat avait fait 86 morts et plus de 500 bless\u00e9s, faisant de Nice l\u2019une des villes fran\u00e7aises les plus touch\u00e9es par le terrorisme.<\/p>\n<p class=\"mb-4 text-lg md:leading-8 break-words\"><a href=\"https:\/\/fr.news.yahoo.com\/d%C3%A9tention-nicolas-sarkozy-fait-re-062707711.html\" data-ylk=\"slk:Comment la d\u00e9tention de Nicolas Sarkozy fait (re)d\u00e9couvrir la dure r\u00e9alit\u00e9 des prisons fran\u00e7aises;elm:context_link;itc:0;sec:content-canvas;outcm:mb_qualified_link;_E:mb_qualified_link;ct:story;\" class=\"link  yahoo-link\" target=\"_blank\" rel=\"noopener\"> Comment la d\u00e9tention de Nicolas Sarkozy fait (re)d\u00e9couvrir la dure r\u00e9alit\u00e9 des prisons fran\u00e7aises <\/a><\/p>\n<p class=\"mb-4 text-lg md:leading-8 break-words\"><a href=\"https:\/\/fr.news.yahoo.com\/nicolas-sarkozy-partage-bonne-nouvelle-163018468.html\" data-ylk=\"slk:Nicolas Sarkozy partage une bonne nouvelle familiale, quatre jours apr\u00e8s son entr\u00e9e en prison;elm:context_link;itc:0;sec:content-canvas;outcm:mb_qualified_link;_E:mb_qualified_link;ct:story;\" class=\"link  yahoo-link\" target=\"_blank\" rel=\"noopener\"> Nicolas Sarkozy partage une bonne nouvelle familiale, quatre jours apr\u00e8s son entr\u00e9e en prison <\/a><\/p>\n","protected":false},"excerpt":{"rendered":"FRANCE &#8211; Il y a pr\u00e8s d\u2019un mois, le maire de Nice, Christian Estrosi, avait propos\u00e9 de rebaptiser&hellip;\n","protected":false},"author":2,"featured_media":496182,"comment_status":"","ping_status":"","sticky":false,"template":"","format":"standard","meta":{"footnotes":""},"categories":[2819],"tags":[1111,11,2397,1777,674,1011,27,10232,12,2401,3091,882,25,61862],"class_list":{"0":"post-496181","1":"post","2":"type-post","3":"status-publish","4":"format-standard","5":"has-post-thumbnail","7":"category-nice","8":"tag-actu","9":"tag-actualites","10":"tag-christian-estrosi","11":"tag-eu","12":"tag-europe","13":"tag-fr","14":"tag-france","15":"tag-maire-de-nice","16":"tag-news","17":"tag-nice","18":"tag-nicolas-sarkozy","19":"tag-provence-alpes-cote-dazur","20":"tag-republique-francaise","21":"tag-thierry-vimal"},"share_on_mastodon":{"url":"https:\/\/pubeurope.com\/@fr\/115453738833485341","error":""},"_links":{"self":[{"href":"https:\/\/www.europesays.com\/fr\/wp-json\/wp\/v2\/posts\/496181","targetHints":{"allow":["GET"]}}],"collection":[{"href":"https:\/\/www.europesays.com\/fr\/wp-json\/wp\/v2\/posts"}],"about":[{"href":"https:\/\/www.europesays.com\/fr\/wp-json\/wp\/v2\/types\/post"}],"author":[{"embeddable":true,"href":"https:\/\/www.europesays.com\/fr\/wp-json\/wp\/v2\/users\/2"}],"replies":[{"embeddable":true,"href":"https:\/\/www.europesays.com\/fr\/wp-json\/wp\/v2\/comments?post=496181"}],"version-history":[{"count":0,"href":"https:\/\/www.europesays.com\/fr\/wp-json\/wp\/v2\/posts\/496181\/revisions"}],"wp:featuredmedia":[{"embeddable":true,"href":"https:\/\/www.europesays.com\/fr\/wp-json\/wp\/v2\/media\/496182"}],"wp:attachment":[{"href":"https:\/\/www.europesays.com\/fr\/wp-json\/wp\/v2\/media?parent=496181"}],"wp:term":[{"taxonomy":"category","embeddable":true,"href":"https:\/\/www.europesays.com\/fr\/wp-json\/wp\/v2\/categories?post=496181"},{"taxonomy":"post_tag","embeddable":true,"href":"https:\/\/www.europesays.com\/fr\/wp-json\/wp\/v2\/tags?post=496181"}],"curies":[{"name":"wp","href":"https:\/\/api.w.org\/{rel}","templated":true}]}}