{"id":496183,"date":"2025-10-28T20:43:33","date_gmt":"2025-10-28T20:43:33","guid":{"rendered":"https:\/\/www.europesays.com\/fr\/496183\/"},"modified":"2025-10-28T20:43:33","modified_gmt":"2025-10-28T20:43:33","slug":"un-boulot-a-plein-temps-pres-de-nantes-ces-meres-denfants-handicapes-partagent-leur","status":"publish","type":"post","link":"https:\/\/www.europesays.com\/fr\/496183\/","title":{"rendered":"\u00abUn boulot \u00e0 plein-temps\u00bb\u00a0: Pr\u00e8s de Nantes, ces m\u00e8res d\u2019enfants handicap\u00e9s partagent leur"},"content":{"rendered":"<p>Dominique Cam\u00e9lia Hervouet est la m\u00e8re de Marine, 25\u00a0ans, handicap\u00e9e neurologique moteur depuis sa naissance. Elle s\u2019est investie \u00e0 100\u00a0% pour le bien-\u00eatre de sa fille, pour rechercher toutes les pistes favorisant son autonomie physique et mentale et sa socialisation. Elle t\u00e9moigne de son exp\u00e9rience.<\/p>\n<p>Comment s\u2019est d\u00e9roul\u00e9e sa scolarit\u00e9\u00a0?<\/p>\n<p>De 4 \u00e0 20\u00a0ans, Marine a \u00e9t\u00e9 prise en charge par un institut d\u2019\u00e9ducation motrice. Mais, apr\u00e8s la vingti\u00e8me ann\u00e9e tout s\u2019arr\u00eate. Aucune structure ne prend en charge ces jeunes. Je n\u2019ai pas baiss\u00e9 les bras comme beaucoup d\u2019aidants dans mon cas. J\u2019ai constitu\u00e9 une \u00e9quipe de douze th\u00e9rapeutes pour prendre la rel\u00e8ve.<\/p>\n<p>Autant d\u2019intervenants \u00e0 coordonner, c\u2019est complexe\u00a0?<\/p>\n<p>Apr\u00e8s r\u00e9flexion, j\u2019ai d\u00fb arr\u00eater mon activit\u00e9 professionnelle. Ainsi, je me consacre exclusivement \u00e0 ma fille et \u00e0 la cause des aidants. C\u2019est presque un boulot \u00e0 plein temps de g\u00e9rer une \u00e9quipe de douze\u00a0professionnels. Marine voit des kin\u00e9s, des orthophonistes, des personnes accompagnantes pour des activit\u00e9s \u00e0 la maison et en ext\u00e9rieur, comprenant le renforcement musculaire, la stimulation socio-\u00e9ducative, avec des ateliers th\u00e9\u00e2tre pour am\u00e9liorer la communication, et aussi la synth\u00e8se vocale qui peut \u00eatre un m\u00e9diateur efficace.<\/p>\n<p>Avec le temps, les r\u00e9sultats sont l\u00e0\u00a0! Marine est maintenant autonome. Avec son fauteuil, elle se d\u00e9place selon ses besoins et ses envies. Elle a acquis une cinquantaine de mots qui lui permettent d\u2019\u00e9changer, ses progr\u00e8s sont notables et s\u2019amplifient.<\/p>\n<p>Vous avez cr\u00e9\u00e9 une association pour partager cette exp\u00e9rience\u00a0?<\/p>\n<p>Oui, c\u2019est important pour moi de le faire et \u00e9viter aux aidants dans ma situation de refaire ce parcours du combattant. J\u2019ai travaill\u00e9 pendant des mois \u00e0 la mise en place d\u2019un dispositif avec des th\u00e9rapeutes et aidants du quotidien pour le bien-\u00eatre de ma fille. Avec <a href=\"https:\/\/www.tcap-loisirs.info\/structure\/regard-ouvert\/\" target=\"_blank\" rel=\"noopener\">l\u2019association Regard ouvert<\/a>, nous voulons proposer une bo\u00eete \u00e0 outils permettant aux parents d\u2019acc\u00e9der \u00e0 des informations et faciliter les \u00e9changes pour les aider.<\/p>\n<p>Nous avons aussi produit un documentaire pour faire conna\u00eetre le quotidien des jeunes en situation de handicap et leur aidant. Il est <a href=\"https:\/\/www.infolocale.fr\/associations\/organisme-tressage-556295\/article-chateau-thebaud-salle-comble-pour-la-diffusion-du-film-grappe-de-paroles-79758\" target=\"_blank\" rel=\"noopener\">diffus\u00e9 r\u00e9guli\u00e8rement avec l\u2019aide d\u2019associations<\/a> pour faire conna\u00eetre cette r\u00e9alit\u00e9 souvent inconnue par le grand public. Le calendrier de diffusion est publi\u00e9 sur notre site Internet. Nous publions <a href=\"https:\/\/www.youtube.com\/@REGARD.OUVERT\" target=\"_blank\" rel=\"noopener\">des tutos sur Youtube<\/a>.<\/p>\n<p>Contact\u00a0: <a href=\"https:\/\/www.regardouvert.org\/\" target=\"_blank\" rel=\"noopener\">regardouvert.org<\/a> <\/p>\n<p>\u00a0<\/p>\n","protected":false},"excerpt":{"rendered":"Dominique Cam\u00e9lia Hervouet est la m\u00e8re de Marine, 25\u00a0ans, handicap\u00e9e neurologique moteur depuis sa naissance. Elle s\u2019est investie&hellip;\n","protected":false},"author":2,"featured_media":496184,"comment_status":"","ping_status":"","sticky":false,"template":"","format":"standard","meta":{"footnotes":""},"categories":[2818],"tags":[1111,11,43312,1719,1777,674,6383,1011,27,38901,22615,766,12,10939,2636,61863,3762,25,9066],"class_list":{"0":"post-496183","1":"post","2":"type-post","3":"status-publish","4":"format-standard","5":"has-post-thumbnail","7":"category-nantes","8":"tag-actu","9":"tag-actualites","10":"tag-boulot","11":"tag-enfants","12":"tag-eu","13":"tag-europe","14":"tag-experience","15":"tag-fr","16":"tag-france","17":"tag-handicapes","18":"tag-meres","19":"tag-nantes","20":"tag-news","21":"tag-partagent","22":"tag-pays-de-la-loire","23":"tag-plein-temps","24":"tag-pres","25":"tag-republique-francaise","26":"tag-un"},"share_on_mastodon":{"url":"https:\/\/pubeurope.com\/@fr\/115453742575684769","error":""},"_links":{"self":[{"href":"https:\/\/www.europesays.com\/fr\/wp-json\/wp\/v2\/posts\/496183","targetHints":{"allow":["GET"]}}],"collection":[{"href":"https:\/\/www.europesays.com\/fr\/wp-json\/wp\/v2\/posts"}],"about":[{"href":"https:\/\/www.europesays.com\/fr\/wp-json\/wp\/v2\/types\/post"}],"author":[{"embeddable":true,"href":"https:\/\/www.europesays.com\/fr\/wp-json\/wp\/v2\/users\/2"}],"replies":[{"embeddable":true,"href":"https:\/\/www.europesays.com\/fr\/wp-json\/wp\/v2\/comments?post=496183"}],"version-history":[{"count":0,"href":"https:\/\/www.europesays.com\/fr\/wp-json\/wp\/v2\/posts\/496183\/revisions"}],"wp:featuredmedia":[{"embeddable":true,"href":"https:\/\/www.europesays.com\/fr\/wp-json\/wp\/v2\/media\/496184"}],"wp:attachment":[{"href":"https:\/\/www.europesays.com\/fr\/wp-json\/wp\/v2\/media?parent=496183"}],"wp:term":[{"taxonomy":"category","embeddable":true,"href":"https:\/\/www.europesays.com\/fr\/wp-json\/wp\/v2\/categories?post=496183"},{"taxonomy":"post_tag","embeddable":true,"href":"https:\/\/www.europesays.com\/fr\/wp-json\/wp\/v2\/tags?post=496183"}],"curies":[{"name":"wp","href":"https:\/\/api.w.org\/{rel}","templated":true}]}}