{"id":496192,"date":"2025-10-28T20:48:11","date_gmt":"2025-10-28T20:48:11","guid":{"rendered":"https:\/\/www.europesays.com\/fr\/496192\/"},"modified":"2025-10-28T20:48:11","modified_gmt":"2025-10-28T20:48:11","slug":"ligue-1-apres-une-defaite-a-lexterieur-le-toulouse-fc-veut-rebondir-au-stadium-face-au-stade-rennais","status":"publish","type":"post","link":"https:\/\/www.europesays.com\/fr\/496192\/","title":{"rendered":"Ligue 1. Apr\u00e8s une d\u00e9faite \u00e0 l&rsquo;ext\u00e9rieur, le Toulouse FC veut rebondir au Stadium face au Stade Rennais"},"content":{"rendered":"<p>            Par<br \/>\n        <strong><br \/>\n            <a href=\"https:\/\/actu.fr\/auteur\/hugo-hancewicz\" title=\"Consulter tous les articles de Hugo Hancewicz\" target=\"_blank\" rel=\"noopener\">Hugo Hancewicz<\/a><br \/>\n        <\/strong><\/p>\n<p>        Publi\u00e9 le<\/p>\n<p>            28 oct. 2025 \u00e0 19h32        <\/p>\n<p>Apr\u00e8s la <a href=\"https:\/\/actu.fr\/occitanie\/toulouse_31555\/ligue-1-le-toulouse-fc-dejoue-et-chute-a-monaco-au-terme-d-un-match-sans-panache_63352327.html\" target=\"_blank\" rel=\"noopener\">d\u00e9faite face \u00e0 l\u2019AS Monaco<\/a>, le <a href=\"https:\/\/actu.fr\/tag\/toulouse-football-club-tfc\" target=\"_blank\" rel=\"noopener\">Toulouse Football Club<\/a> (<strong>TFC<\/strong>) s\u2019appr\u00eate \u00e0 retrouver son Stadium, ce mercredi 29\u00a0octobre, dans le cadre de la 10e journ\u00e9e de Ligue\u00a01. Face au Stade Rennais, les Violets auront \u00e0 c\u0153ur de <strong>rebondir<\/strong> et de repartir de l\u2019avant, dans une enceinte habill\u00e9e aux couleurs d\u2019Halloween pour l\u2019occasion. Une soir\u00e9e qui s\u2019annonce anim\u00e9e, autant sur la pelouse que dans les tribunes.<\/p>\n<p>Retrouver la victoire<\/p>\n<p class=\" wall-content\">Et les Toulousains n\u2019ont pas de temps \u00e0 perdre. Battus de peu par l\u2019AS Monaco le week-end dernier, les hommes de <strong>Carles Martinez-Novell<\/strong> doivent r\u00e9agir s\u2019ils veulent rester dans la premi\u00e8re partie du classement.<\/p>\n<p class=\" wall-content\">Actuellement 9e avec <strong>13 points<\/strong> (quatre victoires, un nul et quatre d\u00e9faites), les Violets voient d\u00e9j\u00e0 leurs poursuivants pointer le bout du nez. Apr\u00e8s deux succ\u00e8s cons\u00e9cutifs, la dynamique a \u00e9t\u00e9 frein\u00e9e sur le Rocher, un accroc qu\u2019il s\u2019agira d\u2019effacer devant leur public.<\/p>\n<p class=\" wall-content\"><a href=\"https:\/\/www.instagram.com\/p\/DQPq9UPjEEA\/embed\" title=\"Ouvrir le lien sur Instagram\" target=\"_blank\" rel=\"noopener\">Visualiser le contenu sur Instagram<\/a><\/p>\n<p class=\" wall-content\">Le retour \u00e0 la maison pourrait bien \u00eatre l\u2019atout des Toulousains. Le Stadium leur r\u00e9ussit plut\u00f4t bien depuis le d\u00e9but de saison. Une seule d\u00e9faite, conc\u00e9d\u00e9e <a href=\"https:\/\/actu.fr\/occitanie\/toulouse_31555\/ligue-1-debandade-et-ko-technique-de-toulouse-face-a-paris-et-joao-neves_63097610.html\" target=\"_blank\" rel=\"noopener\">face \u00e0 l\u2019ogre parisien<\/a> <strong>(3-6)<\/strong>, est venue ternir un bilan globalement solide. Les supporters, toujours fid\u00e8les au poste, devraient une fois encore <strong>pousser leurs prot\u00e9g\u00e9s<\/strong> vers l\u2019avant, d\u2019autant que le club a pr\u00e9vu une ambiance des grands soirs, entre citrouilles et frissons.<\/p>\n<p>Rennes cherche son second souffle<\/p>\n<p class=\" wall-content\">C\u00f4t\u00e9 breton, l\u2019heure est \u00e9galement \u00e0 la relance. Le Stade Rennais, d\u00e9sormais dirig\u00e9 par Habib Beye, peine \u00e0 trouver la bonne carburation. Avec <strong>11 points<\/strong> au compteur et une 10e place juste derri\u00e8re Toulouse, les Rennais arrivent en <a href=\"https:\/\/actu.fr\/occitanie\/haute-garonne_31\" target=\"_blank\" rel=\"noopener\">Haute-Garonne<\/a> avec l\u2019ambition claire de grappiller des points \u00e0 l\u2019ext\u00e9rieur et de se rapprocher du top\u00a06, leur objectif affich\u00e9.<\/p>\n<p>Vid\u00e9os : en ce moment sur Actu<\/p>\n<p class=\" wall-content\">En plein c\u0153ur des vacances de la Toussaint, le Stadium devrait <strong>faire le plein<\/strong> pour cette rencontre en milieu de semaine et esp\u00e8re proposer un beau spectacle \u00e0 ses supporters.<\/p>\n<p><strong>Infos pratiques<\/strong><br \/>Toulouse FC \u2013 Stade Rennais<br \/>10e journ\u00e9e de Ligue\u00a01<br \/>Mercredi 29\u00a0octobre \u00e0 21h05<br \/>En direct sur la cha\u00eene\u00a0Ligue\u00a01 +<\/p>\n<p class=\" wall-content\">Personnalisez votre actualit\u00e9 en ajoutant vos villes et m\u00e9dias en favori avec <a href=\"https:\/\/moncompte.actu.fr\" title=\"D\u00e9couvez Mon Actu\" rel=\"nofollow noopener\" data-trk=\"{&quot;cta&quot;:{&quot;action&quot;:&quot;https:\\\/\\\/moncompte.actu.fr&quot;,&quot;category&quot;:&quot;mon compte&quot;,&quot;from&quot;:&quot;article footer&quot;,&quot;name&quot;:&quot;Mon actu&quot;,&quot;type&quot;:&quot;cta&quot;}}\" target=\"_blank\">Mon Actu<\/a>.<\/p>\n<p>                    <script async src=\"\/\/www.instagram.com\/embed.js\"><\/script><\/p>\n","protected":false},"excerpt":{"rendered":"Par Hugo Hancewicz Publi\u00e9 le 28 oct. 2025 \u00e0 19h32 Apr\u00e8s la d\u00e9faite face \u00e0 l\u2019AS Monaco, le&hellip;\n","protected":false},"author":2,"featured_media":496193,"comment_status":"","ping_status":"","sticky":false,"template":"","format":"standard","meta":{"footnotes":""},"categories":[2816],"tags":[1111,11,1777,674,63,1011,27,12,2680,25,517,60,2312,4159],"class_list":{"0":"post-496192","1":"post","2":"type-post","3":"status-publish","4":"format-standard","5":"has-post-thumbnail","7":"category-toulouse","8":"tag-actu","9":"tag-actualites","10":"tag-eu","11":"tag-europe","12":"tag-football","13":"tag-fr","14":"tag-france","15":"tag-news","16":"tag-occitanie","17":"tag-republique-francaise","18":"tag-sport","19":"tag-sports","20":"tag-toulouse","21":"tag-toulouse-football-club-tfc"},"share_on_mastodon":{"url":"https:\/\/pubeurope.com\/@fr\/115453762273246722","error":""},"_links":{"self":[{"href":"https:\/\/www.europesays.com\/fr\/wp-json\/wp\/v2\/posts\/496192","targetHints":{"allow":["GET"]}}],"collection":[{"href":"https:\/\/www.europesays.com\/fr\/wp-json\/wp\/v2\/posts"}],"about":[{"href":"https:\/\/www.europesays.com\/fr\/wp-json\/wp\/v2\/types\/post"}],"author":[{"embeddable":true,"href":"https:\/\/www.europesays.com\/fr\/wp-json\/wp\/v2\/users\/2"}],"replies":[{"embeddable":true,"href":"https:\/\/www.europesays.com\/fr\/wp-json\/wp\/v2\/comments?post=496192"}],"version-history":[{"count":0,"href":"https:\/\/www.europesays.com\/fr\/wp-json\/wp\/v2\/posts\/496192\/revisions"}],"wp:featuredmedia":[{"embeddable":true,"href":"https:\/\/www.europesays.com\/fr\/wp-json\/wp\/v2\/media\/496193"}],"wp:attachment":[{"href":"https:\/\/www.europesays.com\/fr\/wp-json\/wp\/v2\/media?parent=496192"}],"wp:term":[{"taxonomy":"category","embeddable":true,"href":"https:\/\/www.europesays.com\/fr\/wp-json\/wp\/v2\/categories?post=496192"},{"taxonomy":"post_tag","embeddable":true,"href":"https:\/\/www.europesays.com\/fr\/wp-json\/wp\/v2\/tags?post=496192"}],"curies":[{"name":"wp","href":"https:\/\/api.w.org\/{rel}","templated":true}]}}