{"id":496210,"date":"2025-10-28T20:58:12","date_gmt":"2025-10-28T20:58:12","guid":{"rendered":"https:\/\/www.europesays.com\/fr\/496210\/"},"modified":"2025-10-28T20:58:12","modified_gmt":"2025-10-28T20:58:12","slug":"renaissance-donne-son-soutien-a-bournazel-et-non-a-dati","status":"publish","type":"post","link":"https:\/\/www.europesays.com\/fr\/496210\/","title":{"rendered":"Renaissance donne son soutien \u00e0 Bournazel et non \u00e0 Dati"},"content":{"rendered":"<p class=\"mb-4 text-lg md:leading-8 break-words\"><strong>Campagne &#8211; Renaissance a valid\u00e9 ce mardi son soutien au candidat Pierre-Yves Bournazel d\u2019Horizons pour les municipales parisiennes, d\u00e9cision prise\u00a0\u00e0 l\u2019unanimit\u00e9 moins deux voix<\/strong><\/p>\n<p class=\"mb-4 text-lg md:leading-8 break-words\"><a href=\"https:\/\/www.20minutes.fr\/politique\/renaissance\/?at_medium=RSS%20feed&amp;at_campaign=ynews&amp;utm_source=yahoo&amp;utm_medium=rss&amp;utm_campaign=news_feed&amp;utm_content=in_article_link\" rel=\"nofollow noopener\" target=\"_blank\" data-ylk=\"slk:Renaissance;elm:context_link;itc:0;sec:content-canvas\" class=\"link \">Renaissance<\/a>, le parti dirig\u00e9 par <a href=\"https:\/\/www.20minutes.fr\/politique\/gabriel-attal\/?at_medium=RSS%20feed&amp;at_campaign=ynews&amp;utm_source=yahoo&amp;utm_medium=rss&amp;utm_campaign=news_feed&amp;utm_content=in_article_link\" rel=\"nofollow noopener\" target=\"_blank\" data-ylk=\"slk:Gabriel Attal;elm:context_link;itc:0;sec:content-canvas\" class=\"link \">Gabriel Attal<\/a>, a ent\u00e9rin\u00e9 ce mardi son soutien au candidat d\u2019<a href=\"https:\/\/www.20minutes.fr\/horizons\/?at_medium=RSS%20feed&amp;at_campaign=ynews&amp;utm_source=yahoo&amp;utm_medium=rss&amp;utm_campaign=news_feed&amp;utm_content=in_article_link\" rel=\"nofollow noopener\" target=\"_blank\" data-ylk=\"slk:Horizons;elm:context_link;itc:0;sec:content-canvas\" class=\"link \">Horizons<\/a> Pierre-Yves Bournazel pour les \u00e9lections municipales \u00e0 Paris. Une d\u00e9cision qui risque de faire des remous\u00a0: une partie des cadres penchait pour un soutien \u00e0 la ministre de la Culture <a href=\"https:\/\/www.20minutes.fr\/politique\/rachida_dati?at_medium=RSS%20feed&amp;at_campaign=ynews&amp;utm_source=yahoo&amp;utm_medium=rss&amp;utm_campaign=news_feed&amp;utm_content=in_article_link\" rel=\"nofollow noopener\" target=\"_blank\" data-ylk=\"slk:Rachida Dati;elm:context_link;itc:0;sec:content-canvas\" class=\"link \">Rachida Dati<\/a>, qui a clairement affich\u00e9 son ambition pour la <a href=\"https:\/\/www.20minutes.fr\/dossier\/mairie_de_paris?at_medium=RSS%20feed&amp;at_campaign=ynews&amp;utm_source=yahoo&amp;utm_medium=rss&amp;utm_campaign=news_feed&amp;utm_content=in_article_link\" rel=\"nofollow noopener\" target=\"_blank\" data-ylk=\"slk:Mairie de Paris;elm:context_link;itc:0;sec:content-canvas\" class=\"link \">Mairie de Paris<\/a>.<\/p>\n<p class=\"mb-4 text-lg md:leading-8 break-words\">La commission d\u2019investiture du parti cr\u00e9\u00e9 par <a href=\"https:\/\/www.20minutes.fr\/politique\/emmanuel-macron\/?at_medium=RSS%20feed&amp;at_campaign=ynews&amp;utm_source=yahoo&amp;utm_medium=rss&amp;utm_campaign=news_feed&amp;utm_content=in_article_link\" rel=\"nofollow noopener\" target=\"_blank\" data-ylk=\"slk:Emmanuel Macron;elm:context_link;itc:0;sec:content-canvas\" class=\"link \">Emmanuel Macron<\/a> et dirig\u00e9 depuis un an par Gabriel Attal a \u00ab\u00a0valid\u00e9 \u00e0 l\u2019unanimit\u00e9 moins deux voix (<a href=\"https:\/\/www.20minutes.fr\/politique\/aurore-berge\/?at_medium=RSS%20feed&amp;at_campaign=ynews&amp;utm_source=yahoo&amp;utm_medium=rss&amp;utm_campaign=news_feed&amp;utm_content=in_article_link\" rel=\"nofollow noopener\" target=\"_blank\" data-ylk=\"slk:Aurore Berg\u00e9;elm:context_link;itc:0;sec:content-canvas\" class=\"link \">Aurore Berg\u00e9<\/a> et Marie Gu\u00e9venoux) le soutien \u00e0 Pierre-Yves Bournazel\u00a0\u00bb, a indiqu\u00e9 le parti. Soutien affich\u00e9 de Rachida Dati, le d\u00e9put\u00e9 Sylvain Maillard a annonc\u00e9 au <a href=\"https:\/\/www.leparisien.fr\/elections\/municipales\/municipales-a-paris-je-ferai-campagne-aux-cotes-de-rachida-dati-annonce-sylvain-maillard-28-10-2025-D3AGOBWGJBGXRD2BL7PBLX2EH4.php?at_medium=RSS%20feed&amp;at_campaign=ynews&amp;utm_source=yahoo&amp;utm_medium=rss&amp;utm_campaign=news_feed&amp;utm_content=in_article_link\" rel=\"nofollow noopener\" target=\"_blank\" data-ylk=\"slk:Parisien;elm:context_link;itc:0;sec:content-canvas\" class=\"link \">Parisien<\/a> se mettre \u00ab\u00a0en retrait\u00a0\u00bb de ses fonctions de pr\u00e9sident de l\u2019assembl\u00e9e d\u00e9partementale parisienne de Renaissance.<\/p>\n<p>Renaissance a obtenu la moiti\u00e9 des places sur la liste aux municipales<\/p>\n<p class=\"mb-4 text-lg md:leading-8 break-words\">Ancien du parti de droite Les R\u00e9publicains, soutien d\u2019<a href=\"https:\/\/www.20minutes.fr\/politique\/edouard-philippe\/?at_medium=RSS%20feed&amp;at_campaign=ynews&amp;utm_source=yahoo&amp;utm_medium=rss&amp;utm_campaign=news_feed&amp;utm_content=in_article_link\" rel=\"nofollow noopener\" target=\"_blank\" data-ylk=\"slk:\u00c9douard Philippe;elm:context_link;itc:0;sec:content-canvas\" class=\"link \">\u00c9douard Philippe<\/a> depuis\u00a02017, secr\u00e9taire g\u00e9n\u00e9ral d\u2019Horizons, Pierre-Yves Bournazel, 48 ans, devrait ainsi voir confort\u00e9e son ambition de longue date de devenir maire de Paris, apr\u00e8s une candidature \u00e0 la primaire des LR en\u00a02014 et un ralliement \u00e0 Renaissance en\u00a02020. Le soutien de Renaissance est \u00ab\u00a0un signal fort, un soutien important et d\u00e9cisif\u00a0\u00bb, a-t-il r\u00e9agi dans un communiqu\u00e9, ajoutant tendre \u00ab\u00a0la main \u00e0 toutes les forces du changement positif\u00a0\u00bb, \u00ab\u00a0au-del\u00e0 des \u00e9tiquettes politiques traditionnelles\u00a0\u00bb.<\/p>\n<p class=\"mb-4 text-lg md:leading-8 break-words\">En \u00e9change, Renaissance a obtenu un peu plus de la moiti\u00e9 des places su(&#8230;)<\/p>\n<p class=\"mb-4 text-lg md:leading-8 break-words\"><a href=\"https:\/\/www.20minutes.fr\/politique\/4182166-20251028-municipales-2026-paris-renaissance-donne-soutien-bournazel-non-dati?at_medium=RSS%20feed&amp;at_campaign=ynews&amp;utm_source=yahoo&amp;utm_medium=rss&amp;utm_campaign=news_feed&amp;utm_content=read_more_link&quot;\" rel=\"nofollow noopener\" target=\"_blank\" data-ylk=\"slk:Lire la suite sur 20minutes;elm:context_link;itc:0;sec:content-canvas\" class=\"link \">Lire la suite sur 20minutes<\/a><\/p>\n<p>\u00c0 lire aussi :<br \/><a href=\"https:\/\/www.20minutes.fr\/politique\/4180719-20251021-municipales-2025-paris-soutien-macronistes-vraiment-acquis-dati-penchent-bournazel?at_medium=RSS%20feed&amp;at_campaign=ynews&amp;utm_source=yahoo&amp;utm_medium=rss&amp;utm_campaign=news_feed&amp;utm_content=related_content_link\" rel=\"nofollow noopener\" target=\"_blank\" data-ylk=\"slk:Municipales\u00a02026 \u00e0 Paris\u00a0: Le soutien des macronistes pas vraiment acquis \u00e0 Dati, ils penchent pour Bournazel;elm:context_link;itc:0;sec:content-canvas\" class=\"link \">Municipales\u00a02026 \u00e0 Paris\u00a0: Le soutien des macronistes pas vraiment acquis \u00e0 Dati, ils penchent pour Bournazel<\/a><br \/><a href=\"https:\/\/www.20minutes.fr\/paris\/4169989-20250828-municipales-2026-officiellement-investie-paris-rachida-dati-abandonne-legislative-barnier?at_medium=RSS%20feed&amp;at_campaign=ynews&amp;utm_source=yahoo&amp;utm_medium=rss&amp;utm_campaign=news_feed&amp;utm_content=related_content_link\" rel=\"nofollow noopener\" target=\"_blank\" data-ylk=\"slk:Municipales\u00a02026\u00a0: Officiellement investie \u00e0 Paris, Rachida Dati abandonne la l\u00e9gislative \u00e0 Barnier;elm:context_link;itc:0;sec:content-canvas\" class=\"link \">Municipales\u00a02026\u00a0: Officiellement investie \u00e0 Paris, Rachida Dati abandonne la l\u00e9gislative \u00e0 Barnier<\/a><\/p>\n","protected":false},"excerpt":{"rendered":"Campagne &#8211; Renaissance a valid\u00e9 ce mardi son soutien au candidat Pierre-Yves Bournazel d\u2019Horizons pour les municipales parisiennes,&hellip;\n","protected":false},"author":2,"featured_media":496211,"comment_status":"","ping_status":"","sticky":false,"template":"","format":"standard","meta":{"footnotes":""},"categories":[1888],"tags":[1111,1928,11,1927,61319,1777,674,1011,27,4410,12,1926,626,1925,61318,59616,417,3370,25],"class_list":{"0":"post-496210","1":"post","2":"type-post","3":"status-publish","4":"format-standard","5":"has-post-thumbnail","7":"category-paris","8":"tag-actu","9":"tag-actu-paris","10":"tag-actualites","11":"tag-actualites-paris","12":"tag-bournazel","13":"tag-eu","14":"tag-europe","15":"tag-fr","16":"tag-france","17":"tag-gabriel-attal","18":"tag-news","19":"tag-news-paris","20":"tag-paris","21":"tag-paris-news","22":"tag-pierre-yves","23":"tag-pierre-yves-bournazel","24":"tag-rachida-dati","25":"tag-renaissance","26":"tag-republique-francaise"},"share_on_mastodon":{"url":"https:\/\/pubeurope.com\/@fr\/115453801660869306","error":""},"_links":{"self":[{"href":"https:\/\/www.europesays.com\/fr\/wp-json\/wp\/v2\/posts\/496210","targetHints":{"allow":["GET"]}}],"collection":[{"href":"https:\/\/www.europesays.com\/fr\/wp-json\/wp\/v2\/posts"}],"about":[{"href":"https:\/\/www.europesays.com\/fr\/wp-json\/wp\/v2\/types\/post"}],"author":[{"embeddable":true,"href":"https:\/\/www.europesays.com\/fr\/wp-json\/wp\/v2\/users\/2"}],"replies":[{"embeddable":true,"href":"https:\/\/www.europesays.com\/fr\/wp-json\/wp\/v2\/comments?post=496210"}],"version-history":[{"count":0,"href":"https:\/\/www.europesays.com\/fr\/wp-json\/wp\/v2\/posts\/496210\/revisions"}],"wp:featuredmedia":[{"embeddable":true,"href":"https:\/\/www.europesays.com\/fr\/wp-json\/wp\/v2\/media\/496211"}],"wp:attachment":[{"href":"https:\/\/www.europesays.com\/fr\/wp-json\/wp\/v2\/media?parent=496210"}],"wp:term":[{"taxonomy":"category","embeddable":true,"href":"https:\/\/www.europesays.com\/fr\/wp-json\/wp\/v2\/categories?post=496210"},{"taxonomy":"post_tag","embeddable":true,"href":"https:\/\/www.europesays.com\/fr\/wp-json\/wp\/v2\/tags?post=496210"}],"curies":[{"name":"wp","href":"https:\/\/api.w.org\/{rel}","templated":true}]}}