{"id":496212,"date":"2025-10-28T20:59:11","date_gmt":"2025-10-28T20:59:11","guid":{"rendered":"https:\/\/www.europesays.com\/fr\/496212\/"},"modified":"2025-10-28T20:59:11","modified_gmt":"2025-10-28T20:59:11","slug":"cambriolage-du-louvre-cest-un-echec-pour-tout-le-monde-reconnait-la-ministre-de-la","status":"publish","type":"post","link":"https:\/\/www.europesays.com\/fr\/496212\/","title":{"rendered":"Cambriolage du Louvre\u00a0: \u00ab\u00a0C\u2019est un \u00e9chec pour tout le monde\u00a0\u00bb, reconna\u00eet la ministre de la"},"content":{"rendered":"<p>D\u00e8s le d\u00e9but de l\u2019audience men\u00e9e par <a href=\"https:\/\/rennes.maville.com\/actu\/actudet_-cambriolage-au-louvre-la-securite-n-est-pas-conforme-pour-la-commission-de-la-culture-au-senat-_54135-7040282_actu.Htm\" target=\"_self\" rel=\"nofollow noopener\">la commission de la Culture du S\u00e9nat,<\/a> <a href=\"https:\/\/rennes.maville.com\/actu\/actudet_--les-dispositifs-de-securite-du-louvre-n-ont-pas-ete-defaillants-assure-rachida-dati-_54135-7030602_actu.Htm\" target=\"_self\" rel=\"nofollow noopener\">Rachida Dati<\/a> a souhait\u00e9 r\u00e9agir \u00e0 propos du <a href=\"https:\/\/rennes.maville.com\/actu\/actudet_-cambriolage-au-louvre-la-creation-d-une-commission-d-enquete-a-l-assemblee-mise-sur-pause-_54135-7032117_actu.Htm\" target=\"_self\" rel=\"nofollow noopener\">cambriolage du Louvre<\/a>, survenu le 19\u00a0octobre dernier, et lors duquel\u00a0huit joyaux de la couronne de France, estim\u00e9s \u00e0 88\u00a0millions d\u2019euros, ont \u00e9t\u00e9 d\u00e9rob\u00e9s en quelques minutes.<\/p>\n<p>\u00ab\u00a0Il n\u2019y a pas eu de d\u00e9faillances internes\u00a0\u00bb<\/p>\n<p><strong>\u00ab\u00a0Il n\u2019y a pas eu de d\u00e9faillances internes sur les dispositifs internes de s\u00e9curit\u00e9s tels qu\u2019ils \u00e9taient install\u00e9s \u00e0 cette date et tels qu\u2019ils devaient fonctionner. Les alarmes ont fonctionn\u00e9 et les agents ont suivi \u00e0 la lettre les protocoles qui s\u2019appliquent dans de telles circonstances\u00a0\u00bb,<\/strong> a insist\u00e9 Rachida Dati, avant de saluer leur<strong> \u00ab\u00a0r\u00e9activit\u00e9\u00a0\u00bb<\/strong> alors qu\u2019ils ont pr\u00e9venu les forces de police <strong>\u00ab\u00a0dans la minute\u00a0\u00bb<\/strong>.<\/p>\n<p>\n                Nous avons bloqu\u00e9 l\u2019affichage de ce contenu pour respecter vos choix en mati\u00e8re de cookies.<br \/>En cliquant sur \u00abConsulter\u00bb, vous acceptez le d\u00e9p\u00f4t de cookies par des services de r\u00e9seaux sociaux tels que Twitter.<br \/>\n                Consulter\n            <\/p>\n<blockquote class=\"twitter-tweet\" wp_automatic_readability=\"5.5588235294118\">\n<p lang=\"fr\" dir=\"ltr\">Audition de Rachida Dati au S\u00e9nat apr\u00e8s le cambriolage du Louvre: \u00ab\u00a0C&rsquo;est un \u00e9chec pour tout le monde\u00a0\u00bb, reconna\u00eet la ministre de la Culture <a href=\"https:\/\/t.co\/SUIAVt3zE5\" rel=\"nofollow\">pic.twitter.com\/SUIAVt3zE5<\/a><\/p>\n<p>\u2014 BFMTV (@BFMTV) <a href=\"https:\/\/twitter.com\/BFMTV\/status\/1983200284038836577?ref_src=twsrc%5Etfw\" rel=\"nofollow noopener\" target=\"_blank\">October 28, 2025<\/a><\/p><\/blockquote>\n<p>En revanche, <strong>\u00ab\u00a0si ce vol spectaculaire a eu lieu, c\u2019est un \u00e9chec. C\u2019est un \u00e9chec pour tout le monde, c\u2019est un \u00e9chec pour le mus\u00e9e du Louvre\u00a0\u00bb,<\/strong> a soulign\u00e9 celle qui convoite le si\u00e8ge de la mairie de Paris. \u00ab\u00a0<strong>Je prendrai toutes les mesures qui s\u2019imposent s\u2019agissant des d\u00e9faillances, des manquements et des responsabilit\u00e9s. D\u2019une part, pour s\u00e9curiser tr\u00e8s rapidement le mus\u00e9e et d\u2019autre part, pour avoir une nouvelle organisation plus adapt\u00e9e\u00a0\u00bb, <\/strong>a d\u00e9clar\u00e9 la ministre de la Culture.<\/p>\n<p>Elle rappelle notamment qu\u2019elle a lanc\u00e9 une mission parlementaire confi\u00e9e par le Premier ministre au d\u00e9put\u00e9 J\u00e9r\u00e9mie Patrier-Leitus (Horizons), qui devrait permettre<strong> \u00ab\u00a0d\u2019\u00e9mettre des pr\u00e9conisations rapides sur la mani\u00e8re de mieux s\u00e9curiser nos \u00e9tablissements culturels\u00a0\u00bb.<\/strong> Quant \u00e0 l\u2019enqu\u00eate administrative, <strong>\u00ab\u00a0plus d\u2019\u00e9l\u00e9ments\u00a0\u00bb <\/strong>sont attendus d\u00e8s mercredi soir, a-t-elle indiqu\u00e9.<\/p>\n<p>\u00a0<\/p>\n<p>\t\t<script async src=\"https:\/\/platform.twitter.com\/widgets.js\" charset=\"utf-8\"><\/script><\/p>\n","protected":false},"excerpt":{"rendered":"D\u00e8s le d\u00e9but de l\u2019audience men\u00e9e par la commission de la Culture du S\u00e9nat, Rachida Dati a souhait\u00e9&hellip;\n","protected":false},"author":2,"featured_media":496213,"comment_status":"","ping_status":"","sticky":false,"template":"","format":"standard","meta":{"footnotes":""},"categories":[1888],"tags":[11,1174,251,12329,1777,674,1011,27,1307,11274,3784,74,12,626,61865,25],"class_list":{"0":"post-496212","1":"post","2":"type-post","3":"status-publish","4":"format-standard","5":"has-post-thumbnail","7":"category-paris","8":"tag-actualites","9":"tag-cambriolage","10":"tag-culture","11":"tag-echec","12":"tag-eu","13":"tag-europe","14":"tag-fr","15":"tag-france","16":"tag-lille","17":"tag-louvre","18":"tag-ministre","19":"tag-monde","20":"tag-news","21":"tag-paris","22":"tag-reconnait","23":"tag-republique-francaise"},"share_on_mastodon":{"url":"https:\/\/pubeurope.com\/@fr\/115453805465014492","error":""},"_links":{"self":[{"href":"https:\/\/www.europesays.com\/fr\/wp-json\/wp\/v2\/posts\/496212","targetHints":{"allow":["GET"]}}],"collection":[{"href":"https:\/\/www.europesays.com\/fr\/wp-json\/wp\/v2\/posts"}],"about":[{"href":"https:\/\/www.europesays.com\/fr\/wp-json\/wp\/v2\/types\/post"}],"author":[{"embeddable":true,"href":"https:\/\/www.europesays.com\/fr\/wp-json\/wp\/v2\/users\/2"}],"replies":[{"embeddable":true,"href":"https:\/\/www.europesays.com\/fr\/wp-json\/wp\/v2\/comments?post=496212"}],"version-history":[{"count":0,"href":"https:\/\/www.europesays.com\/fr\/wp-json\/wp\/v2\/posts\/496212\/revisions"}],"wp:featuredmedia":[{"embeddable":true,"href":"https:\/\/www.europesays.com\/fr\/wp-json\/wp\/v2\/media\/496213"}],"wp:attachment":[{"href":"https:\/\/www.europesays.com\/fr\/wp-json\/wp\/v2\/media?parent=496212"}],"wp:term":[{"taxonomy":"category","embeddable":true,"href":"https:\/\/www.europesays.com\/fr\/wp-json\/wp\/v2\/categories?post=496212"},{"taxonomy":"post_tag","embeddable":true,"href":"https:\/\/www.europesays.com\/fr\/wp-json\/wp\/v2\/tags?post=496212"}],"curies":[{"name":"wp","href":"https:\/\/api.w.org\/{rel}","templated":true}]}}