{"id":496218,"date":"2025-10-28T21:02:12","date_gmt":"2025-10-28T21:02:12","guid":{"rendered":"https:\/\/www.europesays.com\/fr\/496218\/"},"modified":"2025-10-28T21:02:12","modified_gmt":"2025-10-28T21:02:12","slug":"selon-des-experts-de-lonu-les-drones-russes-ciblant-des-civils-commettent-un-crime-contre-lhumanite-liberation","status":"publish","type":"post","link":"https:\/\/www.europesays.com\/fr\/496218\/","title":{"rendered":"selon des experts de l\u2019ONU, les drones russes ciblant des civils commettent un \u00abcrime contre l\u2019humanit\u00e9\u00bb \u2013 Lib\u00e9ration"},"content":{"rendered":"<p class=\"sc-cPiKLX AiZTS text-element\">Le long du fleuve Dniepr, dans le sud de l\u2019Ukraine, les civils assistent quotidiennement \u00e0 des pluies de grenades. Dans un rapport publi\u00e9 lundi 27 octobre, la Commission d\u2019enqu\u00eate internationale ind\u00e9pendante des Nations unies sur l\u2019Ukraine qualifie ces attaques continues de drones russes sur la population ukrainienne de \u00abcrime de guerre\u00bb et de \u00abcrime contre l\u2019humanit\u00e9\u00bb. <\/p>\n<p class=\"sc-cPiKLX AiZTS text-element\">A l\u2019aide de plus de 500 vid\u00e9os et 226 t\u00e9moignages recueillis dans les r\u00e9gions sud-ukrainiennes de Dnipropetrovsk, <a href=\"https:\/\/www.liberation.fr\/international\/europe\/a-kherson-ville-martyrisee-les-civils-ukrainiens-traques-dans-un-safari-humain-20241120_57L7BTUS3VB6FNK777CLQ3D4QA\/\" target=\"_blank\" rel=\"noreferrer noopener\" title=\"https:\/\/www.liberation.fr\/international\/europe\/a-kherson-ville-martyrisee-les-civils-ukrainiens-traques-dans-un-safari-humain-20241120_57L7BTUS3VB6FNK777CLQ3D4QA\/\">Kherson<\/a> et Mykola\u00efv, la commission d\u2019experts mandat\u00e9s par les Nations unies indique que \u00ables autorit\u00e9s russes ont syst\u00e9matiquement coordonn\u00e9 des actions visant \u00e0 chasser les civils ukrainiens de leur lieu de r\u00e9sidence en menant des attaques de drones, ainsi qu\u2019en proc\u00e9dant \u00e0 des expulsions et des transferts\u00bb. <\/p>\n<p class=\"sc-cPiKLX AiZTS text-element\">Ce sont diff\u00e9rents mod\u00e8les de \u00abpetits\u00bb drones \u00abde courte port\u00e9e et \u00e0 faible co\u00fbt\u00bb qui sont utilis\u00e9s. Ils explosent en percutant leur cible ou larguent en vol des grenades sur des civils et leurs habitations, des points de distribution humanitaire, mais aussi des ambulances ou des camions de pompiers. <\/p>\n<p class=\"sc-cPiKLX AiZTS text-element\">Ce \u00ablarge \u00e9ventail de cibles civiles\u00bb est vis\u00e9 \u00abintentionnellement\u00bb par les attaques russes qui ont tu\u00e9 plus de 200 personnes et fait 2 000 bless\u00e9s au cours de l\u2019ann\u00e9e pass\u00e9e, selon les estimations des experts, et contraint \u00abdes milliers de personnes \u00e0 fuir\u00bb. Face \u00e0 ce \u00abclimat de terreur permanent\u00bb, la commission conclut : ces attaques \u00abconstituent un crime contre l\u2019humanit\u00e9 de transfert forc\u00e9 de population\u00bb. <\/p>\n<p class=\"sc-cPiKLX AiZTS text-element\">Cr\u00e9\u00e9 par le Conseil des droits de l\u2019homme dans le sillage de l\u2019invasion de l\u2019Ukraine par la Russie en f\u00e9vrier 2022, <a href=\"https:\/\/www.liberation.fr\/international\/europe\/des-experts-de-lonu-estiment-que-des-attaques-de-drones-russes-sur-lukraine-sont-des-crimes-contre-lhumanite-20250528_G7BRP756WFASRNE2BQXY3Y4Y5A\/\" target=\"_blank\" rel=\"noopener\" title=\"https:\/\/www.liberation.fr\/international\/europe\/des-experts-de-lonu-estiment-que-des-attaques-de-drones-russes-sur-lukraine-sont-des-crimes-contre-lhumanite-20250528_G7BRP756WFASRNE2BQXY3Y4Y5A\/\">l\u2019organisme avait d\u00e9j\u00e0 conclu, fin mai<\/a>, que les attaques de drones russes dans la r\u00e9gion ukrainienne de Kherson constituaient le crime contre l\u2019humanit\u00e9 de \u00abmeurtres\u00bb. <\/p>\n<p class=\"sc-cPiKLX AiZTS text-element\">Dans les conflits du XXIe si\u00e8cle, les drones sont devenus une arme courante et particuli\u00e8rement destructrice. Ces nouvelles technologies de combat se d\u00e9veloppent et sont appel\u00e9es \u00e0 jouer un r\u00f4le de plus en plus important dans la commission de crimes de guerre, alerte le rapport.<\/p>\n<p class=\"sc-cPiKLX AiZTS text-element\">Par leurs formes multiples, d\u2019abord, comme les experts l\u2019ont observ\u00e9 en Ukraine, qui leur permettent d\u2019atteindre des cibles tr\u00e8s diverses : des petits drones de premi\u00e8re ligne, d\u2019une port\u00e9e d\u2019environ 10 kilom\u00e8tres, pour atteindre les civils, et d\u2019autres, plus gros et \u00e0 plus longue port\u00e9e, pour les bombardements de villes et de grandes infrastructures.<\/p>\n<p class=\"sc-cPiKLX AiZTS text-element\">Mais ces armes permettent \u00e9galement, gr\u00e2ce \u00e0 leur syst\u00e8me de vid\u00e9o \u00e0 distance, une parfaite ma\u00eetrise de la cible, rappelle le <a href=\"https:\/\/www.nytimes.com\/2025\/10\/27\/world\/europe\/russia-drones-target-civilians.html\" target=\"_blank\" rel=\"noreferrer noopener\" title=\"https:\/\/www.nytimes.com\/2025\/10\/27\/world\/europe\/russia-drones-target-civilians.html\">New York Times<\/a>. Loin du champ de bataille, la personne qui dirige le drone peut visionner depuis sa position \u2013 il s\u2019agit souvent d\u2019un \u00abcommandement centralis\u00e9\u00bb \u2013 les d\u00e9g\u00e2ts qu\u2019elle provoque. \u00abTous les types de drones \u00e0 courte port\u00e9e utilis\u00e9s dans ces attaques sont \u00e9quip\u00e9s de cam\u00e9ras en direct qui se concentrent sur des cibles particuli\u00e8res, ne laissant aucun doute sur les connaissances et l\u2019intention des auteurs\u00bb, indiquent les auteurs du rapport. <\/p>\n<p class=\"sc-cPiKLX AiZTS text-element\">L\u2019arme moderne marque par ses d\u00e9g\u00e2ts physiques et structurels, mais aussi psychologiques. Il y a un an, <a href=\"https:\/\/www.theguardian.com\/world\/2024\/oct\/18\/drones-carrying-explosives-stalk-streets-of-kherson-ukraine-russia\" target=\"_blank\" rel=\"noreferrer noopener\" title=\"https:\/\/www.theguardian.com\/world\/2024\/oct\/18\/drones-carrying-explosives-stalk-streets-of-kherson-ukraine-russia\">le Guardian<\/a> rapportait les t\u00e9moignages d\u2019habitants de la ville de Kherson dont la vie \u00e9tait d\u00e9j\u00e0 rythm\u00e9e les attaques de drones, et l\u2019angoisse permanente qui en r\u00e9sultait. Dima Olifirenko, 22 ans, se confiait alors au quotidien britannique : pour lui, c\u2019est \u00abbien pire que l\u2019artillerie\u00bb car quand un drone arrive, \u00abil est l\u00e0, il te voit, et tu es foutu\u00bb. <\/p>\n<p class=\"sc-cPiKLX AiZTS text-element\">Dans le rapport de la Commission d\u2019enqu\u00eate, des t\u00e9moignages sont mis en avant. \u00abC\u2019est la loterie\u00bb, d\u00e9crit une Ukrainienne qui vit dans une zone r\u00e9guli\u00e8rement survol\u00e9e par les drones du pays voisin. \u00abEst-ce qu\u2019un drone va voler ? Vous allez vous coucher et vous ne savez pas si vous serez tu\u00e9 dans la nuit ou si vous vous r\u00e9veillerez le lendemain.\u00bb <\/p>\n<p class=\"sc-cPiKLX AiZTS text-element\">Depuis le d\u00e9but de son offensive, la Russie multiplie ses attaques de drones et de missiles sur le sol ukrainien mais nie toujours avoir cibl\u00e9 des civils. Sollicit\u00e9es lors de l\u2019enqu\u00eate, les autorit\u00e9s russes ont refus\u00e9 de coop\u00e9rer avec la commission.<\/p>\n<p class=\"sc-cPiKLX AiZTS text-element\">Faute de coop\u00e9ration de la part de Moscou, l\u2019organisme n\u2019a pas pu enqu\u00eater sur les <a href=\"https:\/\/www.liberation.fr\/international\/europe\/guerre-en-ukraine-la-russie-aurait-intercepte-193-drones-ukrainiens-qui-se-dirigeaient-en-partie-vers-moscou-20251027_BIMY76GCCBH7ZMHPUFNN737SBU\/\" target=\"_blank\" rel=\"noreferrer noopener\" title=\"https:\/\/www.liberation.fr\/international\/europe\/guerre-en-ukraine-la-russie-aurait-intercepte-193-drones-ukrainiens-qui-se-dirigeaient-en-partie-vers-moscou-20251027_BIMY76GCCBH7ZMHPUFNN737SBU\/\">all\u00e9gations russes d\u2019attaques ukrainiennes de drones<\/a> sur des cibles civiles dans les zones qu\u2019elle occupe. Depuis 2022, Kyiv <a href=\"https:\/\/www.liberation.fr\/international\/europe\/guerre-en-ukraine-kyiv-lance-plus-de-250-drones-contre-la-russie-20251006_7IYGXE2OQVFHBDB2CB5WIMY3G4\/\" target=\"_blank\" rel=\"noreferrer noopener\" title=\"https:\/\/www.liberation.fr\/international\/europe\/guerre-en-ukraine-kyiv-lance-plus-de-250-drones-contre-la-russie-20251006_7IYGXE2OQVFHBDB2CB5WIMY3G4\/\">riposte<\/a> r\u00e9guli\u00e8rement en frappant le territoire russe, mais avec des moyens bien moindres, en visant principalement les raffineries et les usines militaires. <\/p>\n","protected":false},"excerpt":{"rendered":"Le long du fleuve Dniepr, dans le sud de l\u2019Ukraine, les civils assistent quotidiennement \u00e0 des pluies de&hellip;\n","protected":false},"author":2,"featured_media":496219,"comment_status":"","ping_status":"","sticky":false,"template":"","format":"standard","meta":{"footnotes":""},"categories":[1590],"tags":[11,554,1777,674,12,3521,132,220,297],"class_list":{"0":"post-496218","1":"post","2":"type-post","3":"status-publish","4":"format-standard","5":"has-post-thumbnail","7":"category-ukraine","8":"tag-actualites","9":"tag-defense","10":"tag-eu","11":"tag-europe","12":"tag-news","13":"tag-onu","14":"tag-russie","15":"tag-ukraine","16":"tag-ukraine-la-crise"},"share_on_mastodon":{"url":"","error":""},"_links":{"self":[{"href":"https:\/\/www.europesays.com\/fr\/wp-json\/wp\/v2\/posts\/496218","targetHints":{"allow":["GET"]}}],"collection":[{"href":"https:\/\/www.europesays.com\/fr\/wp-json\/wp\/v2\/posts"}],"about":[{"href":"https:\/\/www.europesays.com\/fr\/wp-json\/wp\/v2\/types\/post"}],"author":[{"embeddable":true,"href":"https:\/\/www.europesays.com\/fr\/wp-json\/wp\/v2\/users\/2"}],"replies":[{"embeddable":true,"href":"https:\/\/www.europesays.com\/fr\/wp-json\/wp\/v2\/comments?post=496218"}],"version-history":[{"count":0,"href":"https:\/\/www.europesays.com\/fr\/wp-json\/wp\/v2\/posts\/496218\/revisions"}],"wp:featuredmedia":[{"embeddable":true,"href":"https:\/\/www.europesays.com\/fr\/wp-json\/wp\/v2\/media\/496219"}],"wp:attachment":[{"href":"https:\/\/www.europesays.com\/fr\/wp-json\/wp\/v2\/media?parent=496218"}],"wp:term":[{"taxonomy":"category","embeddable":true,"href":"https:\/\/www.europesays.com\/fr\/wp-json\/wp\/v2\/categories?post=496218"},{"taxonomy":"post_tag","embeddable":true,"href":"https:\/\/www.europesays.com\/fr\/wp-json\/wp\/v2\/tags?post=496218"}],"curies":[{"name":"wp","href":"https:\/\/api.w.org\/{rel}","templated":true}]}}