{"id":496222,"date":"2025-10-28T21:04:15","date_gmt":"2025-10-28T21:04:15","guid":{"rendered":"https:\/\/www.europesays.com\/fr\/496222\/"},"modified":"2025-10-28T21:04:15","modified_gmt":"2025-10-28T21:04:15","slug":"un-mort-et-deux-blesses-dans-une-attaque-au-couteau-pres-de-londres-le-suspect-interpelle","status":"publish","type":"post","link":"https:\/\/www.europesays.com\/fr\/496222\/","title":{"rendered":"un mort et deux bless\u00e9s dans une attaque au couteau pr\u00e8s de Londres, le suspect interpell\u00e9"},"content":{"rendered":"<p>\n    Selon les m\u00e9dias britanniques, le suspect est \u00e2g\u00e9 de 22 ans et de nationalit\u00e9 afghane. Le minist\u00e8re de l\u2019Int\u00e9rieur \u00e9voque quant \u00e0 lui un ressortissant \u00e9tranger r\u00e9gularis\u00e9 en 2022.<\/p>\n<p class=\"fig-paragraph\">Un homme a \u00e9t\u00e9 arr\u00eat\u00e9 mardi apr\u00e8s une\u00a0<a href=\"http:\/\/www.lefigaro.fr\/faits-divers\/troyes-un-homme-tue-dans-une-attaque-au-couteau-en-plein-centre-ville-20251021\" data-fig-type=\"NewsFlash\" data-gtm-custom-categorie=\"navigation\" data-gtm-custom-action=\"crossclick\" data-gtm-custom-label=\"Contextuel\" data-gtm-event=\"customEventSPE\" data-fig-domain=\"LEFIGARO\" target=\"_blank\" rel=\"noopener\">attaque au couteau<\/a>\u00a0qui a fait un mort et deux bless\u00e9s la veille \u00e0 l&rsquo;ouest de\u00a0<a href=\"http:\/\/www.lefigaro.fr\/international\/londres-les-recherches-se-poursuivent-pour-localiser-un-demandeur-d-asile-relache-par-erreur-de-prison-20251025\" data-fig-type=\"NewsFlash\" data-gtm-custom-categorie=\"navigation\" data-gtm-custom-action=\"crossclick\" data-gtm-custom-label=\"Contextuel\" data-gtm-event=\"customEventSPE\" data-fig-domain=\"LEFIGARO\" target=\"_blank\" rel=\"noopener\">Londres<\/a>, le minist\u00e8re de l&rsquo;Int\u00e9rieur indiquant qu&rsquo;il s&rsquo;agit d&rsquo;un ressortissant \u00e9tranger r\u00e9gularis\u00e9 en 2022. Selon les m\u00e9dias britanniques, cet homme, \u00e2g\u00e9 de 22 ans, est de nationalit\u00e9 afghane. La police de Londres a \u00e9t\u00e9 appel\u00e9e lundi vers 17h dans la ville voisine d&rsquo;Uxbridge, o\u00f9 trois personnes ont \u00e9t\u00e9 poignard\u00e9es lors de cet \u00abacte de violence insens\u00e9\u00bb, a-t-elle indiqu\u00e9 mardi dans un communiqu\u00e9.<\/p>\n<p class=\"fig-paragraph\">Un homme de 49 ans, pris en charge par les secours, est d\u00e9c\u00e9d\u00e9 sur place, tandis qu&rsquo;un homme de 45 ans a subi des \u00abblessures graves et irr\u00e9versibles\u00bb et un adolescent de 14 ans des \u00abblessures ne mettant pas sa vie en danger\u00bb. Le suspect a \u00e9t\u00e9 arr\u00eat\u00e9 sur place par la police, qui a indiqu\u00e9 qu&rsquo;elle ne consid\u00e9rait pas cette attaque comme terroriste et s&rsquo;effor\u00e7ait d&rsquo;\u00e9tablir les liens entre le suspect et les victimes. Selon le minist\u00e8re britannique de l&rsquo;Int\u00e9rieur, le suspect est entr\u00e9 au Royaume-Uni dans un camion en 2020, avant de demander l&rsquo;asile qui lui a \u00e9t\u00e9 accord\u00e9 en 2022.<\/p>\n<p>                                    <a class=\"fig-a11y-skip a11y-hidden\" href=\"#fig-a11y-skip-main-inarticle\"><br \/>\n        Passer la publicit\u00e9<br \/>\n    <\/a><\/p>\n<p>\u00abDe nombreuses sp\u00e9culations en ligne\u00bb<\/p>\n<p class=\"fig-paragraph\">Il a \u00e9galement pr\u00e9cis\u00e9 que cet homme ne r\u00e9sidait pas dans un h\u00f4tel h\u00e9bergeant des demandeurs d&rsquo;asile, ni dans un logement qui lui aurait \u00e9t\u00e9 attribu\u00e9 par les autorit\u00e9s, contrairement \u00e0 ce qu&rsquo;affirment certaines publications sur les r\u00e9seaux sociaux. \u00abCet incident a fait na\u00eetre de nombreuses sp\u00e9culations en ligne. Nous vous demandons de vous fier \u00e0 nous pour obtenir des informations, et de ne pas partager d&rsquo;images sensibles\u00bb, a d\u00e9clar\u00e9 la commissaire de police Jill Horsfall, cit\u00e9e dans le communiqu\u00e9.<\/p>\n<p class=\"fig-paragraph\">Le sujet de l&rsquo;immigration est ultrasensible au Royaume-Uni. Cet \u00e9t\u00e9, de nombreuses manifestations ont eu lieu devant des h\u00f4tels h\u00e9bergeant des demandeurs d&rsquo;asile, avant une grande marche organis\u00e9e par l&rsquo;extr\u00eame droite \u00e0 Londres le 13 septembre, qui a r\u00e9uni jusqu&rsquo;\u00e0 150.000 personnes selon la police. Une centaine de personnes se sont rassembl\u00e9es devant le lieu de l&rsquo;attaque mardi soir, allumant des bougies et respectant une minute de silence en honneur des victimes.<\/p>\n","protected":false},"excerpt":{"rendered":"Selon les m\u00e9dias britanniques, le suspect est \u00e2g\u00e9 de 22 ans et de nationalit\u00e9 afghane. Le minist\u00e8re de&hellip;\n","protected":false},"author":2,"featured_media":496223,"comment_status":"","ping_status":"","sticky":false,"template":"","format":"standard","meta":{"footnotes":""},"categories":[1588],"tags":[11,14118,1777,674,4534,12,473,1853,1851,1850,1852],"class_list":{"0":"post-496222","1":"post","2":"type-post","3":"status-publish","4":"format-standard","5":"has-post-thumbnail","7":"category-royaume-uni","8":"tag-actualites","9":"tag-attaque-au-couteau","10":"tag-eu","11":"tag-europe","12":"tag-londres","13":"tag-news","14":"tag-royaume-uni","15":"tag-royaume-uni-de-grande-bretagne-et-dirlande-du-nord","16":"tag-uk","17":"tag-united-kingdom","18":"tag-united-kingdom-of-great-britain-and-northern-ireland"},"share_on_mastodon":{"url":"https:\/\/pubeurope.com\/@fr\/115453825131760583","error":""},"_links":{"self":[{"href":"https:\/\/www.europesays.com\/fr\/wp-json\/wp\/v2\/posts\/496222","targetHints":{"allow":["GET"]}}],"collection":[{"href":"https:\/\/www.europesays.com\/fr\/wp-json\/wp\/v2\/posts"}],"about":[{"href":"https:\/\/www.europesays.com\/fr\/wp-json\/wp\/v2\/types\/post"}],"author":[{"embeddable":true,"href":"https:\/\/www.europesays.com\/fr\/wp-json\/wp\/v2\/users\/2"}],"replies":[{"embeddable":true,"href":"https:\/\/www.europesays.com\/fr\/wp-json\/wp\/v2\/comments?post=496222"}],"version-history":[{"count":0,"href":"https:\/\/www.europesays.com\/fr\/wp-json\/wp\/v2\/posts\/496222\/revisions"}],"wp:featuredmedia":[{"embeddable":true,"href":"https:\/\/www.europesays.com\/fr\/wp-json\/wp\/v2\/media\/496223"}],"wp:attachment":[{"href":"https:\/\/www.europesays.com\/fr\/wp-json\/wp\/v2\/media?parent=496222"}],"wp:term":[{"taxonomy":"category","embeddable":true,"href":"https:\/\/www.europesays.com\/fr\/wp-json\/wp\/v2\/categories?post=496222"},{"taxonomy":"post_tag","embeddable":true,"href":"https:\/\/www.europesays.com\/fr\/wp-json\/wp\/v2\/tags?post=496222"}],"curies":[{"name":"wp","href":"https:\/\/api.w.org\/{rel}","templated":true}]}}