{"id":496224,"date":"2025-10-28T21:05:18","date_gmt":"2025-10-28T21:05:18","guid":{"rendered":"https:\/\/www.europesays.com\/fr\/496224\/"},"modified":"2025-10-28T21:05:18","modified_gmt":"2025-10-28T21:05:18","slug":"dortmund-elimine-francfort-de-la-coupe-dallemagne-aux-tirs-au-but","status":"publish","type":"post","link":"https:\/\/www.europesays.com\/fr\/496224\/","title":{"rendered":"Dortmund \u00e9limine Francfort de la Coupe d\u2019Allemagne aux tirs au but"},"content":{"rendered":"<p>\n    Dortmund a domin\u00e9 Francfort ce mardi lors des 16e de finale de la Coupe d\u2019Allemagne.<\/p>\n<p class=\"fig-paragraph\">Rendez-vous au prochain tour. Dortmund est all\u00e9 \u00e9liminer Francfort aux tirs au but (1-1, 4 tab \u00e0 2) mardi dans le choc des 16e de finale de la coupe d&rsquo;Allemagne, qui mettait aux prises ces deux \u00e9quipes engag\u00e9es en Ligue des champions.<\/p>\n<p class=\"fig-paragraph\">L&rsquo;Eintracht avait pourtant d\u00e9marr\u00e9 pied au plancher, avec un but d&rsquo;Ansgar Knauff d\u00e8s la 7e minute. Mais le Borussia est revenu apr\u00e8s la pause gr\u00e2ce \u00e0 son international Julian Brandt, qui a repris de pr\u00e8s un centre de la droite concluant une belle action collective (1-1, 48e). La prolongation n&rsquo;a rien donn\u00e9, et Dortmund,\u00a0<a href=\"https:\/\/www.lefigaro.fr\/sports\/football\/bundesliga\/classement\" target=\"_blank\" rel=\"sponsored noopener\" data-gtm-custom-categorie=\"navigation\" data-gtm-custom-action=\"crossclick\" data-gtm-custom-label=\"Contextuel\" data-gtm-event=\"customEventSPE\">actuel 4e de la Bundesliga<\/a>, s&rsquo;est impos\u00e9 en r\u00e9ussissant ses quatre premiers tirs au but, alors que Francfort en ratait deux.<\/p>\n<p>                                    <a class=\"fig-a11y-skip a11y-hidden\" href=\"#fig-a11y-skip-main-inarticle\"><br \/>\n        Passer la publicit\u00e9<br \/>\n    <\/a><\/p>\n<p class=\"fig-paragraph\">Dans les autres matches, le tenant du titre Stuttgart se d\u00e9place mercredi \u00e0 Mayence, et le Bayern Munich, qui n&rsquo;a plus atteint le dernier carr\u00e9 de la coupe depuis 2020, ira d\u00e9fier mercredi \u00e9galement le FC Cologne. Le Bayern a r\u00e9ussi le d\u00e9but de saison parfait, avec 13 victoires en autant de matches toutes comp\u00e9titions confondues.<\/p>\n","protected":false},"excerpt":{"rendered":"Dortmund a domin\u00e9 Francfort ce mardi lors des 16e de finale de la Coupe d\u2019Allemagne. Rendez-vous au prochain&hellip;\n","protected":false},"author":2,"featured_media":496225,"comment_status":"","ping_status":"","sticky":false,"template":"","format":"standard","meta":{"footnotes":""},"categories":[1587],"tags":[11,672,5696,1804,1805,1803,1777,674,1801,12,1802],"class_list":{"0":"post-496224","1":"post","2":"type-post","3":"status-publish","4":"format-standard","5":"has-post-thumbnail","7":"category-allemagne","8":"tag-actualites","9":"tag-allemagne","10":"tag-borussia-dortmund","11":"tag-bundesrepublik-deutschland","12":"tag-de","13":"tag-deutschland","14":"tag-eu","15":"tag-europe","16":"tag-germany","17":"tag-news","18":"tag-republique-federale-dallemagne"},"share_on_mastodon":{"url":"https:\/\/pubeurope.com\/@fr\/115453829081414550","error":""},"_links":{"self":[{"href":"https:\/\/www.europesays.com\/fr\/wp-json\/wp\/v2\/posts\/496224","targetHints":{"allow":["GET"]}}],"collection":[{"href":"https:\/\/www.europesays.com\/fr\/wp-json\/wp\/v2\/posts"}],"about":[{"href":"https:\/\/www.europesays.com\/fr\/wp-json\/wp\/v2\/types\/post"}],"author":[{"embeddable":true,"href":"https:\/\/www.europesays.com\/fr\/wp-json\/wp\/v2\/users\/2"}],"replies":[{"embeddable":true,"href":"https:\/\/www.europesays.com\/fr\/wp-json\/wp\/v2\/comments?post=496224"}],"version-history":[{"count":0,"href":"https:\/\/www.europesays.com\/fr\/wp-json\/wp\/v2\/posts\/496224\/revisions"}],"wp:featuredmedia":[{"embeddable":true,"href":"https:\/\/www.europesays.com\/fr\/wp-json\/wp\/v2\/media\/496225"}],"wp:attachment":[{"href":"https:\/\/www.europesays.com\/fr\/wp-json\/wp\/v2\/media?parent=496224"}],"wp:term":[{"taxonomy":"category","embeddable":true,"href":"https:\/\/www.europesays.com\/fr\/wp-json\/wp\/v2\/categories?post=496224"},{"taxonomy":"post_tag","embeddable":true,"href":"https:\/\/www.europesays.com\/fr\/wp-json\/wp\/v2\/tags?post=496224"}],"curies":[{"name":"wp","href":"https:\/\/api.w.org\/{rel}","templated":true}]}}