{"id":496228,"date":"2025-10-28T21:07:24","date_gmt":"2025-10-28T21:07:24","guid":{"rendered":"https:\/\/www.europesays.com\/fr\/496228\/"},"modified":"2025-10-28T21:07:24","modified_gmt":"2025-10-28T21:07:24","slug":"commissaire-europeenne-lahbib-le-hamas-nest-pas-un-interlocuteur-pour-nous","status":"publish","type":"post","link":"https:\/\/www.europesays.com\/fr\/496228\/","title":{"rendered":"Commissaire europ\u00e9enne Lahbib : \u00ab\u202fLe Hamas n&rsquo;est pas un interlocuteur pour nous\u202f\u00bb"},"content":{"rendered":"<p>L&rsquo;Union europ\u00e9enne souhaite jouer un r\u00f4le actif dans la diplomatie au Moyen-Orient \u00e0 la suite de l&rsquo;accord de cessez-le-feu \u00e0 Gaza, \u00e0 condition que le Hamas ne joue aucun r\u00f4le dans l&rsquo;avenir du territoire. <\/p>\n<p>\u00ab Le Hamas n&rsquo;est pas un interlocuteur pour nous, c&rsquo;est un groupe terroriste \u00bb, a d\u00e9clar\u00e9 la commissaire europ\u00e9enne charg\u00e9e de la gestion des crises et de l\u2019\u00e9tat de pr\u00e9paration \u00e0 Euronews lors d&rsquo;une interview exclusive \u00e0 Bruxelles. <\/p>\n<p>\u00ab Il faut que le Hamas soit d\u00e9sarm\u00e9 et qu&rsquo;il ne fasse pas partie d&rsquo;une solution \u00e0 deux \u00c9tats \u00bb, a-t-elle ajout\u00e9. <\/p>\n<p>Le plan de paix en 20 points n\u00e9goci\u00e9 par le pr\u00e9sident am\u00e9ricain Donald Trump a ouvert une fen\u00eatre d&rsquo;espoir, mais l&rsquo;urgence est d\u00e9sormais d&rsquo;all\u00e9ger les souffrances et de fournir une aide humanitaire \u00e0 la population civile de Gaza, a d\u00e9clar\u00e9 Hadja Lahbib. <\/p>\n<p>La commissaire a exhort\u00e9 Isra\u00ebl \u00e0 mettre rapidement en \u0153uvre la deuxi\u00e8me phase de l&rsquo;accord en autorisant l&rsquo;entr\u00e9e de 600 camions par jour sur le territoire. <\/p>\n<p>\u00ab Nous n&rsquo;en sommes pas encore l\u00e0. Nous demandons donc aux autorit\u00e9s isra\u00e9liennes de tenir leurs promesses \u00bb, a d\u00e9clar\u00e9 Hadja Lahbib lors de l&rsquo;\u00e9mission phare d&rsquo;Euronews, The Europe Conversation. <\/p>\n<p>Hadja Lahbib a fait remarquer que le Conseil des affaires \u00e9trang\u00e8res de l&rsquo;UE a r\u00e9cemment d\u00e9cid\u00e9 de maintenir la pression sur Isra\u00ebl en mettant sur la table une suspension partielle de l&rsquo;accord d&rsquo;association UE-Isra\u00ebl. <\/p>\n<p>En septembre, quelques semaines avant l&rsquo;accord de cessez-le-feu \u00e0 Gaza, la Commission europ\u00e9enne avait officiellement propos\u00e9 de suspendre certaines parties de l&rsquo;accord bilat\u00e9ral avec Isra\u00ebl, apr\u00e8s qu&rsquo;un examen eut r\u00e9v\u00e9l\u00e9 des violations potentielles de ses obligations en mati\u00e8re de droits de l&rsquo;homme. <\/p>\n<p>L&rsquo;UE est le premier partenaire commercial d&rsquo;Isra\u00ebl et le premier bailleur de fonds international de l&rsquo;Autorit\u00e9 palestinienne. <\/p>\n<p>\u00ab Dans le cadre de cette approche \u00e9quilibr\u00e9e, nous devons \u00e9galement veiller \u00e0 ce que nos r\u00e8gles et principes soient respect\u00e9s \u00bb, a d\u00e9clar\u00e9 Hadja Lahbib.<\/p>\n<p>La Belgique n&rsquo;entrave pas \u00ab un nouveau mode de financement de l&rsquo;effort de guerre de l&rsquo;Ukraine \u00bb<\/p>\n<p>Abordant la question de la guerre en Ukraine, Hadja Lahbib a confirm\u00e9 l&rsquo;engagement continu de l&rsquo;UE \u00e0 soutenir ce pays et son peuple. <\/p>\n<p>\u00ab Lorsque j&rsquo;\u00e9tais ministre des affaires \u00e9trang\u00e8res, je me souviens que nous ne cessions de r\u00e9p\u00e9ter que nous soutiendrons l&rsquo;Ukraine aussi longtemps qu&rsquo;il le faudra, et c&rsquo;est ce que nous faisons, et nous continuerons \u00e0 le faire \u00bb, a-t-elle d\u00e9clar\u00e9. <\/p>\n<p>Commentant la r\u00e9sistance de la Belgique \u00e0 l&rsquo;octroi d&rsquo;un pr\u00eat de 140 milliards d&rsquo;euros \u00e0 l&rsquo;Ukraine en utilisant des actifs financiers russes gel\u00e9s d\u00e9tenus par le d\u00e9positaire Euroclear bas\u00e9 \u00e0 Bruxelles, Hadja Lahbib a exprim\u00e9 sa compr\u00e9hension de la position belge. <\/p>\n<p>La Belgique ne fait pas obstacle \u00e0 un nouveau mode de financement de l&rsquo;effort de guerre de l&rsquo;Ukraine, a-t-elle d\u00e9clar\u00e9. <\/p>\n<p>\u00ab Nous n&rsquo;avons pas d&rsquo;exemple \u00e0 suivre et il faut s\u00e9curiser la situation d&rsquo;un point de vue juridique. C&rsquo;est la seule chose \u00e0 faire, le seul point sur lequel se concentrer \u00bb, a-t-elle d\u00e9clar\u00e9. \u00ab Je pense que ce n&rsquo;est qu&rsquo;une question de temps. \u00bb <\/p>\n<p>La principale inqui\u00e9tude de la Belgique concerne les repr\u00e9sailles russes si Moscou exige la restitution de ses avoirs et si les sanctions sont lev\u00e9es. <\/p>\n<p>\u00ab Nous devons juste s\u00e9curiser l&rsquo;aspect juridique pour \u00eatre s\u00fbrs que la Belgique ne sera pas traduite devant une cour de justice ult\u00e9rieurement \u00bb, a d\u00e9clar\u00e9 Hadja Lahbib. <\/p>\n<p>Apr\u00e8s d&rsquo;intenses discussions lors d&rsquo;un sommet du Conseil europ\u00e9en \u00e0 Bruxelles jeudi, les dirigeants de l&rsquo;UE esp\u00e9raient parvenir \u00e0 un accord sur ce plan. <\/p>\n<p>Cependant, les dirigeants de l&rsquo;UE27 se sont quitt\u00e9s sans prendre de d\u00e9cision,<a href=\"https:\/\/www.euronews.com\/my-europe\/2025\/10\/24\/belgian-resistance-holds-up-140-billion-loan-for-ukraine-at-eu-summit\" target=\"_blank\" rel=\"noopener\"> n&rsquo;ayant pas r\u00e9ussi \u00e0 apaiser les inqui\u00e9tudes de la Belgique<\/a> \u00e0 l\u2019\u00e9gard la proposition. <\/p>\n<p>Le sujet sera probablement repris lors d&rsquo;un autre sommet en novembre ou en d\u00e9cembre. <\/p>\n<p>Interrog\u00e9e sur la pr\u00e9paration de l&rsquo;Europe \u00e0 la guerre, elle a soulign\u00e9 l&rsquo;\u00e9volution de la nature de la guerre. <\/p>\n<p>\u00ab Nous nous pr\u00e9parons chaque jour \u00e0 tout \u00bb, a d\u00e9clar\u00e9 Hadja Lahbib. \u00ab Mais la guerre, ce n&rsquo;est pas [&#8230;] un soldat qui frappe \u00e0 votre porte. \u00bb <\/p>\n<p>\u00ab La r\u00e9alit\u00e9 d&rsquo;aujourd&rsquo;hui, c&rsquo;est un virus, une attaque chimique, un incident nucl\u00e9aire qui peut \u00eatre provoqu\u00e9 par des pannes d&rsquo;\u00e9lectricit\u00e9. Nous devons donc bien comprendre les menaces actuelles. \u00bb <\/p>\n","protected":false},"excerpt":{"rendered":"L&rsquo;Union europ\u00e9enne souhaite jouer un r\u00f4le actif dans la diplomatie au Moyen-Orient \u00e0 la suite de l&rsquo;accord de&hellip;\n","protected":false},"author":2,"featured_media":496229,"comment_status":"","ping_status":"","sticky":false,"template":"","format":"standard","meta":{"footnotes":""},"categories":[1586],"tags":[11,4628,2196,1777,674,1779,1011,27,131,12,50517,17749,25,1778,364],"class_list":{"0":"post-496228","1":"post","2":"type-post","3":"status-publish","4":"format-standard","5":"has-post-thumbnail","7":"category-europe","8":"tag-actualites","9":"tag-bande-de-gaza","10":"tag-commission-europeenne","11":"tag-eu","12":"tag-europe","13":"tag-european-union","14":"tag-fr","15":"tag-france","16":"tag-guerre-en-ukraine","17":"tag-news","18":"tag-politique-belge","19":"tag-politique-europeenne","20":"tag-republique-francaise","21":"tag-ue","22":"tag-union-europeenne"},"share_on_mastodon":{"url":"https:\/\/pubeurope.com\/@fr\/115453836927029767","error":""},"_links":{"self":[{"href":"https:\/\/www.europesays.com\/fr\/wp-json\/wp\/v2\/posts\/496228","targetHints":{"allow":["GET"]}}],"collection":[{"href":"https:\/\/www.europesays.com\/fr\/wp-json\/wp\/v2\/posts"}],"about":[{"href":"https:\/\/www.europesays.com\/fr\/wp-json\/wp\/v2\/types\/post"}],"author":[{"embeddable":true,"href":"https:\/\/www.europesays.com\/fr\/wp-json\/wp\/v2\/users\/2"}],"replies":[{"embeddable":true,"href":"https:\/\/www.europesays.com\/fr\/wp-json\/wp\/v2\/comments?post=496228"}],"version-history":[{"count":0,"href":"https:\/\/www.europesays.com\/fr\/wp-json\/wp\/v2\/posts\/496228\/revisions"}],"wp:featuredmedia":[{"embeddable":true,"href":"https:\/\/www.europesays.com\/fr\/wp-json\/wp\/v2\/media\/496229"}],"wp:attachment":[{"href":"https:\/\/www.europesays.com\/fr\/wp-json\/wp\/v2\/media?parent=496228"}],"wp:term":[{"taxonomy":"category","embeddable":true,"href":"https:\/\/www.europesays.com\/fr\/wp-json\/wp\/v2\/categories?post=496228"},{"taxonomy":"post_tag","embeddable":true,"href":"https:\/\/www.europesays.com\/fr\/wp-json\/wp\/v2\/tags?post=496228"}],"curies":[{"name":"wp","href":"https:\/\/api.w.org\/{rel}","templated":true}]}}