{"id":496238,"date":"2025-10-28T21:12:14","date_gmt":"2025-10-28T21:12:14","guid":{"rendered":"https:\/\/www.europesays.com\/fr\/496238\/"},"modified":"2025-10-28T21:12:14","modified_gmt":"2025-10-28T21:12:14","slug":"lalterna-stade-poitevin-decroche-sa-premiere-victoire-a-cannes","status":"publish","type":"post","link":"https:\/\/www.europesays.com\/fr\/496238\/","title":{"rendered":"l\u2019Alterna Stade Poitevin d\u00e9croche sa premi\u00e8re victoire \u00e0 Cannes"},"content":{"rendered":"<p><strong>Cannes\u00a0&#8211; Alterna Stade Poitevin\u00a0: 0-3<\/strong><\/p>\n<p>L&rsquo;interminable journ\u00e9e de d\u00e9placement de mardi, perturb\u00e9e en raison des incidents SNCF, n\u2019a semble-t-il pas eu une incidence n\u00e9gative sur l\u2019Alterna Stade Poitevin.<\/p>\n<p>Malgr\u00e9 ce long voyage<a target=\"_self\" href=\"https:\/\/www.lanouvellerepublique.fr\/poitiers\/apres-avoir-ete-bloques-a-paris-les-volleyeurs-de-l-alterna-stade-poitevin-ont-rejoint-cannes-en-minibus-1761591032\" rel=\"noopener\"> d\u00e9but\u00e9 \u00e0 8h20 de Poitiers pour finalement arriver autour de minuit sur la C\u00f4te d&rsquo;Azur<\/a> apr\u00e8s avoir d\u00fb louer en urgence des v\u00e9hicules \u00e0 Paris, les co\u00e9quipiers de Franco Massimino ont d\u00e9croch\u00e9 leur premi\u00e8re victoire de la saison en championnat, ce mardi 28\u00a0octobre 2025 sur le parquet de l\u2019AS Cannes.<\/p>\n<p>En l\u2019absence de Dusan Nikolic, les joueurs de Dan Lewis ont pu s\u2019appuyer sur leur pointu am\u00e9ricain, Kevin Kobrine (15 points), Thomas Pujol (13 points) ainsi que sur leurs centraux Lukas Maase (10 points) et Armin Afshin Far (11 points) pour s\u2019imposer en trois sets et avec la mani\u00e8re au palais des victoires.<\/p>\n<p>Victorieux 21-25 du premier set, le deuxi\u00e8me a \u00e9t\u00e9 \u00e0 sens unique (16-25) tandis que s\u2019ils ont fait la course en t\u00eate dans le troisi\u00e8me (15-20), les Poitevins se sont fait une petite frayeur dans le suivant avec une remont\u00e9e des Cannois (19-20), aussit\u00f4t repouss\u00e9e apr\u00e8s un temps mort (21-25).<\/p>\n<p>Ce succ\u00e8s fait du bien au moral apr\u00e8s la d\u00e9faite au tie-break \u00e0 Saint-Nazaire en ouverture (3-2) puis la d\u00e9monstration de Montpellier \u00e0 l\u2019Arena (0-3). Mais l\u2019Alterna SPVB n\u2019a pas le temps de savourer, d\u00e8s ce jeudi il se d\u00e9place chez le champion de France, Tours.<\/p>\n<p>\u00a0<\/p>\n","protected":false},"excerpt":{"rendered":"Cannes\u00a0&#8211; Alterna Stade Poitevin\u00a0: 0-3 L&rsquo;interminable journ\u00e9e de d\u00e9placement de mardi, perturb\u00e9e en raison des incidents SNCF, n\u2019a&hellip;\n","protected":false},"author":2,"featured_media":496239,"comment_status":"","ping_status":"","sticky":false,"template":"","format":"standard","meta":{"footnotes":""},"categories":[1417],"tags":[1392,1654,1011,27,1653,60,1584,1470,1469],"class_list":{"0":"post-496238","1":"post","2":"type-post","3":"status-publish","4":"format-standard","5":"has-post-thumbnail","7":"category-volley","8":"tag-a-la-une-local","9":"tag-alterna-stade-poitevin-volley-ball","10":"tag-fr","11":"tag-france","12":"tag-poitiers","13":"tag-sports","14":"tag-vienne","15":"tag-volley","16":"tag-volleyball"},"share_on_mastodon":{"url":"https:\/\/pubeurope.com\/@fr\/115453856559807172","error":""},"_links":{"self":[{"href":"https:\/\/www.europesays.com\/fr\/wp-json\/wp\/v2\/posts\/496238","targetHints":{"allow":["GET"]}}],"collection":[{"href":"https:\/\/www.europesays.com\/fr\/wp-json\/wp\/v2\/posts"}],"about":[{"href":"https:\/\/www.europesays.com\/fr\/wp-json\/wp\/v2\/types\/post"}],"author":[{"embeddable":true,"href":"https:\/\/www.europesays.com\/fr\/wp-json\/wp\/v2\/users\/2"}],"replies":[{"embeddable":true,"href":"https:\/\/www.europesays.com\/fr\/wp-json\/wp\/v2\/comments?post=496238"}],"version-history":[{"count":0,"href":"https:\/\/www.europesays.com\/fr\/wp-json\/wp\/v2\/posts\/496238\/revisions"}],"wp:featuredmedia":[{"embeddable":true,"href":"https:\/\/www.europesays.com\/fr\/wp-json\/wp\/v2\/media\/496239"}],"wp:attachment":[{"href":"https:\/\/www.europesays.com\/fr\/wp-json\/wp\/v2\/media?parent=496238"}],"wp:term":[{"taxonomy":"category","embeddable":true,"href":"https:\/\/www.europesays.com\/fr\/wp-json\/wp\/v2\/categories?post=496238"},{"taxonomy":"post_tag","embeddable":true,"href":"https:\/\/www.europesays.com\/fr\/wp-json\/wp\/v2\/tags?post=496238"}],"curies":[{"name":"wp","href":"https:\/\/api.w.org\/{rel}","templated":true}]}}