{"id":49624,"date":"2025-04-24T16:50:14","date_gmt":"2025-04-24T16:50:14","guid":{"rendered":"https:\/\/www.europesays.com\/fr\/49624\/"},"modified":"2025-04-24T16:50:14","modified_gmt":"2025-04-24T16:50:14","slug":"lheure-de-la-reaction-sig-strasbourg","status":"publish","type":"post","link":"https:\/\/www.europesays.com\/fr\/49624\/","title":{"rendered":"L&rsquo;heure de la r\u00e9action | SIG Strasbourg"},"content":{"rendered":"<p class=\"text-align-justify chapo\"><strong>Ce vendredi 25 avril \u00e0 20h, la SIG Strasbourg accueille La Rochelle au Rhenus Sport pour un match qui s\u2019annonce crucial. Apr\u00e8s deux lourdes d\u00e9faites cons\u00e9cutives, dont une \u00e0 domicile il y a deux semaines face \u00e0 la JDA Dijon, nos SIGmen doivent imp\u00e9rativement r\u00e9agir. L\u2019objectif est clair : remobiliser les troupes, retrouver le go\u00fbt de la victoire et renouer avec une dynamique positive<\/strong>.<\/p>\n<p>\u00a0<\/p>\n<p>\u00a0<\/p>\n<p>Dans ce contexte, plus que jamais, le soutien du public sera d\u00e9terminant. Les joueurs auront besoin d\u2019un Rhenus chaud, bruyant, engag\u00e9. Cette rencontre est bien plus qu\u2019un simple match de championnat. C\u2019est un test de caract\u00e8re. Vendredi soir, l\u2019heure ne sera pas aux calculs : il faudra tout donner, tous ensemble, pour repartir de l\u2019avant.<\/p>\n<p>\u00a0<\/p>\n<p>\u00a0<\/p>\n<p>\u00a0<\/p>\n<p><strong>30<\/strong><strong>&#8230;comme le nombre de rebonds pris en moyenne par le Stade Rochelais Basket cette saison.<\/strong><br \/>\nAvec 30,4 rebonds capt\u00e9s par match depuis le d\u00e9but de la saison, La Rochelle est tout simplement l\u2019\u00e9quipe la moins prolifique du championnat dans le domaine. Avec 5,1 rebonds de moyenne, Jubrile Belo sera le joueur \u00e0 surveiller pour ne pas trop souffrir sous le cercle. Autre point \u00e0 noter, seulement trois joueurs de l\u2019effectif rochelais prennent 3 rebonds ou plus en moyenne. En attaque, l\u2019effectif de Julien Cortey est celui qui se procure le moins de seconde chance avec seulement 6,4 rebonds offensifs pris par match. Les hommes de Thomas Drouot devront absolument contr\u00f4ler le rebond et le rythme du match, tout en restant \u00e0 l\u2019aff\u00fbt de certaines opportunit\u00e9s pour s\u2019offrir des secondes chances et prendre une s\u00e9rieuse option sur la victoire.<\/p>\n<p class=\"text-align-justify\">\u00a0<\/p>\n<p>\u00a0<\/p>\n<p>Son talent et son scoring font un bien fou \u00e0 l\u2019effectif de Julien Cortey et Sam Sessoms (pr\u00e9sentation au match aller du championnat). Avec les jaunes et noirs, il affiche une ligne statistique solide avec 15,5 points, 4,5 rebonds et 2,5 passes d\u00e9cisives de moyenne en Betclic Elite. Enfin, il serait pr\u00e9f\u00e9rable d\u2019\u00e9viter un money-time au couteau, lui qui est un des joueurs les plus clutch du championnat. Il sera donc n\u00e9cessaire de le surveiller de pr\u00e8s pour esp\u00e9rer renouer avec la victoire au Rhenus Sport.<\/p>\n<p class=\"text-align-justify\">\u00a0<\/p>\n<p>\u00a0<\/p>\n<p>\u00a0<\/p>\n<p>\u00a0<\/p>\n<p><strong>Quel regard portes-tu sur cette \u00e9quipe de La Rochelle ?<\/strong><br \/><strong>T.D.<\/strong> : \u00ab J\u2019ai beaucoup de respect pour eux. M\u00eame apr\u00e8s une longue s\u00e9rie de d\u00e9faites, ils sont rest\u00e9s combatifs. \u00c0 chaque match, ils ont pos\u00e9 des probl\u00e8mes, y compris \u00e0 de tr\u00e8s bonnes \u00e9quipes du championnat. Gagner l\u00e0-bas \u00e0 l\u2019aller n\u2019avait rien d\u2019\u00e9vident, ils ont emb\u00eat\u00e9 tout le monde. On est pleinement conscients du danger. On l\u2019a martel\u00e9 aux joueurs toute la semaine. \u00bb<br \/>\n\u00a0<br \/>\n<strong>Quelle sera la cl\u00e9 pour l\u2019emporter demain ?<\/strong><br \/><strong>T.D.<\/strong> : \u00ab Si on est moyens, \u00e7a ne suffira pas. Il faudra faire une vraie performance pour battre La Rochelle. Offensivement, il faut qu\u2019on retrouve l\u2019envie de jouer ensemble, que la balle circule, qu\u2019elle ne reste pas fig\u00e9e dans les mains d\u2019un joueur. D\u00e9fensivement, il faudra montrer plus de duret\u00e9, plus d\u2019intensit\u00e9. Apr\u00e8s Le Mans, je l\u2019ai dit aux gars : on doit r\u00e9agir. Pour nous, la fin de saison, c\u2019est comme un tournoi universitaire am\u00e9ricain : si tu perds, t\u2019es dehors. C\u2019est le d\u00e9fi que je leur ai lanc\u00e9. Il reste quatre matchs en saison r\u00e9guli\u00e8re, on sort de deux prestations d\u00e9cevantes, pour des raisons diff\u00e9rentes. \u00c0 nous maintenant de prouver, \u00e0 nous-m\u00eames et \u00e0 nos supporters, qu\u2019on est capables de montrer un autre visage. \u00bb<\/p>\n<p>\u00a0<\/p>\n<p>\u00a0<\/p>\n<p>\u00a0<\/p>\n<\/p>\n<p>\u00a0<\/p>\n<p>\u00a0<\/p>\n","protected":false},"excerpt":{"rendered":"Ce vendredi 25 avril \u00e0 20h, la SIG Strasbourg accueille La Rochelle au Rhenus Sport pour un match&hellip;\n","protected":false},"author":2,"featured_media":49625,"comment_status":"","ping_status":"","sticky":false,"template":"","format":"standard","meta":{"footnotes":""},"categories":[2820],"tags":[1111,11,3146,1777,674,1011,27,775,3145,12,25,3144,640],"class_list":{"0":"post-49624","1":"post","2":"type-post","3":"status-publish","4":"format-standard","5":"has-post-thumbnail","7":"category-strasbourg","8":"tag-actu","9":"tag-actualites","10":"tag-betclic-elite","11":"tag-eu","12":"tag-europe","13":"tag-fr","14":"tag-france","15":"tag-grand-est","16":"tag-lnb","17":"tag-news","18":"tag-republique-francaise","19":"tag-sig","20":"tag-strasbourg"},"share_on_mastodon":{"url":"https:\/\/pubeurope.com\/@fr\/114393974313663680","error":""},"_links":{"self":[{"href":"https:\/\/www.europesays.com\/fr\/wp-json\/wp\/v2\/posts\/49624","targetHints":{"allow":["GET"]}}],"collection":[{"href":"https:\/\/www.europesays.com\/fr\/wp-json\/wp\/v2\/posts"}],"about":[{"href":"https:\/\/www.europesays.com\/fr\/wp-json\/wp\/v2\/types\/post"}],"author":[{"embeddable":true,"href":"https:\/\/www.europesays.com\/fr\/wp-json\/wp\/v2\/users\/2"}],"replies":[{"embeddable":true,"href":"https:\/\/www.europesays.com\/fr\/wp-json\/wp\/v2\/comments?post=49624"}],"version-history":[{"count":0,"href":"https:\/\/www.europesays.com\/fr\/wp-json\/wp\/v2\/posts\/49624\/revisions"}],"wp:featuredmedia":[{"embeddable":true,"href":"https:\/\/www.europesays.com\/fr\/wp-json\/wp\/v2\/media\/49625"}],"wp:attachment":[{"href":"https:\/\/www.europesays.com\/fr\/wp-json\/wp\/v2\/media?parent=49624"}],"wp:term":[{"taxonomy":"category","embeddable":true,"href":"https:\/\/www.europesays.com\/fr\/wp-json\/wp\/v2\/categories?post=49624"},{"taxonomy":"post_tag","embeddable":true,"href":"https:\/\/www.europesays.com\/fr\/wp-json\/wp\/v2\/tags?post=49624"}],"curies":[{"name":"wp","href":"https:\/\/api.w.org\/{rel}","templated":true}]}}