{"id":496242,"date":"2025-10-28T21:14:14","date_gmt":"2025-10-28T21:14:14","guid":{"rendered":"https:\/\/www.europesays.com\/fr\/496242\/"},"modified":"2025-10-28T21:14:14","modified_gmt":"2025-10-28T21:14:14","slug":"le-numero-1-mondial-carlos-alcaraz-elimine-des-son-entree-en-lice-par-le-britannique-cameron-norrie","status":"publish","type":"post","link":"https:\/\/www.europesays.com\/fr\/496242\/","title":{"rendered":"le num\u00e9ro 1 mondial Carlos Alcaraz \u00e9limin\u00e9 d\u00e8s son entr\u00e9e en lice par le Britannique Cameron Norrie"},"content":{"rendered":"\n<p class=\"c-chapo \">\n  L&rsquo;Espagnol a \u00e9t\u00e9 renvers\u00e9 en trois manches, mardi, par le 31e mondial.\n<\/p>\n<p>      lire plus tard<\/p>\n<p id=\"dialog__title\" class=\"dialog__title\">Pour sauvegarder cet article, connectez-vous ou cr\u00e9ez un compte franceinfo<\/p>\n<p class=\"dialog__description\">Sans paiement. Sans abonnement.<\/p>\n<p>        Fermer la fen\u00eatre d\u2019activation des notifications France Info<\/p>\n<p>      cr\u00e9er votre compte<\/p>\n<p>      se connecter<\/p>\n<p>        Fermer la fen\u00eatre de pr\u00e9sentation<\/p>\n<p>    <img loading=\"lazy\" decoding=\"async\" class=\"signature__image lazyload\" width=\"100\" height=\"100\" data- alt=\"\" src=\"https:\/\/www.europesays.com\/fr\/wp-content\/uploads\/2025\/06\/64889a6246014_quentinrond.png\"\/><\/p>\n<p>          France T\u00e9l\u00e9visions &#8211; R\u00e9daction Sport<\/p>\n<p>    Publi\u00e9 le 28\/10\/2025 21:41<\/p>\n<p>      Mis \u00e0 jour le 28\/10\/2025 22:07<\/p>\n<p>        Temps de lecture : 1min<\/p>\n<p>    <img decoding=\"async\"  alt=\"Carlos Alcaraz lors de sa d\u00e9faite contre Cameron Norrie au 2e tour du Masters 1000 de Paris, le 28 octobre 2025, \u00e0 Nanterre. (DIMITAR DILKOFF \/ AFP)\" width=\"432\" height=\"243\" src=\"https:\/\/www.europesays.com\/fr\/wp-content\/uploads\/2025\/10\/000-82bh4nk-690129324edb8095355912.jpg\" fetchpriority=\"high\"\/><\/p>\n<p>      Carlos Alcaraz lors de sa d\u00e9faite contre Cameron Norrie au 2e tour du Masters 1000 de Paris, le 28 octobre 2025, \u00e0 Nanterre. (DIMITAR DILKOFF \/ AFP)<\/p>\n<p>Une vraie surprise. Le num\u00e9ro 1 mondial Carlos Alcaraz est tomb\u00e9 d\u00e8s son entr\u00e9e en lice au deuxi\u00e8me tour du <a href=\"https:\/\/www.franceinfo.fr\/sports\/tennis\/masters-1000\/focus\/reportage-masters-1000-de-paris-salle-magnifique-ambiance-electrique-les-premiers-pas-a-paris-la-defense-arena-ont-deja-conquis-joueurs-et-spectateurs_7578442.html\" rel=\"nofollow noopener\" target=\"_blank\">Masters 1000 de Paris<\/a>, mardi 28 octobre, face au Britannique Cameron Norrie, vainqueur en trois manches (4-6, 6-3, 6-4). Apr\u00e8s avoir pris le premier set, l&rsquo;Espagnol a petit \u00e0 petit perdu son tennis face au 31e mondial qui a profit\u00e9 des difficult\u00e9s de son adversaire pour faire mal l\u00e0 o\u00f9 il fallait, et dans les moments chauds.<\/p>\n<p>    <img decoding=\"async\" class=\"francetv-player-wrapper__image\" alt=\"\"  width=\"432\" height=\"243\" src=\"https:\/\/www.europesays.com\/fr\/wp-content\/uploads\/2025\/10\/https:\/\/assets.webservices.francetelevisions.fr\/v1\/assets\/images\/e2\/a8\/6c\/af621a0a-5ab2-4aa9-ab0e-b3.jpeg\" fetchpriority=\"high\"\/><\/p>\n<p>      10min<\/p>\n<p>Le Murcien de 22 ans, qui n&rsquo;avait pas jou\u00e9 depuis fin septembre et son titre \u00e0 l&rsquo;ATP 500 de Tokyo &#8211; touch\u00e9 \u00e0 une cheville &#8211; s&rsquo;est d&rsquo;abord balad\u00e9 avant de perdre le fil dans le deuxi\u00e8me set, rattrap\u00e9 par ses fameux trous d&rsquo;air. Le doute n&rsquo;a plus quitt\u00e9 la t\u00eate du laur\u00e9at de Roland-Garros et de l&rsquo;US Open cette saison, qui a encha\u00een\u00e9 les fautes directes (54) avant de finalement c\u00e9der au bout de 2h22.<\/p>\n<p>Le Britannique est l&rsquo;une des b\u00eates noires de Carlos Alcaraz qu&rsquo;il a battu \u00e0 trois reprises lors de leurs cinq derni\u00e8res confrontations, depuis ao\u00fbt 2022. Et surtout, l&rsquo;Espagnol confirme qu&rsquo;il n&rsquo;est pas forc\u00e9ment \u00e0 l&rsquo;aise dans le tournoi parisien, lui qui n&rsquo;a jamais fait mieux qu&rsquo;un quart de finale au Rolex Paris Masters en cinq participations, alors qu&rsquo;il restait d\u00e9j\u00e0 sur deux sorties pr\u00e9matur\u00e9es, en huiti\u00e8mes la saison derni\u00e8re, et d\u00e9j\u00e0 au deuxi\u00e8me tour en 2023.<\/p>\n<p>Cameron Norrie, 30 ans, affrontera en huiti\u00e8mes de finale le vainqueur du <a href=\"https:\/\/www.franceinfo.fr\/sports\/tennis\/masters-1000\/masters-1000-de-paris-valentin-vacherot-expedie-la-tete-de-serie-n-14-pour-retrouver-son-cousin-arthur-rinderknech-au-2e-tour_7580441.html\" rel=\"nofollow noopener\" target=\"_blank\">match entre les cousins Arthur Rinderknech (29e) et Valentin Vacherot (40e)<\/a>, pr\u00e9vu mercredi matin sur le court central de la D\u00e9fense Arena.<\/p>\n","protected":false},"excerpt":{"rendered":"L&rsquo;Espagnol a \u00e9t\u00e9 renvers\u00e9 en trois manches, mardi, par le 31e mondial. lire plus tard Pour sauvegarder cet&hellip;\n","protected":false},"author":2,"featured_media":496243,"comment_status":"","ping_status":"","sticky":false,"template":"","format":"standard","meta":{"footnotes":""},"categories":[1415],"tags":[1011,27,60,1467],"class_list":{"0":"post-496242","1":"post","2":"type-post","3":"status-publish","4":"format-standard","5":"has-post-thumbnail","7":"category-tennis","8":"tag-fr","9":"tag-france","10":"tag-sports","11":"tag-tennis"},"share_on_mastodon":{"url":"https:\/\/pubeurope.com\/@fr\/115453865048645968","error":""},"_links":{"self":[{"href":"https:\/\/www.europesays.com\/fr\/wp-json\/wp\/v2\/posts\/496242","targetHints":{"allow":["GET"]}}],"collection":[{"href":"https:\/\/www.europesays.com\/fr\/wp-json\/wp\/v2\/posts"}],"about":[{"href":"https:\/\/www.europesays.com\/fr\/wp-json\/wp\/v2\/types\/post"}],"author":[{"embeddable":true,"href":"https:\/\/www.europesays.com\/fr\/wp-json\/wp\/v2\/users\/2"}],"replies":[{"embeddable":true,"href":"https:\/\/www.europesays.com\/fr\/wp-json\/wp\/v2\/comments?post=496242"}],"version-history":[{"count":0,"href":"https:\/\/www.europesays.com\/fr\/wp-json\/wp\/v2\/posts\/496242\/revisions"}],"wp:featuredmedia":[{"embeddable":true,"href":"https:\/\/www.europesays.com\/fr\/wp-json\/wp\/v2\/media\/496243"}],"wp:attachment":[{"href":"https:\/\/www.europesays.com\/fr\/wp-json\/wp\/v2\/media?parent=496242"}],"wp:term":[{"taxonomy":"category","embeddable":true,"href":"https:\/\/www.europesays.com\/fr\/wp-json\/wp\/v2\/categories?post=496242"},{"taxonomy":"post_tag","embeddable":true,"href":"https:\/\/www.europesays.com\/fr\/wp-json\/wp\/v2\/tags?post=496242"}],"curies":[{"name":"wp","href":"https:\/\/api.w.org\/{rel}","templated":true}]}}