{"id":496248,"date":"2025-10-28T21:20:15","date_gmt":"2025-10-28T21:20:15","guid":{"rendered":"https:\/\/www.europesays.com\/fr\/496248\/"},"modified":"2025-10-28T21:20:15","modified_gmt":"2025-10-28T21:20:15","slug":"nicolas-sarkozy-incarcere-pires-que-des-v-carla-bruni-voit-rouge-et-sinsurge-sans-filtre-avec-un-parallele-ose","status":"publish","type":"post","link":"https:\/\/www.europesays.com\/fr\/496248\/","title":{"rendered":"Nicolas Sarkozy incarc\u00e9r\u00e9 : \u201cPires que des v\u2026\u201d Carla Bruni voit rouge et s\u2019insurge sans filtre avec un parall\u00e8le os\u00e9"},"content":{"rendered":"<p>Depuis le 21 octobre, <a href=\"https:\/\/www.closermag.fr\/politique\/nicolas-sarkozy-en-prison-il-a-achete-du-thon-et-des-yaourts-de-nouveaux-details-sur-lincarceration-de-lancien-president-3589432\" target=\"_blank\" rel=\"noopener\"><br \/>\nNicolas Sarkozy est incarc\u00e9r\u00e9 \u00e0 la prison de la Sant\u00e9<\/a>, \u00e0 Paris.<br \/>\nUne <strong>premi\u00e8re<\/strong> dans l\u2019histoire de la 5e R\u00e9publique.<br \/>\nL\u2019ancien pr\u00e9sident y purge une <strong>peine<\/strong> dans le cadre<br \/>\nde l\u2019affaire du <strong>financement libyen<\/strong> de sa campagne<br \/>\nde 2007. Une situation que <a href=\"https:\/\/www.closermag.fr\/politique\/nicolas-sarkozy-en-prison-carla-bruni-privee-de-visite-et-la-raison-a-de-quoi-la-rendre-folle-3589834\" target=\"_blank\" rel=\"noopener\"><br \/>\nson \u00e9pouse, Carla Bruni<\/a>, vit<br \/>\n<strong>douloureusement<\/strong>.<\/p>\n<p>Ce mardi 28 octobre, la m\u00e8re de <a href=\"https:\/\/www.closermag.fr\/people\/absolument-pas-decede-giulia-sarkozy-fait-une-mise-au-point-bien-sentie-3589673\" target=\"_blank\" rel=\"noopener\"><br \/>\nGiulia Sarkozy<\/a> a partag\u00e9 en story Instagram un message<br \/>\nau ton particuli\u00e8rement <strong>virulent<\/strong>. On y lit :<br \/>\n\u2018\u2018Quand il s\u2019agit d\u2019un d\u00e9tenu <strong>islamiste<\/strong>, ils<br \/>\ninvoquent la <strong>dignit\u00e9 humaine<\/strong>. Quand c\u2019est<br \/>\n<strong>Sarkozy<\/strong>, ils crient <strong>au traitement de<br \/>\nfaveur<\/strong>. Ces gens sont <strong>pires<\/strong> que des<br \/>\n<strong>vautours<\/strong>.\u2019\u2019 Un texte relayant un post du<br \/>\ncompte @l_edito_de_madar, partag\u00e9 d\u2019abord par<br \/>\n@aude_mouline, avant d\u2019\u00eatre republi\u00e9 par la <a href=\"https:\/\/www.closermag.fr\/people\/nicolas-sarkozy-en-prison-carla-bruni-publie-un-cliche-edifiant-apres-son-premier-week-end-eprouvant-sans-lui-3589693\" target=\"_blank\" rel=\"noopener\"><br \/>\nchanteuse Carla Bruni<\/a>.<\/p>\n<p>Une visite parlementaire qui fait pol\u00e9mique<\/p>\n<p>\u00c0 l\u2019origine de cette r\u00e9action, une enqu\u00eate du JDD<br \/>\nr\u00e9v\u00e9lant que les d\u00e9put\u00e9s LFI <strong>Ugo Bernalicis et<br \/>\nDani\u00e8le Obono<\/strong> ont tent\u00e9 d\u2019user de leur <strong>droit de<br \/>\nvisite parlementaire<\/strong> pour <a href=\"https:\/\/www.closermag.fr\/people\/en-train-de-peter-un-cable-cette-demande-de-visite-a-nicolas-sarkozy-en-prison-qui-derange-3589648\" target=\"_blank\" rel=\"noopener\"><br \/>\nrencontrer Nicolas Sarkozy \u00e0 la prison de la Sant\u00e9<\/a>. Les deux<br \/>\n\u00e9lus souhaitaient \u2018\u2018v\u00e9rifier <strong>qu\u2019aucun traitement de<br \/>\nfaveur ne lui est accord\u00e9<\/strong>.\u2019\u2019<\/p>\n<p>Mais l\u2019administration p\u00e9nitentiaire a <strong>fermement<br \/>\nrefus\u00e9<\/strong> leur demande et a estim\u00e9 que cette d\u00e9marche ne<br \/>\nrelevait <strong>pas du cadre l\u00e9gal<\/strong> pr\u00e9vu. \u2018\u2018La visite<br \/>\nparlementaire, ce n\u2019est <strong>pas aller voir une<br \/>\npersonne,<\/strong> c\u2019est <strong>visiter l\u2019\u00e9tablissement dans son<br \/>\nensemble<\/strong>.\u2019\u2019 rappelle une source interne. Une autre,<br \/>\nplus critique, a d\u00e9nonc\u00e9 une forme de \u201c<strong>tourisme<br \/>\ncarc\u00e9ral<\/strong>\u201d et une \u201c<strong>mise en sc\u00e8ne<br \/>\npolitique<\/strong>\u201d.<\/p>\n<p>Carla Bruni partag\u00e9e entre col\u00e8re et<br \/>\ntendresse face \u00e0 cette \u00e9preuve<\/p>\n<p>Si Carla Bruni n\u2019a pas comment\u00e9 publiquement la situation, sa<br \/>\n<strong>col\u00e8re silencieuse<\/strong> s\u2019exprime par des images. Peu<br \/>\navant le partage de sa story pol\u00e9mique, elle a publi\u00e9 une autre<br \/>\nphoto plus <strong>intime<\/strong> : <strong>un clich\u00e9 d\u2019elle et de<br \/>\nNicolas Sarkozy enlac\u00e9s et complices.<\/strong> Cette publication<br \/>\ntraduit la <strong>d\u00e9tresse<\/strong> discr\u00e8te d\u2019une <strong>\u00e9pouse<br \/>\ns\u00e9par\u00e9e de son mari pour la premi\u00e8re fois depuis 17<br \/>\nans.<\/strong><\/p>\n<p>Mais le couple reste <strong>soud\u00e9 face aux temp\u00eates m\u00e9diatiques<br \/>\net judiciaires<\/strong> et traverse cette \u00e9preuve \u00e0 distance. Comme<br \/>\nle disait Carla Bruni dans une interview r\u00e9cente sur Youtube de<br \/>\nCarla Ghebali. \u2018\u2018Avant lui, je n\u2019\u00e9tais <strong>pas dans une<br \/>\ngrande option d\u2019engagement.<\/strong> Mais certaines<br \/>\n<strong>rencontres changent tout<\/strong>.\u2019\u2019<\/p>\n","protected":false},"excerpt":{"rendered":"Depuis le 21 octobre, Nicolas Sarkozy est incarc\u00e9r\u00e9 \u00e0 la prison de la Sant\u00e9, \u00e0 Paris. Une premi\u00e8re&hellip;\n","protected":false},"author":2,"featured_media":496249,"comment_status":"","ping_status":"","sticky":false,"template":"","format":"standard","meta":{"footnotes":""},"categories":[1359],"tags":[12667,58,59,1011,27,3091,973],"class_list":{"0":"post-496248","1":"post","2":"type-post","3":"status-publish","4":"format-standard","5":"has-post-thumbnail","7":"category-people","8":"tag-carla-bruni","9":"tag-divertissement","10":"tag-entertainment","11":"tag-fr","12":"tag-france","13":"tag-nicolas-sarkozy","14":"tag-people"},"share_on_mastodon":{"url":"https:\/\/pubeurope.com\/@fr\/115453888068070351","error":""},"_links":{"self":[{"href":"https:\/\/www.europesays.com\/fr\/wp-json\/wp\/v2\/posts\/496248","targetHints":{"allow":["GET"]}}],"collection":[{"href":"https:\/\/www.europesays.com\/fr\/wp-json\/wp\/v2\/posts"}],"about":[{"href":"https:\/\/www.europesays.com\/fr\/wp-json\/wp\/v2\/types\/post"}],"author":[{"embeddable":true,"href":"https:\/\/www.europesays.com\/fr\/wp-json\/wp\/v2\/users\/2"}],"replies":[{"embeddable":true,"href":"https:\/\/www.europesays.com\/fr\/wp-json\/wp\/v2\/comments?post=496248"}],"version-history":[{"count":0,"href":"https:\/\/www.europesays.com\/fr\/wp-json\/wp\/v2\/posts\/496248\/revisions"}],"wp:featuredmedia":[{"embeddable":true,"href":"https:\/\/www.europesays.com\/fr\/wp-json\/wp\/v2\/media\/496249"}],"wp:attachment":[{"href":"https:\/\/www.europesays.com\/fr\/wp-json\/wp\/v2\/media?parent=496248"}],"wp:term":[{"taxonomy":"category","embeddable":true,"href":"https:\/\/www.europesays.com\/fr\/wp-json\/wp\/v2\/categories?post=496248"},{"taxonomy":"post_tag","embeddable":true,"href":"https:\/\/www.europesays.com\/fr\/wp-json\/wp\/v2\/tags?post=496248"}],"curies":[{"name":"wp","href":"https:\/\/api.w.org\/{rel}","templated":true}]}}