{"id":496256,"date":"2025-10-28T21:25:18","date_gmt":"2025-10-28T21:25:18","guid":{"rendered":"https:\/\/www.europesays.com\/fr\/496256\/"},"modified":"2025-10-28T21:25:18","modified_gmt":"2025-10-28T21:25:18","slug":"un-poitevin-realise-un-documentaire-sur-la-vie-dune-personne-a-la-marge","status":"publish","type":"post","link":"https:\/\/www.europesays.com\/fr\/496256\/","title":{"rendered":"un Poitevin r\u00e9alise un documentaire sur la vie d\u2019une personne \u00e0 la marge"},"content":{"rendered":"<p>Fr\u00e9d\u00e9ric fait partie de ceux que tout le monde conna\u00eet dans son quartier, sans que personne ne le connaisse vraiment. Un film documentaire va sans doute changer la donne. Le Poitevin Colin P\u00e9guillan et son ami parisien Romain Multier ont r\u00e9alis\u00e9 le film Rester vivant. Un documentaire biographique sur Fr\u00e9d\u00e9ric Prieur, habitant du Marais \u00e0 Paris, qui vit \u00e0 la marge depuis des ann\u00e9es. Diagnostiqu\u00e9 schizophr\u00e8ne, l\u2019homme est tr\u00e8s connu dans son quartier parisien pour y tra\u00eener, souvent muni d\u2019un lecteur de cassettes qui crache sa musique \u00e0 fond dans les enceintes. Il est de ceux que personne n\u2019aborde, sauf quand sa route croise deux professionnels du cin\u00e9ma.<\/p>\n<p>\u00ab\u00a0Lui donner la parole pour changer ce regard sur la diff\u00e9rence\u00a0\u00bb<\/p>\n<p>La rencontre entre Romain Multier et Fr\u00e9d\u00e9ric Prieur se fait en 2020. \u00ab\u00a0Tr\u00e8s vite, Romain m\u2019a propos\u00e9 l\u2019id\u00e9e d\u2019un documentaire sur la vie de Fr\u00e9d\u00e9ric\u00a0\u00bb, se rappelle le Poitevin Colin P\u00e9guillan, enseignant \u00e0 l\u2019<a target=\"_self\" href=\"https:\/\/www.lanouvellerepublique.fr\/poitiers\/une-spatialite-singuliere-on-a-visite-le-chantier-de-la-future-ecole-de-l-image-aux-couronneries-a-poitiers-1750957181\" rel=\"noopener\">\u00c9cole europ\u00e9enne sup\u00e9rieure de l\u2019image (EESI)<\/a> \u00e0 Poitiers. Voil\u00e0 les deux r\u00e9alisateurs embarqu\u00e9s dans le quotidien de cet homme particulier. \u00ab\u00a0On est all\u00e9s chez lui. C\u2019est un tout petit studio parisien, rempli de plein d\u2019objets et de manuscrits, d\u00e9crit Colin P\u00e9guillan. Il nous a confi\u00e9 qu\u2019en vingt ans, personne n\u2019\u00e9tait entr\u00e9 chez lui.\u00a0\u00bb De l\u00e0 s\u2019instaurent des rendez-vous r\u00e9guliers pour \u00e9changer avec l\u2019homme.<\/p>\n<p>\u00ab\u00a0Cela nous a permis de d\u00e9voiler son \u00e2me. De partir de cette image de marginal voire de fou, pour ensuite pr\u00e9senter un homme cr\u00e9atif, qui cr\u00e9e de la musique, r\u00e9dige des po\u00e8mes\u2026\u00a0\u00bb Le film se porte ainsi sur la maladie mentale et sur le regard que l\u2019on porte sur le sujet. \u00ab\u00a0Il \u00e9tait important de lui donner la parole pour changer ce regard sur la diff\u00e9rence\u00a0\u00bb, poursuit Colin P\u00e9guillan.<\/p>\n<p>Projection au Dietrich<\/p>\n<p>De ces trois ann\u00e9es d\u2019entretiens, o\u00f9 s\u2019est nou\u00e9e une v\u00e9ritable amiti\u00e9, est n\u00e9 un documentaire de 52 minutes. Les premi\u00e8res projections ont eu lieu \u00e0 Paris en septembre. Le Dietrich accueillera la premi\u00e8re diffusion \u00e0 Poitiers, ce mercredi 29\u00a0octobre 2025 \u00e0 19\u00a0h. \u00ab\u00a0La vie du film se poursuivra ensuite au gr\u00e9 des projections, notamment dans des festivals. Nous avons d\u00e9j\u00e0 re\u00e7u un prix \u00e0 Amsterdam\u00a0\u00bb, se f\u00e9licite le Poitevin.<\/p>\n<p><img alt=\"Colin P\u00e9guillan, r\u00e9alisateur du film \u00ab\u00a0Rester vivant\u00a0\u00bb.\" loading=\"lazy\" width=\"980\" height=\"573\" decoding=\"async\" data-nimg=\"1\" class=\"img-responsive spinner-show\" style=\"color:transparent;background-size:cover;background-position:50% 50%;background-repeat:no-repeat;background-image:url(&quot;data:image\/svg+xml;charset=utf-8,%3Csvg xmlns='http:\/\/www.w3.org\/2000\/svg' viewBox='0 0 980 573'%3E%3Cfilter id='b' color-interpolation-filters='sRGB'%3E%3CfeGaussianBlur stdDeviation='20'\/%3E%3CfeColorMatrix values='1 0 0 0 0 0 1 0 0 0 0 0 1 0 0 0 0 0 100 -1' result='s'\/%3E%3CfeFlood x='0' y='0' width='100%25' height='100%25'\/%3E%3CfeComposite operator='out' in='s'\/%3E%3CfeComposite in2='SourceGraphic'\/%3E%3CfeGaussianBlur stdDeviation='20'\/%3E%3C\/filter%3E%3Cimage width='100%25' height='100%25' x='0' y='0' preserveAspectRatio='none' style='filter: url(%23b);' href='https:\/\/images.lanouvellerepublique.fr\/image\/upload\/t_88w\/f_auto\/69010577b5536ea3068b45c1.jpg'\/%3E%3C\/svg%3E&quot;)\"   src=\"https:\/\/www.europesays.com\/fr\/wp-content\/uploads\/2025\/10\/69010577b5536ea3068b45c1.jpg\"\/><\/p>\n<p style=\"background-color:#F2F2F2;padding:5px;margin-top:0px;margin-bottom:10px\">Colin P\u00e9guillan, r\u00e9alisateur du film \u00ab\u00a0Rester vivant\u00a0\u00bb.<br \/> \u00a9 (Photo NR-CP, Bastien Blandin)<\/p>\n<p>S\u2019il ne sera pas \u00e0 Poitiers ce mercredi, Fr\u00e9d\u00e9ric Prieur est souvent associ\u00e9 aux projections de son film. D\u2019autant que sa vie a quelque peu chang\u00e9 depuis la rencontre avec le duo de r\u00e9alisateurs. En parall\u00e8le, le Parisien a figur\u00e9 dans un autre documentaire tourn\u00e9 dans une structure o\u00f9 il est soign\u00e9. Tandis qu\u2019un \u00e9diteur vient de publier le premier recueil de po\u00e8mes de Fr\u00e9d\u00e9ric. Pour qu\u2019il ne soit plus jamais un inconnu des rues du Marais.<\/p>\n","protected":false},"excerpt":{"rendered":"Fr\u00e9d\u00e9ric fait partie de ceux que tout le monde conna\u00eet dans son quartier, sans que personne ne le&hellip;\n","protected":false},"author":2,"featured_media":496257,"comment_status":"","ping_status":"","sticky":false,"template":"","format":"standard","meta":{"footnotes":""},"categories":[1354],"tags":[1392,9332,650,58,59,1346,1011,27,1393,500,1360,1653,1584],"class_list":{"0":"post-496256","1":"post","2":"type-post","3":"status-publish","4":"format-standard","5":"has-post-thumbnail","7":"category-films","8":"tag-a-la-une-local","9":"tag-centrepresse","10":"tag-cinema","11":"tag-divertissement","12":"tag-entertainment","13":"tag-films","14":"tag-fr","15":"tag-france","16":"tag-loisirs","17":"tag-medias","18":"tag-movies","19":"tag-poitiers","20":"tag-vienne"},"share_on_mastodon":{"url":"https:\/\/pubeurope.com\/@fr\/115453907768133601","error":""},"_links":{"self":[{"href":"https:\/\/www.europesays.com\/fr\/wp-json\/wp\/v2\/posts\/496256","targetHints":{"allow":["GET"]}}],"collection":[{"href":"https:\/\/www.europesays.com\/fr\/wp-json\/wp\/v2\/posts"}],"about":[{"href":"https:\/\/www.europesays.com\/fr\/wp-json\/wp\/v2\/types\/post"}],"author":[{"embeddable":true,"href":"https:\/\/www.europesays.com\/fr\/wp-json\/wp\/v2\/users\/2"}],"replies":[{"embeddable":true,"href":"https:\/\/www.europesays.com\/fr\/wp-json\/wp\/v2\/comments?post=496256"}],"version-history":[{"count":0,"href":"https:\/\/www.europesays.com\/fr\/wp-json\/wp\/v2\/posts\/496256\/revisions"}],"wp:featuredmedia":[{"embeddable":true,"href":"https:\/\/www.europesays.com\/fr\/wp-json\/wp\/v2\/media\/496257"}],"wp:attachment":[{"href":"https:\/\/www.europesays.com\/fr\/wp-json\/wp\/v2\/media?parent=496256"}],"wp:term":[{"taxonomy":"category","embeddable":true,"href":"https:\/\/www.europesays.com\/fr\/wp-json\/wp\/v2\/categories?post=496256"},{"taxonomy":"post_tag","embeddable":true,"href":"https:\/\/www.europesays.com\/fr\/wp-json\/wp\/v2\/tags?post=496256"}],"curies":[{"name":"wp","href":"https:\/\/api.w.org\/{rel}","templated":true}]}}