{"id":496271,"date":"2025-10-28T21:33:11","date_gmt":"2025-10-28T21:33:11","guid":{"rendered":"https:\/\/www.europesays.com\/fr\/496271\/"},"modified":"2025-10-28T21:33:11","modified_gmt":"2025-10-28T21:33:11","slug":"marie-sinfiltre-lhumoriste-qui-ne-fait-pas-rire-quitte-france-inter-liberation","status":"publish","type":"post","link":"https:\/\/www.europesays.com\/fr\/496271\/","title":{"rendered":"Marie S\u2019Infiltre, l\u2019humoriste qui ne \u00abfait pas rire\u00bb, quitte France Inter \u2013 Lib\u00e9ration"},"content":{"rendered":"<p class=\"sc-cPiKLX AiZTS text-element\">France Inter se s\u00e9pare de l\u2019humoriste <a href=\"https:\/\/www.liberation.fr\/theatre\/2020\/02\/10\/madame-sans-gene_1777929\/\" target=\"_blank\" rel=\"noreferrer noopener\" title=\"https:\/\/www.liberation.fr\/theatre\/2020\/02\/10\/madame-sans-gene_1777929\/\">Marie S\u2019Infiltre<\/a>, Marie Benoliel de von vrai nom, l\u2019humoriste qui ne voulait pas faire rire et qui n\u2019a jamais convaincu les auditeurs avec ses billets d\u2019humeur depuis la rentr\u00e9e. \u00abApr\u00e8s nous avoir accompagn\u00e9s depuis la rentr\u00e9e, <a href=\"https:\/\/www.liberation.fr\/checknews\/2020\/02\/07\/l-humoriste-marie-s-infiltre-s-est-elle-vraiment-infiltree-au-meeting-de-villani_1777606\/\" target=\"_blank\" rel=\"noreferrer noopener\" title=\"https:\/\/www.liberation.fr\/checknews\/2020\/02\/07\/l-humoriste-marie-s-infiltre-s-est-elle-vraiment-infiltree-au-meeting-de-villani_1777606\/\">Marie S\u2019Infiltre<\/a> va se consacrer pleinement \u00e0 sa tourn\u00e9e\u00bb, explique \u00e0 Lib\u00e9ration la communication de France Inter, confirmant une information du <a href=\"https:\/\/www.leparisien.fr\/culture-loisirs\/tv\/france-inter-lhumoriste-marie-sinfiltre-deja-exfiltree-de-la-matinale-28-10-2025-5Y2MAIVBQVFLTGRPMVSARVU5RU.php\" target=\"_blank\" rel=\"noreferrer noopener\" title=\"https:\/\/www.leparisien.fr\/culture-loisirs\/tv\/france-inter-lhumoriste-marie-sinfiltre-deja-exfiltree-de-la-matinale-28-10-2025-5Y2MAIVBQVFLTGRPMVSARVU5RU.php\">Parisien<\/a>. <\/p>\n<p class=\"sc-cPiKLX AiZTS text-element\">Cette nouvelle n\u2019est pas une surprise tant les sept \u00abMasterclass culot\u00bb de la com\u00e9dienne ont provoqu\u00e9 la perplexit\u00e9 du public. Face aux critiques, Marie S\u2019Infiltre avait r\u00e9pondu sur France 5 : \u00abEt moi, je me suis dit : \u201cC\u2019est vrai, on ne rit pas.\u201d Mais parce que je ne suis pas une humoriste. Je peux parfois utiliser le comique mais je ne suis pas une humoriste, et je ne suis pas l\u00e0 pour faire rire. Je ne fais pas rire. Mon objectif n\u2019est pas de faire rire.\u00bb  <\/p>\n<p class=\"sc-cPiKLX AiZTS text-element\">La tirade ne semble pas avoir convaincu la direction de France Inter qui annonce d\u00e9sormais \u00e0 sa place un \u00abnouveau rendez-vous le lundi \u00e0 8h55 : \u201cMerci V\u00e9ro\u201d, un personnage incarn\u00e9 par <a href=\"https:\/\/www.liberation.fr\/culture\/scenes\/thomas-poitevin-le-gars-des-postiches-20210416_7D3S5MKK55FNTENPNM4GCNXLME\/\" target=\"_blank\" rel=\"noreferrer noopener\" title=\"https:\/\/www.liberation.fr\/culture\/scenes\/thomas-poitevin-le-gars-des-postiches-20210416_7D3S5MKK55FNTENPNM4GCNXLME\/\">Thomas Poitevin<\/a> qui recueillera chaque semaine des probl\u00e9matiques soulev\u00e9es par les auditeurs auxquelles il r\u00e9pondra avec humour\u00bb. Au total, Marie S\u2019Infiltre aura pass\u00e9 moins de deux mois \u00e0 l\u2019antenne. <\/p>\n","protected":false},"excerpt":{"rendered":"France Inter se s\u00e9pare de l\u2019humoriste Marie S\u2019Infiltre, Marie Benoliel de von vrai nom, l\u2019humoriste qui ne voulait&hellip;\n","protected":false},"author":2,"featured_media":496272,"comment_status":"","ping_status":"","sticky":false,"template":"","format":"standard","meta":{"footnotes":""},"categories":[2],"tags":[11,1011,27,9102,12],"class_list":{"0":"post-496271","1":"post","2":"type-post","3":"status-publish","4":"format-standard","5":"has-post-thumbnail","7":"category-actualites","8":"tag-actualites","9":"tag-fr","10":"tag-france","11":"tag-france-inter","12":"tag-news"},"share_on_mastodon":{"url":"https:\/\/pubeurope.com\/@fr\/115453939138508533","error":""},"_links":{"self":[{"href":"https:\/\/www.europesays.com\/fr\/wp-json\/wp\/v2\/posts\/496271","targetHints":{"allow":["GET"]}}],"collection":[{"href":"https:\/\/www.europesays.com\/fr\/wp-json\/wp\/v2\/posts"}],"about":[{"href":"https:\/\/www.europesays.com\/fr\/wp-json\/wp\/v2\/types\/post"}],"author":[{"embeddable":true,"href":"https:\/\/www.europesays.com\/fr\/wp-json\/wp\/v2\/users\/2"}],"replies":[{"embeddable":true,"href":"https:\/\/www.europesays.com\/fr\/wp-json\/wp\/v2\/comments?post=496271"}],"version-history":[{"count":0,"href":"https:\/\/www.europesays.com\/fr\/wp-json\/wp\/v2\/posts\/496271\/revisions"}],"wp:featuredmedia":[{"embeddable":true,"href":"https:\/\/www.europesays.com\/fr\/wp-json\/wp\/v2\/media\/496272"}],"wp:attachment":[{"href":"https:\/\/www.europesays.com\/fr\/wp-json\/wp\/v2\/media?parent=496271"}],"wp:term":[{"taxonomy":"category","embeddable":true,"href":"https:\/\/www.europesays.com\/fr\/wp-json\/wp\/v2\/categories?post=496271"},{"taxonomy":"post_tag","embeddable":true,"href":"https:\/\/www.europesays.com\/fr\/wp-json\/wp\/v2\/tags?post=496271"}],"curies":[{"name":"wp","href":"https:\/\/api.w.org\/{rel}","templated":true}]}}