{"id":496277,"date":"2025-10-28T21:36:21","date_gmt":"2025-10-28T21:36:21","guid":{"rendered":"https:\/\/www.europesays.com\/fr\/496277\/"},"modified":"2025-10-28T21:36:21","modified_gmt":"2025-10-28T21:36:21","slug":"des-pompiers-et-grdf-mobilises-dans-le-quartier-du-faubourg-des-trois-maisons-ce-que-lon-sait","status":"publish","type":"post","link":"https:\/\/www.europesays.com\/fr\/496277\/","title":{"rendered":"des pompiers et GRDF mobilis\u00e9s dans le quartier du faubourg des Trois-Maisons, ce que l&rsquo;on sait"},"content":{"rendered":"<p>            Par<br \/>\n        <strong><br \/>\n            <a href=\"https:\/\/actu.fr\/auteur\/redaction-lorraine\" title=\"Consulter tous les articles de R\u00e9daction Lorraine\" rel=\"nofollow noopener\" target=\"_blank\">R\u00e9daction Lorraine<\/a><br \/>\n        <\/strong><\/p>\n<p>        Publi\u00e9 le<\/p>\n<p>            28 oct. 2025 \u00e0 18h23<br \/>\n        ; mis \u00e0 jour le 28 oct. 2025 \u00e0 18h56    <\/p>\n<p>Des <a href=\"https:\/\/actu.fr\/tag\/pompiers\" rel=\"nofollow noopener\" target=\"_blank\">pompiers<\/a> sont mobilis\u00e9s ce mardi en fin d\u2019apr\u00e8s-midi dans le <strong>quartier du faubourg des Trois-Maisons<\/strong> \u00e0 <strong>Nancy<\/strong>. Voici ce que l\u2019on sait.<\/p>\n<p>Des odeurs d\u2019hydrocarbures dans plusieurs rues de Nancy<\/p>\n<p class=\" wall-content\">Les pompiers ont \u00e9t\u00e9 alert\u00e9s vers 17h en raison <strong>d\u2019odeurs d\u2019hydrocarbures<\/strong>, notamment de <strong>fioul<\/strong>, dans les rues suivantes : <strong>Faubourg des Trois-Maisons, rue Charles-Keller, place Jean-Lamour, rue du Chanoine-Jacob, rue Isabey<\/strong>.<\/p>\n<p class=\" wall-content\"><strong>Sept pompiers sont sur place<\/strong>, ainsi que le <strong>service hydraulique de la Ville de Nancy<\/strong> et <strong>GRDF<\/strong> (Gaz r\u00e9seau distribution France).<\/p>\n<p>L\u2019origine de la fuite identifi\u00e9e<\/p>\n<p class=\" wall-content\">L\u2019origine de la fuite a \u00e9t\u00e9 identifi\u00e9e peu apr\u00e8s 18h.\u00a0<\/p>\n<p class=\" wall-content\">Il s\u2019agit d\u2019une <strong>fuite sur une citerne<\/strong> au 107 bis rue Isabey.<\/p>\n<p>    <img   decoding=\"async\" loading=\"lazy\" src=\"https:\/\/www.europesays.com\/fr\/wp-content\/uploads\/2025\/10\/fuite-nancy-960x640.jpg\" alt=\"L'endroit de la fuite.\" width=\"960\" height=\"640\"\/><br \/>\n    L\u2019endroit de la fuite. (\u00a9Paul-Emile Bouchy \/ Lorraine Actu)Pas de risque pour la population<\/p>\n<p class=\" wall-content\">Une cuve dans la cave de l\u2019immeuble a \u00e9t\u00e9 <strong>remplie de 3 000 litres de fioul<\/strong> ce mardi en fin de matin\u00e9e. Elle va donc \u00eatre <strong>vid\u00e9e<\/strong>.<\/p>\n<p>Votre r\u00e9gion, votre actu !<\/p>\n<p>Recevez chaque jour les infos qui comptent pour vous.<\/p>\n<p>\t<a href=\"https:\/\/actu.fr\/newsletter\" class=\"ac-btn ac-btn--corner ac-btn--medium ac-btn--blue800\" rel=\"nofollow noopener\" target=\"_blank\">S&rsquo;incrire<\/a><\/p>\n<p class=\" wall-content\">Il n\u2019y a <strong>pas de risque pour la population<\/strong>.<\/p>\n<p class=\" wall-content\"><strong>Avec Paul-Emile Bouchy<\/strong><\/p>\n<p class=\" wall-content\">Personnalisez votre actualit\u00e9 en ajoutant vos villes et m\u00e9dias en favori avec <a href=\"https:\/\/moncompte.actu.fr\" title=\"D\u00e9couvez Mon Actu\" rel=\"nofollow noopener\" data-trk=\"{&quot;cta&quot;:{&quot;action&quot;:&quot;https:\\\/\\\/moncompte.actu.fr&quot;,&quot;category&quot;:&quot;mon compte&quot;,&quot;from&quot;:&quot;article footer&quot;,&quot;name&quot;:&quot;Mon actu&quot;,&quot;type&quot;:&quot;cta&quot;}}\" target=\"_blank\">Mon Actu<\/a>.<\/p>\n","protected":false},"excerpt":{"rendered":"Par R\u00e9daction Lorraine Publi\u00e9 le 28 oct. 2025 \u00e0 18h23 ; mis \u00e0 jour le 28 oct. 2025&hellip;\n","protected":false},"author":2,"featured_media":496278,"comment_status":"","ping_status":"","sticky":false,"template":"","format":"standard","meta":{"footnotes":""},"categories":[9635],"tags":[1111,11,1777,674,118,1011,27,775,1702,12,1311,25],"class_list":{"0":"post-496277","1":"post","2":"type-post","3":"status-publish","4":"format-standard","5":"has-post-thumbnail","7":"category-nancy","8":"tag-actu","9":"tag-actualites","10":"tag-eu","11":"tag-europe","12":"tag-faits-divers","13":"tag-fr","14":"tag-france","15":"tag-grand-est","16":"tag-nancy","17":"tag-news","18":"tag-pompiers","19":"tag-republique-francaise"},"share_on_mastodon":{"url":"https:\/\/pubeurope.com\/@fr\/115453950954362215","error":""},"_links":{"self":[{"href":"https:\/\/www.europesays.com\/fr\/wp-json\/wp\/v2\/posts\/496277","targetHints":{"allow":["GET"]}}],"collection":[{"href":"https:\/\/www.europesays.com\/fr\/wp-json\/wp\/v2\/posts"}],"about":[{"href":"https:\/\/www.europesays.com\/fr\/wp-json\/wp\/v2\/types\/post"}],"author":[{"embeddable":true,"href":"https:\/\/www.europesays.com\/fr\/wp-json\/wp\/v2\/users\/2"}],"replies":[{"embeddable":true,"href":"https:\/\/www.europesays.com\/fr\/wp-json\/wp\/v2\/comments?post=496277"}],"version-history":[{"count":0,"href":"https:\/\/www.europesays.com\/fr\/wp-json\/wp\/v2\/posts\/496277\/revisions"}],"wp:featuredmedia":[{"embeddable":true,"href":"https:\/\/www.europesays.com\/fr\/wp-json\/wp\/v2\/media\/496278"}],"wp:attachment":[{"href":"https:\/\/www.europesays.com\/fr\/wp-json\/wp\/v2\/media?parent=496277"}],"wp:term":[{"taxonomy":"category","embeddable":true,"href":"https:\/\/www.europesays.com\/fr\/wp-json\/wp\/v2\/categories?post=496277"},{"taxonomy":"post_tag","embeddable":true,"href":"https:\/\/www.europesays.com\/fr\/wp-json\/wp\/v2\/tags?post=496277"}],"curies":[{"name":"wp","href":"https:\/\/api.w.org\/{rel}","templated":true}]}}