{"id":496287,"date":"2025-10-28T21:42:17","date_gmt":"2025-10-28T21:42:17","guid":{"rendered":"https:\/\/www.europesays.com\/fr\/496287\/"},"modified":"2025-10-28T21:42:17","modified_gmt":"2025-10-28T21:42:17","slug":"de-maromme-a-rouen-il-se-lance-dans-une-dangereuse-course-poursuite-dans-une-voiture-volee","status":"publish","type":"post","link":"https:\/\/www.europesays.com\/fr\/496287\/","title":{"rendered":"De Maromme \u00e0 Rouen, il se lance dans une dangereuse course-poursuite dans une voiture vol\u00e9e"},"content":{"rendered":"<p>            Par<br \/>\n        <strong><br \/>\n            <a href=\"https:\/\/actu.fr\/auteur\/julien-bouteiller\" title=\"Consulter tous les articles de Julien Bouteiller\" target=\"_blank\" rel=\"noopener\">Julien Bouteiller<\/a><br \/>\n        <\/strong><\/p>\n<p>        Publi\u00e9 le<\/p>\n<p>            28 oct. 2025 \u00e0 13h43        <\/p>\n<p>Rep\u00e9r\u00e9 par les policiers, il a pris des risques pour leur \u00e9chapper. Dans la soir\u00e9e du 27\u00a0octobre 2025, un jeune chauffard s\u2019est lanc\u00e9<strong> dans une dangereuse course-poursuite<\/strong>, de <a href=\"https:\/\/actu.fr\/normandie\/maromme_76410\" target=\"_blank\" rel=\"noopener\">Maromme<\/a> \u00e0 <a href=\"https:\/\/actu.fr\/normandie\/rouen_76540\" target=\"_blank\" rel=\"noopener\">Rouen<\/a>.<\/p>\n<p>La police rep\u00e8re une voiture vol\u00e9e<\/p>\n<p class=\" wall-content\">Selon une source polici\u00e8re, peu avant minuit, une patrouille rep\u00e8re une voiture qui les interpelle <strong>route de Dieppe \u00e0 Maromme<\/strong>. \u00ab\u2009Ils disposent d\u2019une liste de v\u00e9hicules signal\u00e9s vol\u00e9s\u2009\u00bb, pr\u00e9cise notre source, <strong>et celui-ci en fait partie.<\/strong><\/p>\n<p class=\" wall-content\">Les agents font donc savoir qu\u2019ils veulent le contr\u00f4ler mais le conducteur \u00ab\u2009refuse cat\u00e9goriquement\u2009\u00bb et prend la fuite.<\/p>\n<p>Une fuite dangereuse jusqu\u2019\u00e0 Rouen<\/p>\n<p class=\" wall-content\"><strong>S\u2019ensuit une dangereuse course-poursuite<\/strong>, durant laquelle il grille un feu rouge, manque de percuter une autre voiture, puis emprunte la voie de Teor \u00e0 Rouen. \u00ab\u2009Il zigzague pour emp\u00eacher les policiers de le doubler.\u2009\u00bb<\/p>\n<p>Vid\u00e9os : en ce moment sur Actu<\/p>\n<p class=\" wall-content\">La poursuite se prolonge jusqu\u2019\u00e0 la place de la mairie, o\u00f9 des policiers ont plac\u00e9 <strong>un dispositif stop-stick<\/strong> pour mettre fin \u00e0 sa fuite. L\u00e0, il perd le contr\u00f4le mais tente une derni\u00e8re \u00e9chapp\u00e9e \u00e0 pied, rue Louis-Ricard.<\/p>\n<p class=\" wall-content\">Le jeune chauffard de 19\u00a0ans est finalement interpell\u00e9 et plac\u00e9 en garde \u00e0 vue pour refus d\u2019obtemp\u00e9rer et recel de vol. L\u2019enqu\u00eate devra d\u00e9terminer ce qu\u2019il faisait au volant de cette voiture vol\u00e9e.<\/p>\n<p>Votre r\u00e9gion, votre actu !<\/p>\n<p>Recevez chaque jour les infos qui comptent pour vous.<\/p>\n<p>\t<a href=\"https:\/\/actu.fr\/newsletter\" class=\"ac-btn ac-btn--corner ac-btn--medium ac-btn--blue800\" target=\"_blank\" rel=\"noopener\">S&rsquo;incrire<\/a><br \/>\nSuivez l\u2019actualit\u00e9 de Rouen <a href=\"https:\/\/www.whatsapp.com\/channel\/0029VaKfnf99hXF2ddApFB1D\" target=\"_blank\" rel=\"noopener\">sur notre cha\u00eene WhatsApp<\/a> et <a href=\"https:\/\/www.tiktok.com\/@76actu.fr?lang=fr\" target=\"_blank\" rel=\"noopener\">sur notre compte TikTok<\/a><\/p>\n<p class=\" wall-content\">Personnalisez votre actualit\u00e9 en ajoutant vos villes et m\u00e9dias en favori avec <a href=\"https:\/\/moncompte.actu.fr\" title=\"D\u00e9couvez Mon Actu\" rel=\"nofollow noopener\" data-trk=\"{&quot;cta&quot;:{&quot;action&quot;:&quot;https:\\\/\\\/moncompte.actu.fr&quot;,&quot;category&quot;:&quot;mon compte&quot;,&quot;from&quot;:&quot;article footer&quot;,&quot;name&quot;:&quot;Mon actu&quot;,&quot;type&quot;:&quot;cta&quot;}}\" target=\"_blank\">Mon Actu<\/a>.<\/p>\n<p>                    <script async src=\"\/\/www.tiktok.com\/embed.js\"><\/script><\/p>\n","protected":false},"excerpt":{"rendered":"Par Julien Bouteiller Publi\u00e9 le 28 oct. 2025 \u00e0 13h43 Rep\u00e9r\u00e9 par les policiers, il a pris des&hellip;\n","protected":false},"author":2,"featured_media":496288,"comment_status":"","ping_status":"","sticky":false,"template":"","format":"standard","meta":{"footnotes":""},"categories":[9587],"tags":[1111,11,1777,674,118,1011,27,12,5161,1072,2852,25,9590],"class_list":{"0":"post-496287","1":"post","2":"type-post","3":"status-publish","4":"format-standard","5":"has-post-thumbnail","7":"category-rouen","8":"tag-actu","9":"tag-actualites","10":"tag-eu","11":"tag-europe","12":"tag-faits-divers","13":"tag-fr","14":"tag-france","15":"tag-news","16":"tag-normandie","17":"tag-police","18":"tag-refus-dobtemperer","19":"tag-republique-francaise","20":"tag-rouen"},"share_on_mastodon":{"url":"https:\/\/pubeurope.com\/@fr\/115453974612486424","error":""},"_links":{"self":[{"href":"https:\/\/www.europesays.com\/fr\/wp-json\/wp\/v2\/posts\/496287","targetHints":{"allow":["GET"]}}],"collection":[{"href":"https:\/\/www.europesays.com\/fr\/wp-json\/wp\/v2\/posts"}],"about":[{"href":"https:\/\/www.europesays.com\/fr\/wp-json\/wp\/v2\/types\/post"}],"author":[{"embeddable":true,"href":"https:\/\/www.europesays.com\/fr\/wp-json\/wp\/v2\/users\/2"}],"replies":[{"embeddable":true,"href":"https:\/\/www.europesays.com\/fr\/wp-json\/wp\/v2\/comments?post=496287"}],"version-history":[{"count":0,"href":"https:\/\/www.europesays.com\/fr\/wp-json\/wp\/v2\/posts\/496287\/revisions"}],"wp:featuredmedia":[{"embeddable":true,"href":"https:\/\/www.europesays.com\/fr\/wp-json\/wp\/v2\/media\/496288"}],"wp:attachment":[{"href":"https:\/\/www.europesays.com\/fr\/wp-json\/wp\/v2\/media?parent=496287"}],"wp:term":[{"taxonomy":"category","embeddable":true,"href":"https:\/\/www.europesays.com\/fr\/wp-json\/wp\/v2\/categories?post=496287"},{"taxonomy":"post_tag","embeddable":true,"href":"https:\/\/www.europesays.com\/fr\/wp-json\/wp\/v2\/tags?post=496287"}],"curies":[{"name":"wp","href":"https:\/\/api.w.org\/{rel}","templated":true}]}}