{"id":496292,"date":"2025-10-28T21:46:16","date_gmt":"2025-10-28T21:46:16","guid":{"rendered":"https:\/\/www.europesays.com\/fr\/496292\/"},"modified":"2025-10-28T21:46:16","modified_gmt":"2025-10-28T21:46:16","slug":"ligue-2-un-vrai-match-nul-entre-le-gf38-et-guingamp-revivez-la-rencontre","status":"publish","type":"post","link":"https:\/\/www.europesays.com\/fr\/496292\/","title":{"rendered":"Ligue 2. Un vrai match nul entre le GF38 et Guingamp&#8230; Revivez la rencontre"},"content":{"rendered":"<p>C&rsquo;est fini au Stade des Alpes sous les sifflets du public. Ce match nul n&rsquo;arrange en rien les affaires du GF38 au classement qui flirte toujours avec la zone de barragiste. Grenoble n&rsquo;a plus gagn\u00e9 \u00e0 domicile depuis le 13 septembre dernier contre Dunkerque et signe un troisi\u00e8me match de suite sans victoire. Cette \u00e9quipe est sur un fil. Le prochain d\u00e9placement \u00e0 Amiens est d\u00e9j\u00e0 d\u00e9terminant pour les Grenoblois.<\/p>\n<p>\u00a0<\/p>\n<p>&#13;<br \/>\n              L.A. &#8211; &#13;<br \/>\n        &#13;<br \/>\n          Aujourd&rsquo;hui \u00e0 22:29&#13;<br \/>\n    &#13;<br \/>\n                  | mis \u00e0 jour aujourd&rsquo;hui \u00e0 22:35&#13;<br \/>\n              &#8211; Temps de lecture : &#13;<br \/>\n  &#13;<\/p>\n","protected":false},"excerpt":{"rendered":"C&rsquo;est fini au Stade des Alpes sous les sifflets du public. Ce match nul n&rsquo;arrange en rien les&hellip;\n","protected":false},"author":2,"featured_media":496293,"comment_status":"","ping_status":"","sticky":false,"template":"","format":"standard","meta":{"footnotes":""},"categories":[9566],"tags":[1111,11,2430,3545,112,113,114,1777,674,107,1701,1011,27,12637,2731,108,12636,12,25,517,1947],"class_list":{"0":"post-496292","1":"post","2":"type-post","3":"status-publish","4":"format-standard","5":"has-post-thumbnail","7":"category-grenoble","8":"tag-actu","9":"tag-actualites","10":"tag-auvergne-rhone-alpes","11":"tag-direct-sport","12":"tag-edition-grenoble-agglomeration","13":"tag-edition-gresivaudan-oisans","14":"tag-edition-voiron-saint-marcellin","15":"tag-eu","16":"tag-europe","17":"tag-fil-info","18":"tag-fil-info-sport","19":"tag-fr","20":"tag-france","21":"tag-gf38-grenoble-foot-38","22":"tag-grenoble","23":"tag-isere","24":"tag-ligue-2-football","25":"tag-news","26":"tag-republique-francaise","27":"tag-sport","28":"tag-sport-national"},"share_on_mastodon":{"url":"https:\/\/pubeurope.com\/@fr\/115453990345113644","error":""},"_links":{"self":[{"href":"https:\/\/www.europesays.com\/fr\/wp-json\/wp\/v2\/posts\/496292","targetHints":{"allow":["GET"]}}],"collection":[{"href":"https:\/\/www.europesays.com\/fr\/wp-json\/wp\/v2\/posts"}],"about":[{"href":"https:\/\/www.europesays.com\/fr\/wp-json\/wp\/v2\/types\/post"}],"author":[{"embeddable":true,"href":"https:\/\/www.europesays.com\/fr\/wp-json\/wp\/v2\/users\/2"}],"replies":[{"embeddable":true,"href":"https:\/\/www.europesays.com\/fr\/wp-json\/wp\/v2\/comments?post=496292"}],"version-history":[{"count":0,"href":"https:\/\/www.europesays.com\/fr\/wp-json\/wp\/v2\/posts\/496292\/revisions"}],"wp:featuredmedia":[{"embeddable":true,"href":"https:\/\/www.europesays.com\/fr\/wp-json\/wp\/v2\/media\/496293"}],"wp:attachment":[{"href":"https:\/\/www.europesays.com\/fr\/wp-json\/wp\/v2\/media?parent=496292"}],"wp:term":[{"taxonomy":"category","embeddable":true,"href":"https:\/\/www.europesays.com\/fr\/wp-json\/wp\/v2\/categories?post=496292"},{"taxonomy":"post_tag","embeddable":true,"href":"https:\/\/www.europesays.com\/fr\/wp-json\/wp\/v2\/tags?post=496292"}],"curies":[{"name":"wp","href":"https:\/\/api.w.org\/{rel}","templated":true}]}}