{"id":496298,"date":"2025-10-28T21:50:13","date_gmt":"2025-10-28T21:50:13","guid":{"rendered":"https:\/\/www.europesays.com\/fr\/496298\/"},"modified":"2025-10-28T21:50:13","modified_gmt":"2025-10-28T21:50:13","slug":"nos-strasbourgeois-accedent-a-letage-superieur","status":"publish","type":"post","link":"https:\/\/www.europesays.com\/fr\/496298\/","title":{"rendered":"Nos strasbourgeois acc\u00e8dent \u00e0 l&rsquo;\u00e9tage sup\u00e9rieur"},"content":{"rendered":"<p class=\"text-align-justify chapo\">Apr\u00e8s avoir r\u00e9ussie son entr\u00e9e en lice en Coupe de France sur le parquet de Chalons Reims, la SIG Strasbourg devait une nouvelle fois partir loin de ses terres pour ce 1\/16 de finale, cette fois-ci sur le terrain du BC Orchies. Ce d\u00e9placement face \u00e0 une \u00e9quipe \u00e9voluant en Nationale 1 \u00e9tait synonyme pour notre \u00e9quipe d\u2019un retard de 14 points \u00e0 rattraper \u00e0 l\u2019entre-deux, li\u00e9 \u00e0 l\u2019\u00e9cart de division des deux \u00e9quipes. Contre un adversaire surmotiv\u00e9 \u00e0 l\u2019id\u00e9e de cr\u00e9er l\u2019exploit face \u00e0 nos joueurs, c\u2019est bien la SIG Strasbourg qui s\u2019impose 73 \u00e0 66.\u00a0<\/p>\n<p class=\"titre\"><strong>LA DONNE\u00a0:<\/strong><\/p>\n<p>Pour conclure le mois d\u2019octobre sur une bonne note, coach Gailitis et ses joueurs arrivaient avec d\u00e9termination et ambition sur le terrain d\u2019Orchies. Les Alsaciens, conscients qu\u2019une mauvaise surprise n\u2019est jamais loin, arrivaient au complet face \u00e0 une \u00e9quipe d\u2019Orchies pas \u00e9pargn\u00e9e par les blessures. Et peu importe l\u2019\u00e9cart de points \u00e0 rattraper, l\u2019objectif \u00e9tait clair\u00a0: gagner pour ainsi poursuivre l\u2019aventure en Coupe de France.<br \/>\nDu c\u00f4t\u00e9 des Nordistes, ce match \u00e9tait l\u2019occasion r\u00eav\u00e9e pour triompher devant leurs supporters face \u00e0 un pensionnaire de Betclic ELITE, r\u00e9cemment finaliste en 2022 et 2024. D\u00e9j\u00e0 bien positionn\u00e9s dans le classement de Nationale 1, les Orch\u00e9siens n\u2019avaient aucune raison de ne pas tenter le hold-up face \u00e0 nos SIGmen. L\u2019ancien espoir strasbourgeois Thomas Hanquiez et ses co\u00e9quipiers le savent mieux que personne, rien n\u2019est impossible dans le basket.\u00a0<\/p>\n<p class=\"titre\"><strong>RESUME DU MATCH\u00a0:<\/strong><\/p>\n<p class=\"text-align-justify intertitre\">Q#1\u00a0: Une grosse entame de jeu et un \u00e9cart presque d\u00e9j\u00e0 rattrap\u00e9<\/p>\n<p>Le match commen\u00e7ait avec une ouverture du score rapide de notre scoreur Marcus Keene. Les deux \u00e9quipes se r\u00e9pondaient coup pour coup\u00a0: le trois points de Ben Gregg dans le corner \u00e9tait directement rendu par notre ancien joueur espoir Thomas Hanquiez (20-9, 3\u2019). Les Orch\u00e9siens qui jouaient devant leur public, parvenaient \u00e0 r\u00e9pondre \u00e0 l\u2019intensit\u00e9 donn\u00e9e par nos SIGmen. Mais la belle adresse de nos joueurs sur ce premier quart temps, caract\u00e9ris\u00e9e par un total de 17 points marqu\u00e9s en seulement six minutes, permettait \u00e0 la SIG Strasbourg de rattraper une grosse partie de son retard. <strong>Score fin du premier quart-temps 26-22\u00a0<\/strong><\/p>\n<p class=\"text-align-justify intertitre\">Q#2\u00a0: Nos SIGmen prennent les devants<\/p>\n<p>Le second quart-temps d\u00e9butait bien pour les SIGmen avec deux filoches de suite sign\u00e9es William Pfister et Mike Davis Jr. Le d\u00e9but du quart-temps \u00e9tait surtout marqu\u00e9 par le changement de leader au score, la SIG ayant totalement refait son retard (31-34, 14\u2019). La grosse intensit\u00e9 d\u00e9fensive propos\u00e9e par les rempla\u00e7ants asphyxiait les locaux qui avaient de plus en plus de mal \u00e0 trouver le chemin du panier. Le l\u00e9ger passage \u00e0 vide de notre \u00e9quipe par la suite profitait aux joueurs d\u2019Orchies qui emp\u00each\u00e8rent les Alsaciens de creuser l\u2019\u00e9cart. Mais les nombreuses pertes de balles des locaux en fin de quart-temps ne leur ont pas permis de d\u00e9marrer un r\u00e9el momentum. C\u2019est m\u00eame la SIG Strasbourg qui terminait le mieux la premi\u00e8re mi-temps, ponctu\u00e9e par un and-one de notre int\u00e9rieur Fousseyni Traor\u00e9. <strong>Score fin du second quart-temps 39-43<\/strong><\/p>\n<p class=\"intertitre\"><strong>Q#3\u00a0: Les locaux restent dans le match malgr\u00e9 la bonne d\u00e9fense strasbourgeoise<\/strong><\/p>\n<p>Le troisi\u00e8me quart temps commen\u00e7ait sur un panier de Nelly Jr Joseph . Le pivot adverse Axel Dossou \u00e9tait mis en difficult\u00e9 par la puissance de notre int\u00e9rieur nig\u00e9rian qui commen\u00e7ait fort la deuxi\u00e8me mi-temps avec sept points d\u2019affil\u00e9e. Avec quatre fautes en quatre minutes jou\u00e9es, nos SIGmen continuaient \u00e0 mettre de l\u2019agressivit\u00e9 en d\u00e9fense pour \u00e9touffer l\u2019attaque adverse. Gabe Brown en profitait en contre-attaque pour claquer un gros dunk. Strasbourg commen\u00e7ant \u00e0 creuser l\u2019\u00e9cart, le coach adverse Philippe Maucourant d\u00e9cida de prendre un temps-mort (49-59, 26\u2019). Cet arr\u00eat de jeu permettait \u00e0 coach Gailitis de mettre en place une d\u00e9fense tout-terrain. C\u00f4t\u00e9 Orchies, Thomas Hanquiez maintenait son \u00e9quipe dans le match malgr\u00e9 ses quatre fautes.<strong> Score fin du troisi\u00e8me quart-temps 53-63\u00a0<\/strong><\/p>\n<p class=\"intertitre\"><strong>Q#4\u00a0: Les SIGmen \u00e9vitent le pi\u00e8ge<\/strong><\/p>\n<p>Les SIGmen en confiance \u00e0 l\u2019entame du dernier quart-temps, c\u2019est Jahel Tr\u00e8fle qui ouvrait son compteur avec un trois points dans le corner. Les joueurs d\u2019Orchies r\u00e9pondaient par un shoot longue distance de leur arri\u00e8re Yanik Blanc. Les locaux n\u2019ayant pas encore dit leur dernier mot, les Alsaciens s\u2019en remettaient \u00e0 Nelly Joseph. La salle poussant pour son \u00e9quipe, les Orch\u00e9siens revenaient petit \u00e0 petit, obligeant \u00a0J\u0101nis Gail\u012btis \u00a0\u00e0 prendre temps-mort (62-68, 36\u2019). Le layup de Mike Davis Jr donnait de l\u2019air \u00e0 nos joueurs. Hanquiez exclu pour cinq fautes, nos SIGmen maitris\u00e8rent la fin du match pour finalement repartir avec la victoire et acc\u00e9der au prochain tour. <strong>Score final\u00a0: 66-73<\/strong><\/p>\n<p class=\"titre\">LE MATCH EN VITESSE\u00a0:<\/p>\n<p>BC Orchies \u2013 SIG Strasbourg\u00a0: 66-73<br \/>\nP\u00e9v\u00e8le Carembault Arena\u00a0: 4500 spectateurs<br \/>\nLes p\u00e9riodes\u00a0: 26-22, 13-21 (mi-temps\u00a0: 39-43), 14-20, 13-10 (Fin du match 66-73)<\/p>\n","protected":false},"excerpt":{"rendered":"Apr\u00e8s avoir r\u00e9ussie son entr\u00e9e en lice en Coupe de France sur le parquet de Chalons Reims, la&hellip;\n","protected":false},"author":2,"featured_media":496299,"comment_status":"","ping_status":"","sticky":false,"template":"","format":"standard","meta":{"footnotes":""},"categories":[2820],"tags":[1111,11,3146,1777,674,1011,27,775,3145,12,25,3144,640],"class_list":{"0":"post-496298","1":"post","2":"type-post","3":"status-publish","4":"format-standard","5":"has-post-thumbnail","7":"category-strasbourg","8":"tag-actu","9":"tag-actualites","10":"tag-betclic-elite","11":"tag-eu","12":"tag-europe","13":"tag-fr","14":"tag-france","15":"tag-grand-est","16":"tag-lnb","17":"tag-news","18":"tag-republique-francaise","19":"tag-sig","20":"tag-strasbourg"},"share_on_mastodon":{"url":"","error":""},"_links":{"self":[{"href":"https:\/\/www.europesays.com\/fr\/wp-json\/wp\/v2\/posts\/496298","targetHints":{"allow":["GET"]}}],"collection":[{"href":"https:\/\/www.europesays.com\/fr\/wp-json\/wp\/v2\/posts"}],"about":[{"href":"https:\/\/www.europesays.com\/fr\/wp-json\/wp\/v2\/types\/post"}],"author":[{"embeddable":true,"href":"https:\/\/www.europesays.com\/fr\/wp-json\/wp\/v2\/users\/2"}],"replies":[{"embeddable":true,"href":"https:\/\/www.europesays.com\/fr\/wp-json\/wp\/v2\/comments?post=496298"}],"version-history":[{"count":0,"href":"https:\/\/www.europesays.com\/fr\/wp-json\/wp\/v2\/posts\/496298\/revisions"}],"wp:featuredmedia":[{"embeddable":true,"href":"https:\/\/www.europesays.com\/fr\/wp-json\/wp\/v2\/media\/496299"}],"wp:attachment":[{"href":"https:\/\/www.europesays.com\/fr\/wp-json\/wp\/v2\/media?parent=496298"}],"wp:term":[{"taxonomy":"category","embeddable":true,"href":"https:\/\/www.europesays.com\/fr\/wp-json\/wp\/v2\/categories?post=496298"},{"taxonomy":"post_tag","embeddable":true,"href":"https:\/\/www.europesays.com\/fr\/wp-json\/wp\/v2\/tags?post=496298"}],"curies":[{"name":"wp","href":"https:\/\/api.w.org\/{rel}","templated":true}]}}