{"id":496318,"date":"2025-10-28T22:01:13","date_gmt":"2025-10-28T22:01:13","guid":{"rendered":"https:\/\/www.europesays.com\/fr\/496318\/"},"modified":"2025-10-28T22:01:13","modified_gmt":"2025-10-28T22:01:13","slug":"les-bains-du-nhow-pour-une-cuisine-dhotel-clairement-revisitee","status":"publish","type":"post","link":"https:\/\/www.europesays.com\/fr\/496318\/","title":{"rendered":"Les Bains du Nhow, pour une cuisine d\u2019h\u00f4tel clairement revisit\u00e9e"},"content":{"rendered":"<p>\tLes Bains du Nhow, pour une cuisine d\u2019h\u00f4tel clairement revisit\u00e9e &#8211; Toutma<\/p>\n<p>&#13;<br \/>\n&#13;<\/p>\n<p>&#13;<br \/>\n\t\t&#13;<\/p>\n<p>Nous utilisons des cookies pour vous garantir la meilleure exp\u00e9rience sur notre site web. Si vous continuez \u00e0 utiliser ce site, nous supposerons que vous en \u00eates satisfait.OK<\/p>\n<p>\t\t&#13;<\/p>\n","protected":false},"excerpt":{"rendered":"Les Bains du Nhow, pour une cuisine d\u2019h\u00f4tel clairement revisit\u00e9e &#8211; Toutma &#13; &#13; &#13; &#13; Nous utilisons&hellip;\n","protected":false},"author":2,"featured_media":496319,"comment_status":"","ping_status":"","sticky":false,"template":"","format":"standard","meta":{"footnotes":""},"categories":[2814],"tags":[1111,11,60439,1777,674,1011,27,61868,884,12,61869,61870,61871,882,25,60442],"class_list":{"0":"post-496318","1":"post","2":"type-post","3":"status-publish","4":"format-standard","5":"has-post-thumbnail","7":"category-marseille","8":"tag-actu","9":"tag-actualites","10":"tag-bonne-adresse-marseille","11":"tag-eu","12":"tag-europe","13":"tag-fr","14":"tag-france","15":"tag-hotel-marseille","16":"tag-marseille","17":"tag-news","18":"tag-nhow-marseille","19":"tag-ou-dejeuner-a-marseille","20":"tag-ou-diner-a-marseille","21":"tag-provence-alpes-cote-dazur","22":"tag-republique-francaise","23":"tag-restaurant-marseille"},"share_on_mastodon":{"url":"https:\/\/pubeurope.com\/@fr\/115454049309514711","error":""},"_links":{"self":[{"href":"https:\/\/www.europesays.com\/fr\/wp-json\/wp\/v2\/posts\/496318","targetHints":{"allow":["GET"]}}],"collection":[{"href":"https:\/\/www.europesays.com\/fr\/wp-json\/wp\/v2\/posts"}],"about":[{"href":"https:\/\/www.europesays.com\/fr\/wp-json\/wp\/v2\/types\/post"}],"author":[{"embeddable":true,"href":"https:\/\/www.europesays.com\/fr\/wp-json\/wp\/v2\/users\/2"}],"replies":[{"embeddable":true,"href":"https:\/\/www.europesays.com\/fr\/wp-json\/wp\/v2\/comments?post=496318"}],"version-history":[{"count":0,"href":"https:\/\/www.europesays.com\/fr\/wp-json\/wp\/v2\/posts\/496318\/revisions"}],"wp:featuredmedia":[{"embeddable":true,"href":"https:\/\/www.europesays.com\/fr\/wp-json\/wp\/v2\/media\/496319"}],"wp:attachment":[{"href":"https:\/\/www.europesays.com\/fr\/wp-json\/wp\/v2\/media?parent=496318"}],"wp:term":[{"taxonomy":"category","embeddable":true,"href":"https:\/\/www.europesays.com\/fr\/wp-json\/wp\/v2\/categories?post=496318"},{"taxonomy":"post_tag","embeddable":true,"href":"https:\/\/www.europesays.com\/fr\/wp-json\/wp\/v2\/tags?post=496318"}],"curies":[{"name":"wp","href":"https:\/\/api.w.org\/{rel}","templated":true}]}}