{"id":496326,"date":"2025-10-28T22:07:15","date_gmt":"2025-10-28T22:07:15","guid":{"rendered":"https:\/\/www.europesays.com\/fr\/496326\/"},"modified":"2025-10-28T22:07:15","modified_gmt":"2025-10-28T22:07:15","slug":"renaissance-officialise-son-soutien-a-pierre-yves-bournazel","status":"publish","type":"post","link":"https:\/\/www.europesays.com\/fr\/496326\/","title":{"rendered":"Renaissance officialise son soutien \u00e0 Pierre-Yves Bournazel"},"content":{"rendered":"<p class=\"article-p mdl\">Une scission au sein de <strong>Renaissance <\/strong>? Ce mardi 28 octobre, la commission d&rsquo;investiture du parti dirig\u00e9 depuis un an par Gabriel Attal a \u00ab\u00a0valid\u00e9 \u00e0 l&rsquo;unanimit\u00e9 moins deux voix (Aurore Berg\u00e9 et Marie Gu\u00e9venoux) le <strong>soutien \u00e0\u00a0<\/strong><a class=\"link\" href=\"https:\/\/www.rtl.fr\/actu\/politique\/pierre-yves-bournazel-est-moins-clivant-comment-rachida-dati-a-perdu-le-soutien-de-renaissance-pour-les-municipales-a-paris-7900558892\" title=\"&quot;Pierre-Yves Bournazel est moins clivant&quot; : comment Rachida Dati a perdu le soutien de Renaissance pour les municipales \u00e0 Paris\" target=\"_blank\" rel=\"noopener\">Pierre-Yves Bournazel<\/a><strong>\u00ab\u00a0<\/strong>, du parti Horizons d&rsquo;\u00c9douard Philippe.\u00a0<\/p>\n<p class=\"article-p mdl\">Lors de cette r\u00e9union, la direction de Renaissance a plaid\u00e9 pour ce <strong>\u00ab\u00a0candidat de rassemblement\u00a0\u00bb<\/strong>, \u00ab\u00a0plus clair sur la gouvernance, le projet et la r\u00e9partition\u00a0\u00bb sur les futures listes \u00e9lectorales \u00e0 composer, \u00ab\u00a0contrairement \u00e0 Dati, plut\u00f4t muette sur nos attentes\u00a0\u00bb, selon un des participants.<\/p>\n<p class=\"article-p mdl\">Mais <strong>certains au sein du parti plaidaient pour une candidature de la ministre de la Culture<\/strong>. Ainsi, le d\u00e9put\u00e9 Sylvain Maillard a annonc\u00e9 mardi qu&rsquo;il se mettait \u00ab\u00a0en retrait\u00a0\u00bb de la pr\u00e9sidence de la f\u00e9d\u00e9ration Renaissance de la capitale, ajoutant au Parisien qu&rsquo;il entendait \u00ab\u00a0jouer un r\u00f4le, \u00eatre au c\u0153ur de la campagne\u00a0\u00bb de Rachida Dati.<\/p>\n<p class=\"article-p mdl\">Partisane d&rsquo;un soutien \u00e0 cette derni\u00e8re, la ministre Aurore Berg\u00e9 a demand\u00e9 un \u00ab\u00a0engagement public\u00a0\u00bb de\u00a0<\/p>\n<p>Pierre-Yves Bournazel\u00a0qu&rsquo;il ne rallierait pas le candidat socialiste Emmanuel Gr\u00e9goire s&rsquo;il n&rsquo;\u00e9tait pas en t\u00eate au premier tour.<\/p>\n<p>            Plus de la moiti\u00e9 des places de la liste de Pierre-Yves Bournazel pour Renaissance<\/p>\n<p class=\"article-p mdl\">Ancien du parti de droite Les R\u00e9publicains, soutien d&rsquo;\u00c9douard Philippe depuis 2017, secr\u00e9taire g\u00e9n\u00e9ral d&rsquo;Horizons, Pierre-Yves Bournazel, 48 ans, devrait ainsi voir confort\u00e9e son ambition de longue date de devenir maire de Paris, apr\u00e8s une candidature \u00e0 la primaire des LR en 2014 et un ralliement \u00e0 Renaissance en 2020.<\/p>\n<p class=\"article-p mdl\"><strong>Le soutien de Renaissance est \u00ab\u00a0un signal fort, un soutien important et d\u00e9cisif\u00a0\u00bb<\/strong>, a-t-il r\u00e9agi dans un communiqu\u00e9, ajoutant tendre \u00ab\u00a0la main \u00e0 toutes les forces du changement positif\u00a0\u00bb, \u00ab\u00a0au del\u00e0 des \u00e9tiquettes politiques traditionnelles\u00a0\u00bb.<\/p>\n<p class=\"article-p mdl\"><strong>Renaissance a obtenu un peu plus de la moiti\u00e9 des places sur la liste<\/strong> conduite par le secr\u00e9taire g\u00e9n\u00e9ral d&rsquo;Horizons. Pierre-Yves Bournazel et Gabriel Attal devraient s&rsquo;afficher prochainement lors d&rsquo;un d\u00e9placement commun dans la capitale.<\/p>\n<p class=\"article-p mdl\">Rachida Dati faisait pourtant figure de candidate \u00e9vidente pour une partie des macronistes depuis son entr\u00e9e au gouvernement en 2024. L&rsquo;ex-ministre de Nicolas Sarkozy a le soutien d&rsquo;Emmanuel Macron et de son \u00e9pouse, selon plusieurs sources.<\/p>\n<p>    La r\u00e9daction vous recommande<\/p>\n<p class=\"s-newsletter__title\">\n                L\u2019actualit\u00e9 par la r\u00e9daction de RTL dans votre bo\u00eete mail.\n            <\/p>\n<p class=\"s-newsletter__subtitle\">\n                Gr\u00e2ce \u00e0 votre compte RTL abonnez-vous \u00e0 la newsletter RTL info pour suivre toute l&rsquo;actualit\u00e9 au quotidien\n            <\/p>\n<p>\n                                    Lire la suite\n                                <\/p>\n","protected":false},"excerpt":{"rendered":"Une scission au sein de Renaissance ? Ce mardi 28 octobre, la commission d&rsquo;investiture du parti dirig\u00e9 depuis&hellip;\n","protected":false},"author":2,"featured_media":496327,"comment_status":"","ping_status":"","sticky":false,"template":"","format":"standard","meta":{"footnotes":""},"categories":[1888],"tags":[1111,1928,11,1927,34756,1777,674,107,1011,27,12258,12,1926,626,1925,316,417,3370,25],"class_list":{"0":"post-496326","1":"post","2":"type-post","3":"status-publish","4":"format-standard","5":"has-post-thumbnail","7":"category-paris","8":"tag-actu","9":"tag-actu-paris","10":"tag-actualites","11":"tag-actualites-paris","12":"tag-elections-municipales-a-paris","13":"tag-eu","14":"tag-europe","15":"tag-fil-info","16":"tag-fr","17":"tag-france","18":"tag-maire-de-paris","19":"tag-news","20":"tag-news-paris","21":"tag-paris","22":"tag-paris-news","23":"tag-politique","24":"tag-rachida-dati","25":"tag-renaissance","26":"tag-republique-francaise"},"share_on_mastodon":{"url":"https:\/\/pubeurope.com\/@fr\/115454072917226521","error":""},"_links":{"self":[{"href":"https:\/\/www.europesays.com\/fr\/wp-json\/wp\/v2\/posts\/496326","targetHints":{"allow":["GET"]}}],"collection":[{"href":"https:\/\/www.europesays.com\/fr\/wp-json\/wp\/v2\/posts"}],"about":[{"href":"https:\/\/www.europesays.com\/fr\/wp-json\/wp\/v2\/types\/post"}],"author":[{"embeddable":true,"href":"https:\/\/www.europesays.com\/fr\/wp-json\/wp\/v2\/users\/2"}],"replies":[{"embeddable":true,"href":"https:\/\/www.europesays.com\/fr\/wp-json\/wp\/v2\/comments?post=496326"}],"version-history":[{"count":0,"href":"https:\/\/www.europesays.com\/fr\/wp-json\/wp\/v2\/posts\/496326\/revisions"}],"wp:featuredmedia":[{"embeddable":true,"href":"https:\/\/www.europesays.com\/fr\/wp-json\/wp\/v2\/media\/496327"}],"wp:attachment":[{"href":"https:\/\/www.europesays.com\/fr\/wp-json\/wp\/v2\/media?parent=496326"}],"wp:term":[{"taxonomy":"category","embeddable":true,"href":"https:\/\/www.europesays.com\/fr\/wp-json\/wp\/v2\/categories?post=496326"},{"taxonomy":"post_tag","embeddable":true,"href":"https:\/\/www.europesays.com\/fr\/wp-json\/wp\/v2\/tags?post=496326"}],"curies":[{"name":"wp","href":"https:\/\/api.w.org\/{rel}","templated":true}]}}